{"id":100137,"date":"2025-09-07T21:43:07","date_gmt":"2025-09-07T21:43:07","guid":{"rendered":"https:\/\/www.europesays.com\/es\/100137\/"},"modified":"2025-09-07T21:43:07","modified_gmt":"2025-09-07T21:43:07","slug":"pide-28-anos-de-carcel-por-el-robo-en-su-casa-en-un-escrito-demoledor","status":"publish","type":"post","link":"https:\/\/www.europesays.com\/es\/100137\/","title":{"rendered":"pide 28 a\u00f1os de c\u00e1rcel por el robo en su casa en un escrito demoledor"},"content":{"rendered":"<p class=\"c-paragraph\">Antonio Tejado ha sido procesado como\u00a0<a href=\"https:\/\/www.20minutos.es\/noticia\/5715055\/0\/procesan-antonio-tejado-asalto-casa-maria-del-monte\/\" rel=\"nofollow noopener\" target=\"_blank\">presunto autor intelectual del robo en casa de su t\u00eda, Mar\u00eda del Monte<\/a>,\u00a0<b><b><a href=\"https:\/\/www.20minutos.es\/tags\/personas\/antonio-tejado.html\" rel=\"nofollow noopener\" target=\"_blank\">Antonio Tejado<\/a>.\u00a0<\/b><\/b>El Juzgado de Instrucci\u00f3n n\u00famero 16 de Sevilla, que indaga el asalto y robo con violencia en el chal\u00e9 de Mar\u00eda del Monte, acord\u00f3<b>\u00a0continuar por el tr\u00e1mite del procedimiento contra el sobrino de la artista, Antonio Tejado, junto a otras diez personas<\/b>, por presuntos delitos de robo con violencia e intimidaci\u00f3n en casa habitada, detenci\u00f3n ilegal, organizaci\u00f3n criminal y lesiones.<\/p>\n<p class=\"c-paragraph\">Ahora, una nueva noticia salta en relaci\u00f3n a este caso, y es que, seg\u00fan informa El Diario de Sevilla, la abogada de la artista ha escrito una carta al juzgado en la que reitera que el robo fue posible por la informaci\u00f3n suministrada por Antonio Tejado previamente al robo, por lo que<b> pide 28 a\u00f1os y medio de prisi\u00f3n para \u00e9<\/b>l.<\/p>\n<p class=\"c-paragraph\">\u00abLa pena es muy alta y hay dos factores que influyen: uno es que hablamos de unos hechos muy graves, son cinco individuos que <b>entran por la fuerza en la vivienda, las retienen, las tienen secuestradas y las amenazan de muerte <\/b>si no abren la caja fuerte; y el segundo factor es el papel que se le atribuye desde el inicio de la investigaci\u00f3n a Antonio Tejado, como<b> autor intelectual del robo<\/b>\u00ab, detalla\u00a0Jorge Mu\u00f1oz, periodista del citado diario, a \u00a1Vaya fama!<\/p>\n<p class=\"c-paragraph\">Cabe recordar que el juzgado citaba a declarar el pasado viernes 7 de marzo a tres investigados en la causa tras haber recibido un atestado ampliatorio de la Guardia Civil sobre el asunto.<\/p>\n<p class=\"c-paragraph\">Fue, en concreto, mediante un nuevo auto emitido el pasado 11 de febrero,\u00a0<b><b>el juzgado acced\u00eda finalmente a la \u00faltima petici\u00f3n de libertad formulada por la defensa de Antonio Tejado, decretando su libertad provisional sin fianza<\/b><\/b>\u00a0aunque con medidas cautelares. Entre ellas, la prohibici\u00f3n de salida del territorio nacional, la retirada del pasaporte, la obligaci\u00f3n de comparecencia apud acta en sede judicial los d\u00edas 7 y 21 de cada mes y la prohibici\u00f3n de comunicaci\u00f3n y aproximaci\u00f3n a menos de 500 metros de las v\u00edctimas.<\/p>\n<p class=\"c-paragraph\">Previamente,\u00a0<b><b>la Fiscal\u00eda hab\u00eda mostrado su apoyo a esta petici\u00f3n de libertad provisional<\/b><\/b>, pero subordinando la medida al dep\u00f3sito de una cuant\u00eda de 100.000 euros en materia de fianza. Esta decisi\u00f3n de libertad provisional abarcaba adem\u00e1s a los otros cinco procesados que, como Tejado, estaban entonces en prisi\u00f3n provisional.<\/p>\n<p class=\"c-paragraph\">A la hora de dictar el ingreso en prisi\u00f3n de Tejado y los otros citados cinco citados inculpados, el juez instructor del caso, Juan Guti\u00e9rrez Casillas, destacaba la\u00a0<b><b>\u00abviolencia extrema\u00bb<\/b><\/b>\u00a0a la que fueron sometidas la cantante, su esposa y las dem\u00e1s personas v\u00edctimas del asalto.<\/p>\n","protected":false},"excerpt":{"rendered":"Antonio Tejado ha sido procesado como\u00a0presunto autor intelectual del robo en casa de su t\u00eda, Mar\u00eda del Monte,\u00a0Antonio&hellip;\n","protected":false},"author":2,"featured_media":100138,"comment_status":"","ping_status":"","sticky":false,"template":"","format":"standard","meta":{"footnotes":""},"categories":[174],"tags":[1247,255,146,147,25,24,256,1932,12893,34889,23,26708],"class_list":{"0":"post-100137","1":"post","2":"type-post","3":"status-publish","4":"format-standard","5":"has-post-thumbnail","7":"category-famosos","8":"tag-antonio","9":"tag-celebrities","10":"tag-entertainment","11":"tag-entretenimiento","12":"tag-es","13":"tag-espana","14":"tag-famosos","15":"tag-maria","16":"tag-monte","17":"tag-piedad","18":"tag-spain","19":"tag-tejado"},"share_on_mastodon":{"url":"","error":""},"_links":{"self":[{"href":"https:\/\/www.europesays.com\/es\/wp-json\/wp\/v2\/posts\/100137","targetHints":{"allow":["GET"]}}],"collection":[{"href":"https:\/\/www.europesays.com\/es\/wp-json\/wp\/v2\/posts"}],"about":[{"href":"https:\/\/www.europesays.com\/es\/wp-json\/wp\/v2\/types\/post"}],"author":[{"embeddable":true,"href":"https:\/\/www.europesays.com\/es\/wp-json\/wp\/v2\/users\/2"}],"replies":[{"embeddable":true,"href":"https:\/\/www.europesays.com\/es\/wp-json\/wp\/v2\/comments?post=100137"}],"version-history":[{"count":0,"href":"https:\/\/www.europesays.com\/es\/wp-json\/wp\/v2\/posts\/100137\/revisions"}],"wp:featuredmedia":[{"embeddable":true,"href":"https:\/\/www.europesays.com\/es\/wp-json\/wp\/v2\/media\/100138"}],"wp:attachment":[{"href":"https:\/\/www.europesays.com\/es\/wp-json\/wp\/v2\/media?parent=100137"}],"wp:term":[{"taxonomy":"category","embeddable":true,"href":"https:\/\/www.europesays.com\/es\/wp-json\/wp\/v2\/categories?post=100137"},{"taxonomy":"post_tag","embeddable":true,"href":"https:\/\/www.europesays.com\/es\/wp-json\/wp\/v2\/tags?post=100137"}],"curies":[{"name":"wp","href":"https:\/\/api.w.org\/{rel}","templated":true}]}}