{"id":100144,"date":"2025-09-07T21:51:07","date_gmt":"2025-09-07T21:51:07","guid":{"rendered":"https:\/\/www.europesays.com\/es\/100144\/"},"modified":"2025-09-07T21:51:07","modified_gmt":"2025-09-07T21:51:07","slug":"no-tengo-trabajo-no-tengo-ahorros","status":"publish","type":"post","link":"https:\/\/www.europesays.com\/es\/100144\/","title":{"rendered":"\u00abNo tengo trabajo, no tengo ahorros\u2026\u00bb"},"content":{"rendered":"<p class=\"voc-p\" style=\"\">Acostumbrado a vaivenes vitales de enorme magnitud, <a href=\"https:\/\/www.abc.es\/gente\/victor-sandoval-marta-riesco-ultiman-detalles-benidorm-20241010162544-nt.html\" target=\"_self\" data-voc-vtm-id=\"in-text-traffic\" title=\"V\u00edctor Sandoval\" data-mrf-link=\"www.abc.es\" rel=\"nofollow noopener\">V\u00edctor Sandoval<\/a> se encuentra ahora en uno de los m\u00e1s pronunciados, <strong>y cuesta abajo<\/strong>. Al menos es lo que ha asegurado el popular colaborador de televisi\u00f3n en una entrevista para &#8216;Semana&#8217;, donde ha desvelado que est\u00e1 \u00ab<strong>sin trabajo, sin ahorros<\/strong>\u00ab y sin muchas m\u00e1s cosas. Tampoco est\u00e1 en &#8216;No somos nadie&#8217;.<\/p>\n<p class=\"voc-p\" style=\"\">Todo el mundo conoce la volc\u00e1nica personalidad de <a href=\"https:\/\/www.abc.es\/gente\/telecinco-mananeros-colaboradores-seneros-lydia-lozano-alba-20250204111402-nt.html\" target=\"_self\" data-voc-vtm-id=\"in-text-traffic\" title=\"V\u00edctor Sandoval\" data-mrf-link=\"www.abc.es\" rel=\"nofollow noopener\">V\u00edctor Sandoval<\/a>, quien a lo largo de los a\u00f1os ha protagonizado una <strong>incontable sucesi\u00f3n de momentos escandalosos <\/strong>en televisi\u00f3n, generalmente por sus reacciones desaforadas y sus <strong>broncas con los compa\u00f1eros<\/strong>. Pero a pesar de tanta notoriedad, est\u00e1 sin trabajo. \u00ab<strong>El m\u00e1s complicado de toda mi vida<\/strong>\u00bb, ha reconocido.<\/p>\n<p class=\"voc-p\" style=\"\">\u00abEstoy sin trabajo por primera vez en mi vida y tampoco tengo vistas a tenerlo. Porque yo he podido estar sin trabajo un mes, pero sab\u00eda que luego ven\u00eda algo. <strong>Ahora no hay nada<\/strong>. Estoy sin trabajo. Absolutamente. Adem\u00e1s, yo no tengo ahorros,<strong> yo no he ganado lo que han ganado mis compa\u00f1eros<\/strong>\u00bb, ha contado a &#8216;Semana&#8217;.<\/p>\n<p>\n\u00abC\u00f3mo va a ser mi jubilaci\u00f3n\u00bb\n<\/p>\n<p class=\"voc-p\" style=\"\">Tras reconocer que <strong>siempre ha vivido \u00abal d\u00eda\u00bb<\/strong>, V\u00edctor Sandoval ha esbozado c\u00f3mo ha llegado hasta aqu\u00ed: \u00abDespu\u00e9s de Netflix, estuve ocho meses sin trabajar esperando arrancar el nuevo proyecto y <strong>fui esperando y esperando<\/strong> generando un c\u00famulo de cosas que hacen que ahora est\u00e9 la peor situaci\u00f3n de mi vida\u00bb.<\/p>\n<p class=\"voc-p\" style=\"\">V\u00edctor Sandoval ha admitido durante la entrevista que <strong>\u00abnunca\u00bb pens\u00f3 que estar\u00eda como ahora<\/strong>. Y mira que ha tenido momentos dif\u00edciles tanto en lo personal como en lo laboral. \u00abEs una situaci\u00f3n que hace tambi\u00e9n que me plantee c\u00f3mo va a ser mi jubilaci\u00f3n y me he dado cuenta de que nunca lo he pensado. <strong>Creo que en el fondo soy un artista y muchos artistas han acabado mal<\/strong>, como Gracita Morales o Lola Gaos. Nunca lo he pensado y me veo acabando como ellas, pero me da pena porque <strong>no he nacido para estar debajo de un puente<\/strong>\u00bb, ha contado en &#8216;Semana&#8217;.<\/p>\n<p class=\"voc-p\" style=\"\">A muchos les ha sorprendido que no est\u00e9 dentro del elenco de &#8216;<strong>No somos nadie<\/strong>&#8216;, de TEN, el nuevo programa del coraz\u00f3n que busca reverdecer viejos laureles. Y no est\u00e1, como ahora est\u00e1 de moda decir, <strong>porque \u00e9l no ha querido<\/strong>. \u00abMe lo ofrecieron. Pero decid\u00ed no estar. En el estreno del programa tuve que quitarlo porque <strong>me dol\u00eda verlo<\/strong> y no estar, pero hoy he vuelto a verlo y he tenido que quitarlo porque ya no me dol\u00eda, me indignaba\u00bb, ha asegurado.<\/p>\n<p>\nQuiere hacer humor\n<\/p>\n<p class=\"voc-p\" style=\"\">Lo ha quitado porque, seg\u00fan ha reconocido, ha tenido \u00ab<strong>la sensaci\u00f3n de volver a ver lo mismo<\/strong>, a gente que se cuestiona lo que otro dice porque piensa que sabe m\u00e1s que el que tiene delante\u00bb. Algo que siempre le ha reventado y que le ha llevado a protagonizar llamativos enfrentamientos en pleno directo. \u00abY t\u00fa puedes saber m\u00e1s que yo de algunas cosas y yo m\u00e1s que t\u00fa de otras. Como Matamoros, \u00e9l sabr\u00e1 de su ambiente y de sus cosas mucho m\u00e1s que yo, pero yo sabr\u00e9 mucho m\u00e1s que \u00e9l de otras cosas, pero al final lo importante es el respeto\u00bb, ha justificado.<\/p>\n<p class=\"voc-p\" style=\"\">As\u00ed que <a href=\"https:\/\/www.abc.es\/gente\/victor-sandoval-cumple-anos-mejor-momento-20240116143629-vi.html\" target=\"_self\" data-voc-vtm-id=\"in-text-traffic\" title=\"V\u00edctor Sandoval\" data-mrf-link=\"www.abc.es\" rel=\"nofollow noopener\">V\u00edctor Sandoval<\/a> ha decidido no estar \u00abporque yo soy una bomba de relojer\u00eda\u00bb y ha contado: \u00ab<strong>Yo no puedo estar ah\u00ed<\/strong>. Esto ya me pas\u00f3 con Marta Riesco, Kiko Matamoros o con David And\u00fajar y no me compensa. Y tampoco quiero lo mismo de siempre\u2026\u00bb.<\/p>\n<p class=\"voc-p\" style=\"\">\u00abY si pudieras elegir, \u00bfqu\u00e9 te gustar\u00eda hacer?\u00bb, le ha preguntado &#8216;Semana&#8217;. Y la respuesta no ha defraudado: \u00abMe encantar\u00eda hacer humor. <strong>Que la gente se r\u00eda y se lo pase bien<\/strong>. Sobre temas de sociedad, sobre temas de actualidad, sobre temas de coraz\u00f3n, pero yo no quiero llevar informaci\u00f3n. <strong>Yo quiero entretener<\/strong>\u00bb.<\/p>\n<p>Reportar un error<\/p>\n","protected":false},"excerpt":{"rendered":"Acostumbrado a vaivenes vitales de enorme magnitud, V\u00edctor Sandoval se encuentra ahora en uno de los m\u00e1s pronunciados,&hellip;\n","protected":false},"author":2,"featured_media":100145,"comment_status":"","ping_status":"","sticky":false,"template":"","format":"standard","meta":{"footnotes":""},"categories":[91],"tags":[25941,146,147,25,24,2812,946,35514,23,2752,1780],"class_list":{"0":"post-100144","1":"post","2":"type-post","3":"status-publish","4":"format-standard","5":"has-post-thumbnail","7":"category-entretenimiento","8":"tag-ahorros","9":"tag-entertainment","10":"tag-entretenimiento","11":"tag-es","12":"tag-espana","13":"tag-momento","14":"tag-peor","15":"tag-sandoval","16":"tag-spain","17":"tag-trabajo","18":"tag-victor"},"share_on_mastodon":{"url":"","error":""},"_links":{"self":[{"href":"https:\/\/www.europesays.com\/es\/wp-json\/wp\/v2\/posts\/100144","targetHints":{"allow":["GET"]}}],"collection":[{"href":"https:\/\/www.europesays.com\/es\/wp-json\/wp\/v2\/posts"}],"about":[{"href":"https:\/\/www.europesays.com\/es\/wp-json\/wp\/v2\/types\/post"}],"author":[{"embeddable":true,"href":"https:\/\/www.europesays.com\/es\/wp-json\/wp\/v2\/users\/2"}],"replies":[{"embeddable":true,"href":"https:\/\/www.europesays.com\/es\/wp-json\/wp\/v2\/comments?post=100144"}],"version-history":[{"count":0,"href":"https:\/\/www.europesays.com\/es\/wp-json\/wp\/v2\/posts\/100144\/revisions"}],"wp:featuredmedia":[{"embeddable":true,"href":"https:\/\/www.europesays.com\/es\/wp-json\/wp\/v2\/media\/100145"}],"wp:attachment":[{"href":"https:\/\/www.europesays.com\/es\/wp-json\/wp\/v2\/media?parent=100144"}],"wp:term":[{"taxonomy":"category","embeddable":true,"href":"https:\/\/www.europesays.com\/es\/wp-json\/wp\/v2\/categories?post=100144"},{"taxonomy":"post_tag","embeddable":true,"href":"https:\/\/www.europesays.com\/es\/wp-json\/wp\/v2\/tags?post=100144"}],"curies":[{"name":"wp","href":"https:\/\/api.w.org\/{rel}","templated":true}]}}