{"id":100160,"date":"2025-09-07T22:01:10","date_gmt":"2025-09-07T22:01:10","guid":{"rendered":"https:\/\/www.europesays.com\/es\/100160\/"},"modified":"2025-09-07T22:01:10","modified_gmt":"2025-09-07T22:01:10","slug":"sabalenka-rompe-el-maleficio-de-las-reinas-del-us-open","status":"publish","type":"post","link":"https:\/\/www.europesays.com\/es\/100160\/","title":{"rendered":"Sabalenka rompe el maleficio de las reinas del US Open"},"content":{"rendered":"<p><a class=\"v-mdl-ath__fig-a\" href=\"https:\/\/www.elcorreo.com\/autor\/dagoberto-escorcia-5772.html\" title=\"Dagoberto Escorcia\" rel=\"nofollow noopener\" target=\"_blank\"><br \/>\n<img decoding=\"async\" class=\"v-mdl-ath__img\" src=\"https:\/\/s1.ppllstatics.com\/comun\/img\/2014\/autor\/autor-5772-foto-1.jpeg\" alt=\"Dagoberto Escorcia\"\/><br \/>\n<\/a><\/p>\n<p class=\"v-mdl-ath__p v-mdl-ath__p--6\">\nDomingo, 7 de septiembre 2025, 00:47<\/p>\n<p class=\"v-p\">Aryna Sabalenka, 27 a\u00f1os, ha entrado en la historia del Open de Estados Unidos. Es la primera que defiende el t\u00edtulo con \u00e9xito en los \u00faltimos once a\u00f1os. La \u00faltima fue Serena Williams. La bielorrusa se coron\u00f3 ayer por segunda vez consecutiva en Nueva York y ampli\u00f3 su liderazgo en el circuito. La estadounidense Amanda Anisimova, 24 a\u00f1os y octava del mundo, se qued\u00f3 con las ganas de convertirse en la s\u00e9ptima campeona en doce a\u00f1os en estrenar corona en Flushing Meadow. Perdi\u00f3 en dos sets por 6-3 y 7-6 (3), en una hora y 34 minutos.<\/p>\n<p class=\"v-p\">Sabalenka era la favorita. Era su tercera final consecutiva de Grand Slam en la temporada. Hab\u00eda perdido las finales del Open de Australia y Roland Garros. Anisimova dominaba en los enfrentamientos particulares 6-3, siendo la \u00faltima victoria en las semifinales de Wimbledon de este a\u00f1o. Despu\u00e9s en la final recibi\u00f3 tal lecci\u00f3n por parte de Iga Swiatek que la hizo llorar cuando pronunciaba su discurso. El 6-0, 6-0 fue humillante. En cambio la derrota de ayer no lo fue. Dio la cara, resisti\u00f3, luch\u00f3 y hasta tuvo oportunidades para por lo menos forzar un tercer set. <\/p>\n<p class=\"v-p\">En cuanto gan\u00f3 el tie-break y vio que el t\u00edtulo era otra vez suyo, Sabalenka se tir\u00f3 a la pista y llor\u00f3. Era otra vez una tenista feliz. No pod\u00eda ser que esta vez el t\u00edtulo se le escapara. Hab\u00eda demostrado durante todo el torneo su poder. Un fenomenal juego, y una mentalidad ganadora. Despu\u00e9s se fue al palco donde se encontraban sus familiares y su equipo, y all\u00ed se desahog\u00f3 m\u00e1s mientras Anisimova contemplaba la escena con ojos vidriosos; unos minutos m\u00e1s tarde no aguantar\u00eda m\u00e1s y fue captada llorando su derrota. Hab\u00eda perdido su segunda final consecutiva. Pero en esta ocasi\u00f3n pod\u00eda irse sin m\u00e1s dolor que ese. El de una derrota digna. Que seguramente para ella, que so\u00f1aba con repetir el t\u00edtulo que consigui\u00f3 cuando era junior ante Coco Gauff, habr\u00eda colmado todas sus aspiraciones en este momento de su carrera.<\/p>\n<p class=\"v-p\">Como todas las finales, las dos jugadoras comenzaron con nervios. Sabalenka pronto rompi\u00f3 el servicio de su rival para ponerse 2-0 por delante. Pero a continuaci\u00f3n, Anisimova le dio la vuelta al marcador (2-3). Entonces se fue del partido. Sabalenka bord\u00f3 su juego y sum\u00f3 cuatro juegos consecutivos. Anisimova cometi\u00f3 m\u00e1s errores (15) por solo cuatro de su rival. As\u00ed no pod\u00eda ganar.<\/p>\n<p class=\"v-p\">En el segundo set, la rusa parec\u00eda haber cogido carrerilla hacia el t\u00edtulo cuando en el s\u00e9ptimo juego se puso 4-3 por delante al romper el saque de su adversaria, y mucho m\u00e1s cuando gan\u00f3 su servicio y se qued\u00f3 a un juego de la victoria. Pero entonces Anisimova reaccion\u00f3. Jugaba ante su p\u00fablico y quiso dar el resto. Forz\u00f3 el tie-break, donde no pudo con el mejor servicio de Sabalenka.<\/p>\n<p class=\"v-p\">La tenista bielorrusa se va con su cuarto &#8216;major&#8217; bajo el brazo, cinco millones de d\u00f3lares de premio y la victoria n\u00famero 100 de su carrera y 56 en lo que va de a\u00f1o.<\/p>\n<p>Comenta<\/p>\n<p>Reporta un error<\/p>\n","protected":false},"excerpt":{"rendered":"Domingo, 7 de septiembre 2025, 00:47 Aryna Sabalenka, 27 a\u00f1os, ha entrado en la historia del Open de&hellip;\n","protected":false},"author":2,"featured_media":100161,"comment_status":"","ping_status":"","sticky":false,"template":"","format":"standard","meta":{"footnotes":""},"categories":[274],"tags":[168,25,24,35518,5829,35519,105,6044,23,167,327,326],"class_list":{"0":"post-100160","1":"post","2":"type-post","3":"status-publish","4":"format-standard","5":"has-post-thumbnail","7":"category-tenis","8":"tag-deportes","9":"tag-es","10":"tag-espana","11":"tag-maleficio","12":"tag-open","13":"tag-reinas","14":"tag-rompe","15":"tag-sabalenka","16":"tag-spain","17":"tag-sports","18":"tag-tenis","19":"tag-tennis"},"share_on_mastodon":{"url":"","error":""},"_links":{"self":[{"href":"https:\/\/www.europesays.com\/es\/wp-json\/wp\/v2\/posts\/100160","targetHints":{"allow":["GET"]}}],"collection":[{"href":"https:\/\/www.europesays.com\/es\/wp-json\/wp\/v2\/posts"}],"about":[{"href":"https:\/\/www.europesays.com\/es\/wp-json\/wp\/v2\/types\/post"}],"author":[{"embeddable":true,"href":"https:\/\/www.europesays.com\/es\/wp-json\/wp\/v2\/users\/2"}],"replies":[{"embeddable":true,"href":"https:\/\/www.europesays.com\/es\/wp-json\/wp\/v2\/comments?post=100160"}],"version-history":[{"count":0,"href":"https:\/\/www.europesays.com\/es\/wp-json\/wp\/v2\/posts\/100160\/revisions"}],"wp:featuredmedia":[{"embeddable":true,"href":"https:\/\/www.europesays.com\/es\/wp-json\/wp\/v2\/media\/100161"}],"wp:attachment":[{"href":"https:\/\/www.europesays.com\/es\/wp-json\/wp\/v2\/media?parent=100160"}],"wp:term":[{"taxonomy":"category","embeddable":true,"href":"https:\/\/www.europesays.com\/es\/wp-json\/wp\/v2\/categories?post=100160"},{"taxonomy":"post_tag","embeddable":true,"href":"https:\/\/www.europesays.com\/es\/wp-json\/wp\/v2\/tags?post=100160"}],"curies":[{"name":"wp","href":"https:\/\/api.w.org\/{rel}","templated":true}]}}