{"id":100188,"date":"2025-09-07T22:19:11","date_gmt":"2025-09-07T22:19:11","guid":{"rendered":"https:\/\/www.europesays.com\/es\/100188\/"},"modified":"2025-09-07T22:19:11","modified_gmt":"2025-09-07T22:19:11","slug":"rusia-golpea-la-sede-del-gobierno-ucraniano-en-su-mayor-bombardeo-de-la-guerra","status":"publish","type":"post","link":"https:\/\/www.europesays.com\/es\/100188\/","title":{"rendered":"Rusia golpea la sede del gobierno ucraniano en su mayor bombardeo de la guerra"},"content":{"rendered":"<p>    <img src=\"https:\/\/www.europesays.com\/es\/wp-content\/uploads\/2025\/09\/1757283551_813_2025-09-07T073A383A41Z-89961965.jpg\" width=\"1024\" height=\"682\" alt=\"\" loading=\"eager\" decoding=\"sync\" fetchpriority=\"high\"\/><\/p>\n<p>            afp_tickers        <\/p>\n<p>        Este contenido fue publicado en    <\/p>\n<p>        07 septiembre 2025 &#8211; 21:45\n<\/p>\n<p>Rusia lanz\u00f3 este domingo su mayor ofensiva a\u00e9rea contra Ucrania desde que empez\u00f3 la guerra, una andanada de drones y misiles que dej\u00f3 al menos cinco muertos en distintos puntos del pa\u00eds y provoc\u00f3 un incendio en la sede del gobierno en Kiev.<\/p>\n<p>El presidente ucraniano, Volodimir Zelenski, dijo que contaba con una respuesta contundente por parte de Estados Unidos tras el ataque. En Washington, el presidente estadounidense Donald Trump, al ser preguntado por un periodista si estaba dispuesto a imponer m\u00e1s sanciones contra Rusia, respondi\u00f3: \u00abS\u00ed, lo estoy\u00bb.<\/p>\n<p>Rusia ha intensificado su ofensiva contra Ucrania desde que el presidente Vladimir Putin se reuni\u00f3 con Trump en Alaska el 15 de agosto en una cumbre en la que no se logr\u00f3 ning\u00fan avance hacia un alto el fuego.<\/p>\n<p>El ataque contra la sede del gobierno de Ucrania, un gran complejo en el coraz\u00f3n de Kiev, es el primero de este tipo en tres a\u00f1os y medio de conflicto, y Zelenski advirti\u00f3 que la arremetida solo prolongar\u00e1 la guerra.<\/p>\n<p>Un periodista de AFP vio llamas en el techo del edificio donde se re\u00fane el consejo de ministros y humo en otros puntos de la capital ucraniana.<\/p>\n<p>\u00abPor primera vez, el techo y los pisos superiores resultaron da\u00f1ados debido a un ataque enemigo\u00bb, dijo la primera ministra, Yulia Sviridenko, en Telegram.<\/p>\n<p>Sviridenko inform\u00f3 que no se registraron v\u00edctimas en el edificio. Los servicios de emergencia indicaron a primera hora de la tarde que el incendio que se hab\u00eda declarado hab\u00eda sido extinguido.<\/p>\n<p>\u00abEs importante que los aliados reaccionen de manera global a este ataque\u00bb, dijo Zelenski en su mensaje diario difundido en las redes sociales.<\/p>\n<p>\u2013 Mosc\u00fa no da se\u00f1ales de querer parar \u2013<\/p>\n<p>El ataque tambi\u00e9n da\u00f1\u00f3 varios edificios altos en la capital, reportaron los servicios de emergencia.<\/p>\n<p>Seg\u00fan la fuerza a\u00e9rea ucraniana, este ataque, con m\u00e1s de 800 drones y 13 misiles lanzados contra Ucrania, es la mayor ofensiva a\u00e9rea rusa desde que comenz\u00f3 la guerra en febrero de 2022.\u00a0<\/p>\n<p>Mosc\u00fa no da se\u00f1ales de que quiera detener su ofensiva y mantiene sus exigencias de m\u00e1s terreno ucraniano para un acuerdo de paz, condiciones que son inaceptables para Ucrania.<\/p>\n<p>Al referirse al ataque, el presidente ucraniano dijo que \u00abestas matanzas ahora, cuando la diplomacia real podr\u00eda haber comenzado hace mucho tiempo, son un crimen deliberado y una prolongaci\u00f3n de la guerra\u00bb.<\/p>\n<p>Zelenski dijo que discuti\u00f3 el ataque en una llamada con el presidente franc\u00e9s Emmanuel Macron y que Francia ayudar\u00eda a Ucrania a fortalecer su defensa.<\/p>\n<p>En un mensaje en la red social X, Macron conden\u00f3 el ataque y dijo que Rusia \u00abse encierra cada vez m\u00e1s en la l\u00f3gica de la guerra y el terror\u00bb.\u00a0<\/p>\n<p>El secretario del Tesoro de Estados Unidos, Scott Bessent, dijo a la cadena televisiva NBC que su pa\u00eds estaba listo \u00aba aumentar la presi\u00f3n sobre Rusia (\u2026) pero necesitamos que nuestros socios europeos nos sigan\u00bb.<\/p>\n<p>El primer ministro de Reino Unido, Keir Starmer, y la presidenta de la Comisi\u00f3n Europea, Ursula von der Leyen, tambi\u00e9n denunciaron el ataque.<\/p>\n<p>\u00abUna vez m\u00e1s, el Kremlin se burla de la diplomacia\u00bb, escribi\u00f3 Von der Leyen en X. Los \u00abcobardes ataques\u00bb demuestran que el presidente ruso Vladimir Putin \u00abno est\u00e1 comprometido seriamente con la paz\u00bb, indic\u00f3 Starmer en un comunicado.<\/p>\n<p>Tanto Francia como Reino Unido y otros pa\u00edses europeos se han comprometido a enviar tropas a Ucrania en el futuro en caso de que haya un acuerdo de paz con Rusia.<\/p>\n<p>\u2013 \u00a0Beb\u00e9 fallecido \u2013<\/p>\n<p>Los ataques en Kiev mataron a por lo menos dos personas: una mam\u00e1 y su beb\u00e9 de dos meses de edad, en un edificio residencial de nueve plantas en el oeste de la ciudad, dijeron fiscales locales.<\/p>\n<p>M\u00e1s de 20 personas tambi\u00e9n resultaron heridas en la capital, entre ellas una mujer embarazada que tuvo un parto prematuro despu\u00e9s del ataque y ahora lucha por su vida y la del beb\u00e9.<\/p>\n<p>En otros ataques una mujer\u00a0falleci\u00f3 el domingo por la ma\u00f1ana en Zaporiyia, en el sur, y una persona muri\u00f3 el s\u00e1bado en Sumi, una regi\u00f3n fronteriza con Rusia.\u00a0<\/p>\n<p>La quinta muerte confirmada se registr\u00f3 en Dnipropetrovsk, en el centro de Ucrania, seg\u00fan autoridades militares.<\/p>\n<p>Las fuerzas rusas ocupan ahora aproximadamente el 20% del territorio de Ucrania.<\/p>\n<p>cad\/an\/pc\/rnr\/meb\/eg<\/p>\n","protected":false},"excerpt":{"rendered":"afp_tickers Este contenido fue publicado en 07 septiembre 2025 &#8211; 21:45 Rusia lanz\u00f3 este domingo su mayor ofensiva&hellip;\n","protected":false},"author":2,"featured_media":100189,"comment_status":"","ping_status":"","sticky":false,"template":"","format":"standard","meta":{"footnotes":""},"categories":[5],"tags":[635,17,18,636,25,24,13,14,11,19,20,9,10,15,16,23,90,12,21,22],"class_list":{"0":"post-100188","1":"post","2":"type-post","3":"status-publish","4":"format-standard","5":"has-post-thumbnail","7":"category-titulares","8":"tag-armed-conflict","9":"tag-breaking-news","10":"tag-breakingnews","11":"tag-conflict","12":"tag-es","13":"tag-espana","14":"tag-featured-news","15":"tag-featurednews","16":"tag-headlines","17":"tag-latest-news","18":"tag-latestnews","19":"tag-news","20":"tag-noticias","21":"tag-noticias-destacadas","22":"tag-noticiasdestacadas","23":"tag-spain","24":"tag-ticker","25":"tag-titulares","26":"tag-ultimas-noticias","27":"tag-ultimasnoticias"},"share_on_mastodon":{"url":"","error":""},"_links":{"self":[{"href":"https:\/\/www.europesays.com\/es\/wp-json\/wp\/v2\/posts\/100188","targetHints":{"allow":["GET"]}}],"collection":[{"href":"https:\/\/www.europesays.com\/es\/wp-json\/wp\/v2\/posts"}],"about":[{"href":"https:\/\/www.europesays.com\/es\/wp-json\/wp\/v2\/types\/post"}],"author":[{"embeddable":true,"href":"https:\/\/www.europesays.com\/es\/wp-json\/wp\/v2\/users\/2"}],"replies":[{"embeddable":true,"href":"https:\/\/www.europesays.com\/es\/wp-json\/wp\/v2\/comments?post=100188"}],"version-history":[{"count":0,"href":"https:\/\/www.europesays.com\/es\/wp-json\/wp\/v2\/posts\/100188\/revisions"}],"wp:featuredmedia":[{"embeddable":true,"href":"https:\/\/www.europesays.com\/es\/wp-json\/wp\/v2\/media\/100189"}],"wp:attachment":[{"href":"https:\/\/www.europesays.com\/es\/wp-json\/wp\/v2\/media?parent=100188"}],"wp:term":[{"taxonomy":"category","embeddable":true,"href":"https:\/\/www.europesays.com\/es\/wp-json\/wp\/v2\/categories?post=100188"},{"taxonomy":"post_tag","embeddable":true,"href":"https:\/\/www.europesays.com\/es\/wp-json\/wp\/v2\/tags?post=100188"}],"curies":[{"name":"wp","href":"https:\/\/api.w.org\/{rel}","templated":true}]}}