{"id":100225,"date":"2025-09-07T22:44:06","date_gmt":"2025-09-07T22:44:06","guid":{"rendered":"https:\/\/www.europesays.com\/es\/100225\/"},"modified":"2025-09-07T22:44:06","modified_gmt":"2025-09-07T22:44:06","slug":"villena-volvio-a-brillar-con-el-toreo","status":"publish","type":"post","link":"https:\/\/www.europesays.com\/es\/100225\/","title":{"rendered":"Villena volvi\u00f3 a brillar con el toreo"},"content":{"rendered":"<p class=\"ft-text ft-helper-closenews\">Desde el a\u00f1o pasado, las fiestas de Villena ofrecen una gran variedad festiva, que tiene en los toros el plato fuerte de la tarde del d\u00eda 7 de septiembre, en las celebraciones en honor a Nuestra Se\u00f1ora de las Virtudes, patrona del municipio alicantino. Una figura veterana, Sebasti\u00e1n Castella; una revelaci\u00f3n presente, Borja Jim\u00e9nez; y un joven prometedor, Trist\u00e1n Barroso, conformaron la terna con los toros de Julio de la Puerta. Un cartel poco habitual para una plaza de toros cuyas instalaciones son pr\u00e1cticamente perfectas. <strong>Su cubierta evita los sinsabores del viento, que ayer sopl\u00f3 con fuerza en buena parte de la provincia, y da tranquilidad a los toreros.<\/strong><\/p>\n<p class=\"ft-text\">Abri\u00f3 la tarde la figura francesa de B\u00e9ziers, Sebasti\u00e1n Castella, quien, con el primero de la tarde, logr\u00f3 dibujar con su capote cuatro ver\u00f3nicas de ensue\u00f1o. M\u00e1s tarde, con la muleta, bas\u00f3 la faena en el pit\u00f3n derecho, por el que el toro ten\u00eda m\u00e1s recorrido, aunque sin decir mucho. Siempre bien colocado, Castella quiso mostrar al toro por el otro pit\u00f3n, pero fue muy complicado. Al final, <strong>una estocada trasera y desprendida, que vino precedida de un pinchazo<\/strong>, fue la r\u00fabrica a su faena.<\/p>\n<p class=\"ft-text\">Con el cuarto, el franc\u00e9s logr\u00f3 cortar la primera oreja de la tarde, y lo hizo d\u00e1ndole categor\u00eda a la expresi\u00f3n de <strong>\u00abtorero veterano\u00bb.<\/strong> Esa veteran\u00eda hizo que diera la vuelta a la tarde con una faena de poder y de profundidad a partes iguales. M\u00e1s poderoso con el toro por el pit\u00f3n derecho, y m\u00e1s profundo con pasajes de gusto y elegancia con el toreo al natural. Este fue un buen toro, que tuvo transmisi\u00f3n y un punto de exigencia. Castella lo mat\u00f3 de estocada trasera y desprendida, y, tras un golpe de descabello, cort\u00f3 una oreja de peso.<\/p>\n<p class=\"ft-text\">Llegaba a Villena Borja Jim\u00e9nez como gran figura del momento, y as\u00ed se comport\u00f3. El segundo fue un toro casta\u00f1o, bajo y humillador. El de Espartinas lo lance\u00f3 con gusto en el capote, y, m\u00e1s tarde, en la muleta se pudo ver el extraordinario momento profesional que atraviesa este torero. <strong>T\u00e9cnicamente impecable, el toro le permiti\u00f3 dibujar alg\u00fan que otro cartel de toros. <\/strong>El mal uso del estoque emborron\u00f3 la faena, que fue silenciada.<\/p>\n<p class=\"ft-text\">Con el quinto vimos algunos de los mejores instantes de la tarde, de la mano de un Borja Jim\u00e9nez que pudo hacer disfrutar al p\u00fablico con una faena muy asentada y de dominio por los dos pitones. Es verdad que el toro se fue viniendo a menos seg\u00fan crec\u00eda la exigencia del sevillano.<strong> Lo mat\u00f3 de una estocada, tras un pinchazo, y cort\u00f3 la segunda oreja de la tarde.<\/strong><\/p>\n<p class=\"ft-text\">El m\u00e1s joven de la terna era Trist\u00e1n Barroso, que vino decidido a dejar su buena impronta. No pudo mostrar mucho con el tercero, un toro sin celo y con muy pocas opciones de lucimiento. Pero lleg\u00f3 el sexto, que fue para Barroso uno de esos toros que te ponen a prueba, y Barroso la super\u00f3 con creces. Fue este un animal m\u00e1s encastado que sus hermanos, y Barroso le plante\u00f3 una faena de entrega absoluta y sin probaturas. Ya con la muleta, el trasteo tuvo mucha transmisi\u00f3n desde el inicio, y especialmente lucidos fueron los muletazos por el pit\u00f3n izquierdo. <strong>Una gran estocada puso el colof\u00f3n de oro a la faena de Barroso, que sale de Villena reforzado como un torero a tener muy en cuenta.<\/strong><\/p>\n<p data-close=\"closedContent\" class=\"subscribeHideForDisplay\">Suscr\u00edbete para seguir leyendo<\/p>\n","protected":false},"excerpt":{"rendered":"Desde el a\u00f1o pasado, las fiestas de Villena ofrecen una gran variedad festiva, que tiene en los toros&hellip;\n","protected":false},"author":2,"featured_media":100226,"comment_status":"","ping_status":"","sticky":false,"template":"","format":"standard","meta":{"footnotes":""},"categories":[277],"tags":[18209,373,168,25,24,1421,740,23,167,374,913,444,12658,24632],"class_list":{"0":"post-100225","1":"post","2":"type-post","3":"status-publish","4":"format-standard","5":"has-post-thumbnail","7":"category-toreo","8":"tag-brillar","9":"tag-bullfighting","10":"tag-deportes","11":"tag-es","12":"tag-espana","13":"tag-publico","14":"tag-puerta","15":"tag-spain","16":"tag-sports","17":"tag-toreo","18":"tag-toro","19":"tag-toros","20":"tag-villena","21":"tag-volvio"},"share_on_mastodon":{"url":"","error":""},"_links":{"self":[{"href":"https:\/\/www.europesays.com\/es\/wp-json\/wp\/v2\/posts\/100225","targetHints":{"allow":["GET"]}}],"collection":[{"href":"https:\/\/www.europesays.com\/es\/wp-json\/wp\/v2\/posts"}],"about":[{"href":"https:\/\/www.europesays.com\/es\/wp-json\/wp\/v2\/types\/post"}],"author":[{"embeddable":true,"href":"https:\/\/www.europesays.com\/es\/wp-json\/wp\/v2\/users\/2"}],"replies":[{"embeddable":true,"href":"https:\/\/www.europesays.com\/es\/wp-json\/wp\/v2\/comments?post=100225"}],"version-history":[{"count":0,"href":"https:\/\/www.europesays.com\/es\/wp-json\/wp\/v2\/posts\/100225\/revisions"}],"wp:featuredmedia":[{"embeddable":true,"href":"https:\/\/www.europesays.com\/es\/wp-json\/wp\/v2\/media\/100226"}],"wp:attachment":[{"href":"https:\/\/www.europesays.com\/es\/wp-json\/wp\/v2\/media?parent=100225"}],"wp:term":[{"taxonomy":"category","embeddable":true,"href":"https:\/\/www.europesays.com\/es\/wp-json\/wp\/v2\/categories?post=100225"},{"taxonomy":"post_tag","embeddable":true,"href":"https:\/\/www.europesays.com\/es\/wp-json\/wp\/v2\/tags?post=100225"}],"curies":[{"name":"wp","href":"https:\/\/api.w.org\/{rel}","templated":true}]}}