{"id":100272,"date":"2025-09-07T23:25:16","date_gmt":"2025-09-07T23:25:16","guid":{"rendered":"https:\/\/www.europesays.com\/es\/100272\/"},"modified":"2025-09-07T23:25:16","modified_gmt":"2025-09-07T23:25:16","slug":"la-opep-decide-aumentar-su-produccion-en-octubre-a-un-ritmo-menor","status":"publish","type":"post","link":"https:\/\/www.europesays.com\/es\/100272\/","title":{"rendered":"La OPEP+ decide aumentar su producci\u00f3n en octubre a un ritmo menor"},"content":{"rendered":"<p>Viena, (EFE).- La alianza OPEP+, liderada por Arabia Saud\u00ed y Rusia, acord\u00f3 este domingo un nuevo aumento de la producci\u00f3n de crudo para octubre, de 137.000 barriles diarios, un incremento menor a los \u00faltimos meses debido a un debilitamiento de la demanda mundial.<\/p>\n<p>\u00abAnte un panorama econ\u00f3mico global estable y unos fundamentos de mercado considerados s\u00f3lidos, reflejados en los bajos inventarios de crudo, los ocho pa\u00edses participantes decidieron aplicar un ajuste (subida) de producci\u00f3n de 137.000 barriles diarios\u00bb, inform\u00f3 la Organizaci\u00f3n de Pa\u00edses Exportadores de Petr\u00f3leo (OPEP) en un comunicado.<\/p>\n<p>Este es el s\u00e9ptimo aumento desde abril, cuando aumentaron la producci\u00f3n en 137.000 barriles diarios, despu\u00e9s sorprendieron al triplicar el incremento mensual (hasta 411.000 bd) en mayo, junio y julio, para volver a acelerarlo en agosto y septiembre (548.000 bd).<\/p>\n","protected":false},"excerpt":{"rendered":"Viena, (EFE).- La alianza OPEP+, liderada por Arabia Saud\u00ed y Rusia, acord\u00f3 este domingo un nuevo aumento de&hellip;\n","protected":false},"author":2,"featured_media":100273,"comment_status":"","ping_status":"","sticky":false,"template":"","format":"standard","meta":{"footnotes":""},"categories":[80],"tags":[82,95,94,25,24,1195,23],"class_list":{"0":"post-100272","1":"post","2":"type-post","3":"status-publish","4":"format-standard","5":"has-post-thumbnail","7":"category-economia","8":"tag-business","9":"tag-economia","10":"tag-economy","11":"tag-es","12":"tag-espana","13":"tag-petroleo","14":"tag-spain"},"share_on_mastodon":{"url":"","error":""},"_links":{"self":[{"href":"https:\/\/www.europesays.com\/es\/wp-json\/wp\/v2\/posts\/100272","targetHints":{"allow":["GET"]}}],"collection":[{"href":"https:\/\/www.europesays.com\/es\/wp-json\/wp\/v2\/posts"}],"about":[{"href":"https:\/\/www.europesays.com\/es\/wp-json\/wp\/v2\/types\/post"}],"author":[{"embeddable":true,"href":"https:\/\/www.europesays.com\/es\/wp-json\/wp\/v2\/users\/2"}],"replies":[{"embeddable":true,"href":"https:\/\/www.europesays.com\/es\/wp-json\/wp\/v2\/comments?post=100272"}],"version-history":[{"count":0,"href":"https:\/\/www.europesays.com\/es\/wp-json\/wp\/v2\/posts\/100272\/revisions"}],"wp:featuredmedia":[{"embeddable":true,"href":"https:\/\/www.europesays.com\/es\/wp-json\/wp\/v2\/media\/100273"}],"wp:attachment":[{"href":"https:\/\/www.europesays.com\/es\/wp-json\/wp\/v2\/media?parent=100272"}],"wp:term":[{"taxonomy":"category","embeddable":true,"href":"https:\/\/www.europesays.com\/es\/wp-json\/wp\/v2\/categories?post=100272"},{"taxonomy":"post_tag","embeddable":true,"href":"https:\/\/www.europesays.com\/es\/wp-json\/wp\/v2\/tags?post=100272"}],"curies":[{"name":"wp","href":"https:\/\/api.w.org\/{rel}","templated":true}]}}