{"id":100297,"date":"2025-09-07T23:41:11","date_gmt":"2025-09-07T23:41:11","guid":{"rendered":"https:\/\/www.europesays.com\/es\/100297\/"},"modified":"2025-09-07T23:41:11","modified_gmt":"2025-09-07T23:41:11","slug":"disfruta-el-verano-06-09-2025","status":"publish","type":"post","link":"https:\/\/www.europesays.com\/es\/100297\/","title":{"rendered":"Disfruta el verano 06.09.2025"},"content":{"rendered":"<p class=\"mce\">En Disfruta el verano conseguimos entrevistar a Jos\u00e9 Antonio Morante, el diestro se prepara para la Corrida Goyesca que conmemoran las Fiestas del Mot\u00edn en Aranjuez. Adem\u00e1s, disfrutamos del ambiente de fiesta en el municipio.<\/p>\n<p class=\"mce\">Vivimos un desah\u00edje de becerros en Colmenar Viejo junto a \u00abEl ganadero rom\u00e1ntico\u00bb, probamos el Rib-Eye, acudimos a la procesi\u00f3n de la Virgen de Covadonga por Manuel Becerra, iniciamos nuestra ruta por el Valle de la Barranca, a los pies de la Maliciosa&#8230;<\/p>\n<p class=\"mce\">Y, gracias a la magia virtual del programa, conocemos el origen de la hidrograf\u00eda madrile\u00f1a.<\/p>\n","protected":false},"excerpt":{"rendered":"En Disfruta el verano conseguimos entrevistar a Jos\u00e9 Antonio Morante, el diestro se prepara para la Corrida Goyesca&hellip;\n","protected":false},"author":2,"featured_media":100298,"comment_status":"","ping_status":"","sticky":false,"template":"","format":"standard","meta":{"footnotes":""},"categories":[171],"tags":[146,147,25,24,5727,5729,5728,23,5726,214,5730],"class_list":{"0":"post-100297","1":"post","2":"type-post","3":"status-publish","4":"format-standard","5":"has-post-thumbnail","7":"category-tv","8":"tag-entertainment","9":"tag-entretenimiento","10":"tag-es","11":"tag-espana","12":"tag-programacion-a-la-carta","13":"tag-programas-telemadrid","14":"tag-programas-television","15":"tag-spain","16":"tag-telemadrid-a-la-carta","17":"tag-tv","18":"tag-vod"},"share_on_mastodon":{"url":"","error":""},"_links":{"self":[{"href":"https:\/\/www.europesays.com\/es\/wp-json\/wp\/v2\/posts\/100297","targetHints":{"allow":["GET"]}}],"collection":[{"href":"https:\/\/www.europesays.com\/es\/wp-json\/wp\/v2\/posts"}],"about":[{"href":"https:\/\/www.europesays.com\/es\/wp-json\/wp\/v2\/types\/post"}],"author":[{"embeddable":true,"href":"https:\/\/www.europesays.com\/es\/wp-json\/wp\/v2\/users\/2"}],"replies":[{"embeddable":true,"href":"https:\/\/www.europesays.com\/es\/wp-json\/wp\/v2\/comments?post=100297"}],"version-history":[{"count":0,"href":"https:\/\/www.europesays.com\/es\/wp-json\/wp\/v2\/posts\/100297\/revisions"}],"wp:featuredmedia":[{"embeddable":true,"href":"https:\/\/www.europesays.com\/es\/wp-json\/wp\/v2\/media\/100298"}],"wp:attachment":[{"href":"https:\/\/www.europesays.com\/es\/wp-json\/wp\/v2\/media?parent=100297"}],"wp:term":[{"taxonomy":"category","embeddable":true,"href":"https:\/\/www.europesays.com\/es\/wp-json\/wp\/v2\/categories?post=100297"},{"taxonomy":"post_tag","embeddable":true,"href":"https:\/\/www.europesays.com\/es\/wp-json\/wp\/v2\/tags?post=100297"}],"curies":[{"name":"wp","href":"https:\/\/api.w.org\/{rel}","templated":true}]}}