{"id":100351,"date":"2025-09-08T00:21:09","date_gmt":"2025-09-08T00:21:09","guid":{"rendered":"https:\/\/www.europesays.com\/es\/100351\/"},"modified":"2025-09-08T00:21:09","modified_gmt":"2025-09-08T00:21:09","slug":"max-verstappen-da-la-cara-y-ajusto-su-tercera-victoria-del-ano-tras-imponerse-de-forma-magistral-en-el-gran-premio-de-italia-de-formula-1","status":"publish","type":"post","link":"https:\/\/www.europesays.com\/es\/100351\/","title":{"rendered":"Max Verstappen da la cara y ajust\u00f3 su tercera victoria del a\u00f1o tras imponerse de forma magistral en el Gran Premio de Italia de F\u00f3rmula 1"},"content":{"rendered":"<p><b>Max Verstappen <\/b>(Red Bull) gan\u00f3 e<b>l Gran Premio de Italia de F\u00f3rmula 1<\/b>, disputado este domingo en el circuito de<b> Monza<\/b>, por delante de los dos <b>McLaren <\/b>del ingl\u00e9s<b> Lando Norris<\/b> y del australiano <b>Oscar Piastri<\/b>, que se mantiene l\u00edder del Mundial.<\/p>\n<p>En la c\u00e9lebre pista de Monza, muy cerca de la sede de la m\u00edtica Scuderia, los<b> Ferrari de Charles Leclerc y de Lewis Hamilton<\/b> acabaron en la cuarta y la sexta plaza.<\/p>\n<p>Max Verstappen gan\u00f3 en Italia y Oscar Piastri sigue de l\u00edder de la F\u00f3rmula 1<\/p>\n<p><b>\u201cEs la tercera victoria esta temporada para el tetracampe\u00f3n del mundo (luego de Jap\u00f3n y Emilia-Roma\u00f1a)<\/b> y Verstappen pone as\u00ed fin a una racha de cinco victorias consecutivas de McLaren. Pese a la victoria, las posibilidades de revalidar el t\u00edtulo para Verstappen son \u00ednfimas\u201d, indic\u00f3 la agencia AFP.<\/p>\n<p class=\"c-cuerpo__media__txt\">Max Verstappen gana GP de Italia. Foto:EFE<\/p>\n<p>Y agreg\u00f3:<b> \u201cA falta de ocho carreras para el final de la temporada, el neerland\u00e9s suma 230 puntos en la clasificaci\u00f3n del Mundial<\/b> y sigue estando muy lejos de Piastri, l\u00edder con 324 unidades, 31 m\u00e1s que su compa\u00f1ero Norris. En Monza se vivi\u00f3 una carrera bastante ins\u00edpida, ya que los cinco primeros clasificados en la parrilla de salida acabaron en esas mismas posiciones, sin cambios\u201d.<\/p>\n<p><b>AFP Indic\u00f3 que ni siquiera la posibilidad de ver a un Ferrari subir al podio dio emoci\u00f3n a la carrera,<\/b> ya que el monegasco Leclerc acab\u00f3 a m\u00e1s de cuatro segundos de Piastri. Los tifosi de Ferrari, que coparon las gradas de \u201csu\u201d circuito, s\u00ed vibraron al comienzo de la carrera, cuando Hamilton, con una gran remontada, pas\u00f3 del d\u00e9cimo puesto de la parrilla (cumpliendo una sanci\u00f3n de cinco puestos) al sexto, pero el siete veces campe\u00f3n del mundo no pudo hacer m\u00e1s y se qued\u00f3 tras su excompa\u00f1ero en Mercedes George Russell.<\/p>\n<p class=\"c-cuerpo__media__txt\">Max Verstappen gana GP de Italia.\u00a0 Foto:AFP<\/p>\n<p>La agencia inform\u00f3 que el tailand\u00e9s <b>Alexander Albon (Williams), el brasile\u00f1o Gabriel Bortoleto (Sauber)<\/b>, el italiano Andrea Kimi Antonelli (Mercedes) y el franc\u00e9s Isack Hadjar (Racing Bulls) completaron el Top 10.<\/p>\n<p class=\"c-cuerpo__media__txt\">Oscar Piastri Foto:AFP<\/p>\n<p><b>\u201cEl espa\u00f1ol Carlos Sainz (Williams) estuvo cerca de entrar en los puntos (11\u00ba) <\/b>y su veterano compatriota Fernando Alonso abandon\u00f3 por problemas mec\u00e1nicos en su Aston Martin. El argentino Franco Colapinto sigue sin encontrar la manera de domar su Alpine y finaliz\u00f3 en la 1plaza 16\u201d, indic\u00f3 AFP.\u00a0<\/p>\n<p>Clasificaciones de la F\u00f3rmula\u00a0 1 tras el Gran Premio de Italia<\/p>\n<p><b>Clasificaciones<\/b><\/p>\n<p><b>GP de Italia<\/b><\/p>\n<ul>\n<li>1. Max Verstappen 1 h 13 min 24.325 mil<\/li>\n<\/ul>\n<p><b>General de pilotos<\/b><\/p>\n<p><b>Constructores<\/b><\/p>\n<ul>\n<li>1. McLaren-Mercedes 617 pts<\/li>\n<\/ul>\n<p class=\"c-cuerpo__media__txt\">Max Verstappen Foto:AFP<\/p>\n","protected":false},"excerpt":{"rendered":"Max Verstappen (Red Bull) gan\u00f3 el Gran Premio de Italia de F\u00f3rmula 1, disputado este domingo en el&hellip;\n","protected":false},"author":2,"featured_media":100352,"comment_status":"","ping_status":"","sticky":false,"template":"","format":"standard","meta":{"footnotes":""},"categories":[270],"tags":[2608,7164,168,25,24,306,271,272,1783,2291,23,167,1788],"class_list":{"0":"post-100351","1":"post","2":"type-post","3":"status-publish","4":"format-standard","5":"has-post-thumbnail","7":"category-formula-1","8":"tag-cara","9":"tag-da","10":"tag-deportes","11":"tag-es","12":"tag-espana","13":"tag-f1","14":"tag-formula-1","15":"tag-formula1","16":"tag-la","17":"tag-max","18":"tag-spain","19":"tag-sports","20":"tag-verstappen"},"share_on_mastodon":{"url":"","error":""},"_links":{"self":[{"href":"https:\/\/www.europesays.com\/es\/wp-json\/wp\/v2\/posts\/100351","targetHints":{"allow":["GET"]}}],"collection":[{"href":"https:\/\/www.europesays.com\/es\/wp-json\/wp\/v2\/posts"}],"about":[{"href":"https:\/\/www.europesays.com\/es\/wp-json\/wp\/v2\/types\/post"}],"author":[{"embeddable":true,"href":"https:\/\/www.europesays.com\/es\/wp-json\/wp\/v2\/users\/2"}],"replies":[{"embeddable":true,"href":"https:\/\/www.europesays.com\/es\/wp-json\/wp\/v2\/comments?post=100351"}],"version-history":[{"count":0,"href":"https:\/\/www.europesays.com\/es\/wp-json\/wp\/v2\/posts\/100351\/revisions"}],"wp:featuredmedia":[{"embeddable":true,"href":"https:\/\/www.europesays.com\/es\/wp-json\/wp\/v2\/media\/100352"}],"wp:attachment":[{"href":"https:\/\/www.europesays.com\/es\/wp-json\/wp\/v2\/media?parent=100351"}],"wp:term":[{"taxonomy":"category","embeddable":true,"href":"https:\/\/www.europesays.com\/es\/wp-json\/wp\/v2\/categories?post=100351"},{"taxonomy":"post_tag","embeddable":true,"href":"https:\/\/www.europesays.com\/es\/wp-json\/wp\/v2\/tags?post=100351"}],"curies":[{"name":"wp","href":"https:\/\/api.w.org\/{rel}","templated":true}]}}