{"id":100395,"date":"2025-09-08T01:06:06","date_gmt":"2025-09-08T01:06:06","guid":{"rendered":"https:\/\/www.europesays.com\/es\/100395\/"},"modified":"2025-09-08T01:06:06","modified_gmt":"2025-09-08T01:06:06","slug":"vuelta-a-espana-2025-video-final-15a-etapa-ganador-resultado-y-clasificacion-general-victoria-de-mads-pedersen-y-jonas-vingegaard-sigue-lider-ciclismo-video","status":"publish","type":"post","link":"https:\/\/www.europesays.com\/es\/100395\/","title":{"rendered":"Vuelta a Espa\u00f1a 2025 | V\u00eddeo final 15\u00aa etapa, ganador, resultado y clasificaci\u00f3n general &#8211; Victoria de Mads Pedersen y Jonas Vingegaard sigue l\u00edder &#8211; Ciclismo v\u00eddeo"},"content":{"rendered":"<p class=\"caption-s5-fx md:caption-s4-fx lg:caption-s3-fx text-onLight-02\" data-testid=\"watchvideo-description-subtitle\">Mads Pedersen (Lidl-Trek) se llev\u00f3 la victoria en la 15\u00aa etapa de la Vuelta a Espa\u00f1a 2025 con final en Monforte de Lemos. El maillot verde resolvi\u00f3 la fuga a la perfecci\u00f3n y se impuso con poder\u00edo en un esprint reducido por delante de Orluis Aular, con otro segundo puesto para el equipo Movistar. El grupo de los favoritos lleg\u00f3 a m\u00e1s de 10 minutos y Jonas Vingegaard contin\u00faa l\u00edder de la general.<\/p>\n","protected":false},"excerpt":{"rendered":"Mads Pedersen (Lidl-Trek) se llev\u00f3 la victoria en la 15\u00aa etapa de la Vuelta a Espa\u00f1a 2025 con&hellip;\n","protected":false},"author":2,"featured_media":100396,"comment_status":"","ping_status":"","sticky":false,"template":"","format":"standard","meta":{"footnotes":""},"categories":[273],"tags":[313,312,168,25,24,23,167],"class_list":{"0":"post-100395","1":"post","2":"type-post","3":"status-publish","4":"format-standard","5":"has-post-thumbnail","7":"category-ciclismo","8":"tag-ciclismo","9":"tag-cycling","10":"tag-deportes","11":"tag-es","12":"tag-espana","13":"tag-spain","14":"tag-sports"},"share_on_mastodon":{"url":"","error":""},"_links":{"self":[{"href":"https:\/\/www.europesays.com\/es\/wp-json\/wp\/v2\/posts\/100395","targetHints":{"allow":["GET"]}}],"collection":[{"href":"https:\/\/www.europesays.com\/es\/wp-json\/wp\/v2\/posts"}],"about":[{"href":"https:\/\/www.europesays.com\/es\/wp-json\/wp\/v2\/types\/post"}],"author":[{"embeddable":true,"href":"https:\/\/www.europesays.com\/es\/wp-json\/wp\/v2\/users\/2"}],"replies":[{"embeddable":true,"href":"https:\/\/www.europesays.com\/es\/wp-json\/wp\/v2\/comments?post=100395"}],"version-history":[{"count":0,"href":"https:\/\/www.europesays.com\/es\/wp-json\/wp\/v2\/posts\/100395\/revisions"}],"wp:featuredmedia":[{"embeddable":true,"href":"https:\/\/www.europesays.com\/es\/wp-json\/wp\/v2\/media\/100396"}],"wp:attachment":[{"href":"https:\/\/www.europesays.com\/es\/wp-json\/wp\/v2\/media?parent=100395"}],"wp:term":[{"taxonomy":"category","embeddable":true,"href":"https:\/\/www.europesays.com\/es\/wp-json\/wp\/v2\/categories?post=100395"},{"taxonomy":"post_tag","embeddable":true,"href":"https:\/\/www.europesays.com\/es\/wp-json\/wp\/v2\/tags?post=100395"}],"curies":[{"name":"wp","href":"https:\/\/api.w.org\/{rel}","templated":true}]}}