{"id":100488,"date":"2025-09-08T02:38:10","date_gmt":"2025-09-08T02:38:10","guid":{"rendered":"https:\/\/www.europesays.com\/es\/100488\/"},"modified":"2025-09-08T02:38:10","modified_gmt":"2025-09-08T02:38:10","slug":"el-movistar-academy-toma-forma-para-2026-con-al-menos-nueve-juveniles","status":"publish","type":"post","link":"https:\/\/www.europesays.com\/es\/100488\/","title":{"rendered":"El Movistar Academy toma forma para 2026, con al menos nueve juveniles"},"content":{"rendered":"<p>\n<strong>Movistar Team<\/strong> le va dando forma al <strong>Movistar Team Academy<\/strong>, su equipo de desarrollo que ser\u00e1 realidad<strong> en 2026.<\/strong> Eusebio<strong> Unzu\u00e9 recupera una estructura de desarrollo un cuarto de siglo despu\u00e9s de liquidar el Banesto amateur.<\/strong> La formaci\u00f3n tendr\u00e1 entre <strong>12 y 14 corredores, con mayor\u00eda de juveniles. <\/strong>Los<strong>  directores <\/strong>deportivos ser\u00e1n <strong>Manu Mateo, <\/strong>ex director t\u00e9cnico de la RFEC, y<strong> H\u00e9ctor Carretero,<\/strong> ex Movistar y Kern Pharma.<\/p>\n<p>Los corredores juveniles que  se incorporan al proyecto son: <strong>Markel Aranaz<\/strong>  (18 a\u00f1os), <strong>\u00c1lvaro Sansano<\/strong>\u00a0(17) y<strong> Javier Cubillas<\/strong> (18) los tres del Baqu\u00e9-Movistar; <strong>Ibai Villate<\/strong> (Alimpro, 18) y<strong> Eric Igua<\/strong>l (Picusa,18). El<strong> resto de juveniles ser\u00e1n extranjeros<\/strong>. El checo <strong>Filip Novak<\/strong> (Ciclistica Trevigliese, 17), el brit\u00e1nico<strong> Lucas Jackson<\/strong> (17), que ha competido sobre todo en Espa\u00f1a y dos italianos,<strong> Daniele Forlin <\/strong>(Nordest, 17) y <strong>Mattia Proiett<\/strong> (Franco Ballerini, 17).<\/p>\n<p>Aunque la mayor\u00eda de los corredores ser\u00e1n juveniles, tambi\u00e9n hay un grupito de amateurs de calidad.<strong> Tom\u00e1s Pombo<\/strong> (Cortizo, 19 a\u00f1os y 4 victorias esta campa\u00f1a), el colombiano <strong>Jonathan Guatibonza<\/strong> (Nu Colombia, 21) y <strong>Roger Pareta,<\/strong> del Finisher navarro.<\/p>\n","protected":false},"excerpt":{"rendered":"Movistar Team le va dando forma al Movistar Team Academy, su equipo de desarrollo que ser\u00e1 realidad en&hellip;\n","protected":false},"author":2,"featured_media":100489,"comment_status":"","ping_status":"","sticky":false,"template":"","format":"standard","meta":{"footnotes":""},"categories":[273],"tags":[17766,313,312,168,158,25,24,1142,303,23,167,4350],"class_list":{"0":"post-100488","1":"post","2":"type-post","3":"status-publish","4":"format-standard","5":"has-post-thumbnail","7":"category-ciclismo","8":"tag-academy","9":"tag-ciclismo","10":"tag-cycling","11":"tag-deportes","12":"tag-el","13":"tag-es","14":"tag-espana","15":"tag-forma","16":"tag-movistar","17":"tag-spain","18":"tag-sports","19":"tag-toma"},"share_on_mastodon":{"url":"","error":""},"_links":{"self":[{"href":"https:\/\/www.europesays.com\/es\/wp-json\/wp\/v2\/posts\/100488","targetHints":{"allow":["GET"]}}],"collection":[{"href":"https:\/\/www.europesays.com\/es\/wp-json\/wp\/v2\/posts"}],"about":[{"href":"https:\/\/www.europesays.com\/es\/wp-json\/wp\/v2\/types\/post"}],"author":[{"embeddable":true,"href":"https:\/\/www.europesays.com\/es\/wp-json\/wp\/v2\/users\/2"}],"replies":[{"embeddable":true,"href":"https:\/\/www.europesays.com\/es\/wp-json\/wp\/v2\/comments?post=100488"}],"version-history":[{"count":0,"href":"https:\/\/www.europesays.com\/es\/wp-json\/wp\/v2\/posts\/100488\/revisions"}],"wp:featuredmedia":[{"embeddable":true,"href":"https:\/\/www.europesays.com\/es\/wp-json\/wp\/v2\/media\/100489"}],"wp:attachment":[{"href":"https:\/\/www.europesays.com\/es\/wp-json\/wp\/v2\/media?parent=100488"}],"wp:term":[{"taxonomy":"category","embeddable":true,"href":"https:\/\/www.europesays.com\/es\/wp-json\/wp\/v2\/categories?post=100488"},{"taxonomy":"post_tag","embeddable":true,"href":"https:\/\/www.europesays.com\/es\/wp-json\/wp\/v2\/tags?post=100488"}],"curies":[{"name":"wp","href":"https:\/\/api.w.org\/{rel}","templated":true}]}}