{"id":100496,"date":"2025-09-08T02:42:07","date_gmt":"2025-09-08T02:42:07","guid":{"rendered":"https:\/\/www.europesays.com\/es\/100496\/"},"modified":"2025-09-08T02:42:07","modified_gmt":"2025-09-08T02:42:07","slug":"es-algo-que-necesitan-hacer-para-poder-encontrarse-a-si-mismos","status":"publish","type":"post","link":"https:\/\/www.europesays.com\/es\/100496\/","title":{"rendered":"Es algo que necesitan hacer para poder encontrarse a s\u00ed mismos"},"content":{"rendered":"<p data-journey-content=\"true\" data-node-id=\"0\" class=\"body-dropcap css-16svq0q emevuu60\">Javier Bardem ha aprendido muy bien a separar su vida privada de la p\u00fablica y siempre se ha mostrado muy celoso de su intimidad. Sin embargo, en los \u00faltimos meses no ha tenido reparos en mostrarse tal y como es <a href=\"https:\/\/www.harpersbazaar.com\/es\/famosas\/el-estilo-de\/a64685262\/javier-bardem-persona-inspira-vida-entrevista-capacidad\/\" target=\"_blank\" data-vars-ga-outbound-link=\"https:\/\/www.harpersbazaar.com\/es\/famosas\/el-estilo-de\/a64685262\/javier-bardem-persona-inspira-vida-entrevista-capacidad\/\" data-vars-ga-ux-element=\"Hyperlink\" data-vars-ga-call-to-action=\"en las distancias cortas\" data-node-id=\"0.1\" class=\"body-link css-156jt4g emevuu60\" rel=\"nofollow noopener\">en las distancias cortas<\/a>. \u00ab<strong data-node-id=\"0.3\">Hablo de cosas muy mundanas, de la familia, de los hijos, de los colegios, de los m\u00e9dicos, de las extraescolares, de los tiempos&#8230;<\/strong>\u00ab, confes\u00f3 la pasada primavera en el podcast En clave de Rhodes. <\/p>\n<p data-journey-content=\"true\" data-node-id=\"1\" class=\"css-i9p093 emevuu60\">En esa misma l\u00ednea se manifest\u00f3 el int\u00e9rprete pocas semanas despu\u00e9s en el peri\u00f3dico The New York Times, donde se abri\u00f3 por completo lleg\u00f3 incluso a desvelar los comienzos de su relaci\u00f3n con Pen\u00e9lope Cruz y en qu\u00e9 momento decidieron <a href=\"https:\/\/www.harpersbazaar.com\/es\/famosas\/el-estilo-de\/a65084898\/javier-bardem-hijos-penelope-cruz-momento-capaz-entender-dimension\/\" target=\"_blank\" data-vars-ga-outbound-link=\"https:\/\/www.harpersbazaar.com\/es\/famosas\/el-estilo-de\/a65084898\/javier-bardem-hijos-penelope-cruz-momento-capaz-entender-dimension\/\" data-vars-ga-ux-element=\"Hyperlink\" data-vars-ga-call-to-action=\"formar una familia\" data-node-id=\"1.1\" class=\"body-link css-156jt4g emevuu60\" rel=\"nofollow noopener\">formar una familia<\/a>. \u00abNunca me sent\u00ed presionado. Nunca sent\u00ed la obligaci\u00f3n de hacerlo. Y gracias a Dios, sucedi\u00f3. <strong data-node-id=\"1.3\">Es incre\u00edble c\u00f3mo no recuerdo mi vida antes de tener hijos\u00bb<\/strong>, se\u00f1al\u00f3 el actor, quien dio junto a la actriz la bienvenida a sus hijos Leo y Luna hace 13 y 11 a\u00f1os respectivamente. <\/p>\n<p><img draggable=\"true\" alt=\"penelope cruz y javier bardem\" title=\"Penelope Cruz y Javier Bardem\" loading=\"lazy\" width=\"1920\" height=\"1280\" decoding=\"async\" data-nimg=\"1\" style=\"color:transparent;width:100%;height:auto;\"   src=\"https:\/\/www.europesays.com\/es\/wp-content\/uploads\/2025\/09\/penelope-cruz-javier-bardem-musical-juntos-1641981658.jpg\" class=\"css-0 e1g79fud0\"\/><\/p>\n<p>Laurent KOFFEL<\/p>\n<p data-journey-content=\"true\" data-node-id=\"3\" class=\"css-i9p093 emevuu60\">\u00abSon buenas personas, tienen un gran coraz\u00f3n y eso es lo que importa\u00bb, dijo Javier Bardem sobre sus hijos en el programa <a href=\"https:\/\/www.youtube.com\/watch?v=604RiKxEWDM\" target=\"_blank\" rel=\"nofollow noopener\" data-vars-ga-outbound-link=\"https:\/\/www.youtube.com\/watch?v=604RiKxEWDM\" data-vars-ga-ux-element=\"Hyperlink\" data-vars-ga-call-to-action=\"The View\" data-node-id=\"3.1.0\" class=\"body-link css-156jt4g emevuu60\">The View<\/a>, donde reflexion\u00f3 sobre c\u00f3mo est\u00e1 afrontando \u00e9l el hecho de que ellos est\u00e9n entrando en una etapa tan compleja como es la adolescencia. \u00abSupongo que cada edad es diferente y, supongo que esta se trata de realmente acompa\u00f1arlos tanto como puedas y <strong data-node-id=\"3.3\">hacer que se sientan vistos, escuchados y comprendidos<\/strong> y, al mismo tiempo, poder darles el espacio que necesitan y no tom\u00e1rselo demasiado personal cuando te confrontan porque es algo que necesitan hacer para poder encontrarse a s\u00ed mismos, porque te confrontar\u00e1n, por supuesto, como todos lo hacemos con nuestros padres\u00bb, explic\u00f3.  <\/p>\n<p><img draggable=\"true\" alt=\"the view 6\/16\/25 javier bardem is a guest on the view airing on monday, june 16, 2025. the view airs monday friday, 11am 12 noon et on abc. (abc\/lou rocco) javier bardem (photo by lou rocco\/american broadcasting companies, inc. via getty images)\" title=\"JAVIER BARDEM\" loading=\"lazy\" width=\"4297\" height=\"2865\" decoding=\"async\" data-nimg=\"1\" style=\"color:transparent;width:100%;height:auto;\"   src=\"https:\/\/www.europesays.com\/es\/wp-content\/uploads\/2025\/09\/gettyimages-2221649184-6891c8b1e0c82.jpeg\" class=\"css-0 e1g79fud0\"\/><\/p>\n<p>Lou Rocco<\/p>\n<p data-journey-content=\"true\" data-node-id=\"6\" class=\"css-i9p093 emevuu60\">En el mencionado espacio televisivo presentado por <a href=\"https:\/\/www.harpersbazaar.com\/es\/famosas\/el-estilo-de\/a65433167\/whoppi-goldberg-relacion-patrick-swayze-conocimos-empezamos-reirnos-conexion\/\" target=\"_blank\" data-vars-ga-outbound-link=\"https:\/\/www.harpersbazaar.com\/es\/famosas\/el-estilo-de\/a65433167\/whoppi-goldberg-relacion-patrick-swayze-conocimos-empezamos-reirnos-conexion\/\" data-vars-ga-ux-element=\"Hyperlink\" data-vars-ga-call-to-action=\"Whoppi Goldberg\" data-node-id=\"6.1\" class=\"body-link css-156jt4g emevuu60\" rel=\"nofollow noopener\">Whoppi Goldberg<\/a>, el artista de 56 a\u00f1os cont\u00f3 tambi\u00e9n su experiencia en el rodaje de F1, la pel\u00edcula que <a href=\"https:\/\/www.harpersbazaar.com\/es\/famosas\/el-estilo-de\/a65099283\/javier-bardem-pelicula-brad-pitt-bruce-springsteen-bono\/\" target=\"_blank\" data-vars-ga-outbound-link=\"https:\/\/www.harpersbazaar.com\/es\/famosas\/el-estilo-de\/a65099283\/javier-bardem-pelicula-brad-pitt-bruce-springsteen-bono\/\" data-vars-ga-ux-element=\"Hyperlink\" data-vars-ga-call-to-action=\"protagoniza junto a Brad Pitt\" data-node-id=\"6.5\" class=\"body-link css-156jt4g emevuu60\" rel=\"nofollow noopener\">protagoniza junto a Brad Pitt<\/a>, con quien demostr\u00f3 tener gran qu\u00edmica. \u00abCuriosamente, no nos conoc\u00edamos. Quiero decir, nos conocimos brevemente hace a\u00f1os aqu\u00ed y all\u00e1, pero nos conocimos b\u00e1sicamente en la lectura de mesa y ten\u00edamos que crear este bromance\u00bb, record\u00f3. <\/p>\n<p data-journey-content=\"true\" data-node-id=\"7\" class=\"css-i9p093 emevuu60\">\u00abEra muy cuidadoso y muy generoso con todos en el set, asegur\u00e1ndose de que todos tuvieran su tiempo para hacer las cosas correctamente y asegur\u00e1ndose de que todos brillaran. Y, de hecho, tambi\u00e9n estaba trabajando en el guion para que los dem\u00e1s actores y actrices se vieran mejor y mejor y mejor, no \u00e9l mismo. Es muy, muy generoso y sucedi\u00f3 r\u00e1pidamente que empezamos a divertirnos con la relaci\u00f3n y creo que sali\u00f3 bastante bien. Quiz\u00e1 por ser tan diferentes f\u00edsicamente, yo tan guapo y \u00e9l tan&#8230;\u00bb, brome\u00f3 Bardem.<\/p>\n<p>Contenidos relacionados<\/p>\n","protected":false},"excerpt":{"rendered":"Javier Bardem ha aprendido muy bien a separar su vida privada de la p\u00fablica y siempre se ha&hellip;\n","protected":false},"author":2,"featured_media":100497,"comment_status":"","ping_status":"","sticky":false,"template":"","format":"standard","meta":{"footnotes":""},"categories":[174],"tags":[255,253,146,147,25,24,256,23],"class_list":{"0":"post-100496","1":"post","2":"type-post","3":"status-publish","4":"format-standard","5":"has-post-thumbnail","7":"category-famosos","8":"tag-celebrities","9":"tag-discover","10":"tag-entertainment","11":"tag-entretenimiento","12":"tag-es","13":"tag-espana","14":"tag-famosos","15":"tag-spain"},"share_on_mastodon":{"url":"","error":""},"_links":{"self":[{"href":"https:\/\/www.europesays.com\/es\/wp-json\/wp\/v2\/posts\/100496","targetHints":{"allow":["GET"]}}],"collection":[{"href":"https:\/\/www.europesays.com\/es\/wp-json\/wp\/v2\/posts"}],"about":[{"href":"https:\/\/www.europesays.com\/es\/wp-json\/wp\/v2\/types\/post"}],"author":[{"embeddable":true,"href":"https:\/\/www.europesays.com\/es\/wp-json\/wp\/v2\/users\/2"}],"replies":[{"embeddable":true,"href":"https:\/\/www.europesays.com\/es\/wp-json\/wp\/v2\/comments?post=100496"}],"version-history":[{"count":0,"href":"https:\/\/www.europesays.com\/es\/wp-json\/wp\/v2\/posts\/100496\/revisions"}],"wp:featuredmedia":[{"embeddable":true,"href":"https:\/\/www.europesays.com\/es\/wp-json\/wp\/v2\/media\/100497"}],"wp:attachment":[{"href":"https:\/\/www.europesays.com\/es\/wp-json\/wp\/v2\/media?parent=100496"}],"wp:term":[{"taxonomy":"category","embeddable":true,"href":"https:\/\/www.europesays.com\/es\/wp-json\/wp\/v2\/categories?post=100496"},{"taxonomy":"post_tag","embeddable":true,"href":"https:\/\/www.europesays.com\/es\/wp-json\/wp\/v2\/tags?post=100496"}],"curies":[{"name":"wp","href":"https:\/\/api.w.org\/{rel}","templated":true}]}}