{"id":100513,"date":"2025-09-08T03:02:09","date_gmt":"2025-09-08T03:02:09","guid":{"rendered":"https:\/\/www.europesays.com\/es\/100513\/"},"modified":"2025-09-08T03:02:09","modified_gmt":"2025-09-08T03:02:09","slug":"la-madre-de-franco-colapinto-fue-a-votar-tras-el-gp-de-italia-en-moto-y-con-un-curioso-casco","status":"publish","type":"post","link":"https:\/\/www.europesays.com\/es\/100513\/","title":{"rendered":"La madre de Franco Colapinto fue a votar tras el GP de Italia en moto y con un curioso casco"},"content":{"rendered":"<p>La madre de Franco Colapinto, <strong>Andrea Trofimczuk<\/strong>, se present\u00f3 en una escuela de Pilar para votar en las elecciones legislativas de la Provincia de Buenos Aires minutos despu\u00e9s del Gran Premio de Italia de la F\u00f3rmula 1.<\/p>\n<p>Luego la carrera llevada a cabo en Monza en la que el pilarense de 22 a\u00f1os finaliz\u00f3 en el decimos\u00e9ptimo lugar, la mam\u00e1 del piloto argentino se retir\u00f3 del establecimiento en moto tras cumplir con sus obligaciones, sin dar declaraciones y con <strong>el casco que utiliz\u00f3 su hijo<\/strong> cuando pertenec\u00eda a la academia de la escuder\u00eda Williams, previo a llegar a la m\u00e1xima categor\u00eda del automovilismo en 2024.<img alt=\"Gentileza TN\" loading=\"lazy\" style=\"object-position:center;\"\/><\/p>\n<p>Gentileza TN<\/p>\n<\/p>\n<p>En el circuito de este domingo, el joven corredor argentino culmin\u00f3 la carrera con algunas molestias de cara al Gran Premio de Azerbaiy\u00e1n, donde Colapinto sum\u00f3 sus primeros puntos en la F1 al finalizar en la octava plaza.<\/p>\n<p>El GP de Bak\u00fa tendr\u00e1 lugar el domingo 21 de septiembre y con ocho carreras por delante para el final de la temporada 2025, el albiceleste buscar\u00e1 continuar con el buen nivel que mostr\u00f3 en los \u00faltimos circuitos.<\/p>\n","protected":false},"excerpt":{"rendered":"La madre de Franco Colapinto, Andrea Trofimczuk, se present\u00f3 en una escuela de Pilar para votar en las&hellip;\n","protected":false},"author":2,"featured_media":100514,"comment_status":"","ping_status":"","sticky":false,"template":"","format":"standard","meta":{"footnotes":""},"categories":[270],"tags":[35584,168,25,24,306,271,272,1723,35585,33153,33204,8669,23,167,21],"class_list":{"0":"post-100513","1":"post","2":"type-post","3":"status-publish","4":"format-standard","5":"has-post-thumbnail","7":"category-formula-1","8":"tag-andrea-trofimczuk","9":"tag-deportes","10":"tag-es","11":"tag-espana","12":"tag-f1","13":"tag-formula-1","14":"tag-formula1","15":"tag-franco-colapinto","16":"tag-gp-de-azerbaiyan","17":"tag-gp-de-italia","18":"tag-monza","19":"tag-pilar","20":"tag-spain","21":"tag-sports","22":"tag-ultimas-noticias"},"share_on_mastodon":{"url":"","error":""},"_links":{"self":[{"href":"https:\/\/www.europesays.com\/es\/wp-json\/wp\/v2\/posts\/100513","targetHints":{"allow":["GET"]}}],"collection":[{"href":"https:\/\/www.europesays.com\/es\/wp-json\/wp\/v2\/posts"}],"about":[{"href":"https:\/\/www.europesays.com\/es\/wp-json\/wp\/v2\/types\/post"}],"author":[{"embeddable":true,"href":"https:\/\/www.europesays.com\/es\/wp-json\/wp\/v2\/users\/2"}],"replies":[{"embeddable":true,"href":"https:\/\/www.europesays.com\/es\/wp-json\/wp\/v2\/comments?post=100513"}],"version-history":[{"count":0,"href":"https:\/\/www.europesays.com\/es\/wp-json\/wp\/v2\/posts\/100513\/revisions"}],"wp:featuredmedia":[{"embeddable":true,"href":"https:\/\/www.europesays.com\/es\/wp-json\/wp\/v2\/media\/100514"}],"wp:attachment":[{"href":"https:\/\/www.europesays.com\/es\/wp-json\/wp\/v2\/media?parent=100513"}],"wp:term":[{"taxonomy":"category","embeddable":true,"href":"https:\/\/www.europesays.com\/es\/wp-json\/wp\/v2\/categories?post=100513"},{"taxonomy":"post_tag","embeddable":true,"href":"https:\/\/www.europesays.com\/es\/wp-json\/wp\/v2\/tags?post=100513"}],"curies":[{"name":"wp","href":"https:\/\/api.w.org\/{rel}","templated":true}]}}