{"id":100523,"date":"2025-09-08T03:11:14","date_gmt":"2025-09-08T03:11:14","guid":{"rendered":"https:\/\/www.europesays.com\/es\/100523\/"},"modified":"2025-09-08T03:11:14","modified_gmt":"2025-09-08T03:11:14","slug":"un-manifestante-propalestino-provoca-la-caida-de-javi-romo-en-la-vuelta","status":"publish","type":"post","link":"https:\/\/www.europesays.com\/es\/100523\/","title":{"rendered":"Un manifestante propalestino provoca la ca\u00edda de Javi Romo en la Vuelta"},"content":{"rendered":"<p><a class=\"v-mdl-ath__fig-a\" href=\"https:\/\/www.elcorreo.com\/autor\/ivan-benito-4702.html\" title=\"Iv\u00e1n Benito\" rel=\"nofollow noopener\" target=\"_blank\"><br \/>\n<img decoding=\"async\" class=\"v-mdl-ath__img\" src=\"https:\/\/s1.ppllstatics.com\/comun\/img\/2014\/autor\/autor-4702-foto-1.jpeg\" alt=\"Iv\u00e1n Benito\"\/><br \/>\n<\/a><\/p>\n<p class=\"v-mdl-ath__p v-mdl-ath__p--6\">\nDomingo, 7 de septiembre 2025, 16:21<\/p>\n<p>| Actualizado 22:31h.<\/p>\n<p class=\"v-p\">Las protestas propalestinas contra la participaci\u00f3n del Israel Premier Tech en la Vuelta suman un nuevo incidente. Un manifestante con una bandera de Palestina, escondido entre los \u00e1rboles, ha invadido la carretera al paso de la escapada durante la etapa de este domingo en Galicia. Antes de llegar al asfalto, se ha tropezado en la acequia y ha ca\u00eddo al suelo. La repentina aparici\u00f3n, junto con la de un polic\u00eda que ha cruzado desde el otro lado para detenerlo, ha provocado un bandazo y un frenazo por el que el espa\u00f1ol Javi Romo se ha ido al suelo. Otro de sus compa\u00f1eros de fuga tambi\u00e9n se ha ca\u00eddo.<\/p>\n<p><a href=\"http:\/\/www.elcorreo.com\/deportes\/ciclismo\/vuelta-espana\/mads-pedersen-victoria-contra-todos-elementos-protestas-israel-vuelta-espana-20250907173741-nt.html#vtm_modulosEngag=mod-rel:deportes:noticia:1:cmp:1-not\" class=\"v-a-link\" aria-label=\"Imagen\" rel=\"nofollow noopener\" target=\"_blank\"><\/p>\n<p><img decoding=\"async\" loading=\"lazy\" src=\"https:\/\/s1.ppllstatics.com\/elcorreo\/www\/multimedia\/2025\/09\/07\/la%20vuelta%20ganador.jpg\" class=\"v-a-img\" width=\"258\" height=\"180\" alt=\"\" data-voc-vtm-id=\"in-text-traffic\"\/><\/p>\n<p><\/a><\/p>\n<p class=\"v-p\">El incidente se ha producido a falta de 55 kil\u00f3metros para la l\u00ednea de meta, en pleno desarrollo de la etapa. El corredor del Movistar, sin lesiones pero con el coulotte roto, se ha levantado r\u00e1pido y ha salido a la carrera para recriminarle la acci\u00f3n al protestante. Los directores y auxiliares de su equipo le han frenado y han logrado que volviera a subirse a la bicicleta y atrapara de nuevo a la escapada.<\/p>\n<p class=\"v-p\">El manifestante ha sido reducido de inmediato por los cuerpos de seguridad y fue detenido por la Polic\u00eda Nacional. No ha sido su \u00fanica intervenci\u00f3n. Unos metros m\u00e1s adelante han retenido a una decena de personas con \u00e1nimo de boicotear la prueba. En la salida de Vegadeo tambi\u00e9n ha habido fuertes protestas, y ahora la tensi\u00f3n se ha dirigido a la l\u00ednea de meta en Monforte de Lemos. Un grupo de manifestantes trata de retirar las vallas y condicionar el final, con lo que ha tenido que actuar los efectivos de la UIP (Unidades de Intervenci\u00f3n Policial). Se ha colocado una doble valla, con la polic\u00eda entre medias, para lograr que el pelot\u00f3n complete el recorrido sin sobresaltos y no tener que neutralizar el final como el mi\u00e9rcoles en Bilbao.<\/p>\n<p class=\"v-p\">La ronda espa\u00f1ola suma un n\u00famero importante de altercados en esta edici\u00f3n a causa de las protestas propalestinas contra la presencia del Israel Premier Tech, que desde este s\u00e1bado ha borrado su nombre en el maillot para la \u00abseguridad\u00bb de sus ciclistas.<\/p>\n<p class=\"v-p\">Son ya varios episodios en los que los ciclistas han sido abordados por manifestantes durante las etapas. Sin ir m\u00e1s lejos, este s\u00e1bado en Avil\u00e9s parte del pelot\u00f3n se vio obligado a pararse durante la salida neutralizada por la presencia de numerosas personas con banderas de Palestina. <\/p>\n<p class=\"v-p\">Eso s\u00ed, fue en Bilbao donde las protestas tuvieron una mayor repercusi\u00f3n al obligar a adelantar la meta tres kil\u00f3metros y <a href=\"https:\/\/www.elcorreo.com\/deportes\/ciclismo\/vuelta-espana\/violenta-protesta-israel-revienta-etapa-vuelta-bilbao-20250904001809-nt.html\" title=\"www.elcorreo.com\" data-voc-vtm-id=\"in-text-traffic\" data-mrf-link=\"www.elcorreo.com\" rel=\"nofollow noopener\" target=\"_blank\">neutralizar la llegada en Gran V\u00eda<\/a>, dejando la jornada sin ganador. El propietario del equipo israel\u00ed, <a href=\"https:\/\/www.elcorreo.com\/deportes\/ciclismo\/vuelta-espana\/polemico-dueno-equipo-ciclista-israel-multimillonario-orgulloso-20250904150411-nt.html\" title=\"www.elcorreo.com\" data-voc-vtm-id=\"in-text-traffic\" data-mrf-link=\"www.elcorreo.com\" rel=\"nofollow noopener\" target=\"_blank\">Sylvan Adams <\/a>(Quebec, 1958), cercano a Netanyahu, se refiri\u00f3 a Euskadi como una <a href=\"https:\/\/www.elcorreo.com\/deportes\/ciclismo\/vuelta-espana\/sylvan-adams-propietario-israel-premier-tech-euskadi-20250906152121-nt.html\" title=\"www.elcorreo.com\" data-voc-vtm-id=\"in-text-traffic\" data-mrf-link=\"www.elcorreo.com\" rel=\"nofollow noopener\" target=\"_blank\">\u00abregi\u00f3n conocida como un basti\u00f3n de activistas de extrema izquierda y separatistas<\/a> a los que les gusta protestar\u00bb, incluso lleg\u00f3 a se\u00f1alar a los manifestantes como \u00abterroristas\u00bb y record\u00f3 la \u00abalianza\u00bb entre ETA y la Organizaci\u00f3n para la Liberaci\u00f3n de Palestina. <\/p>\n<p>Comenta<\/p>\n<p>Reporta un error<\/p>\n","protected":false},"excerpt":{"rendered":"Domingo, 7 de septiembre 2025, 16:21 | Actualizado 22:31h. Las protestas propalestinas contra la participaci\u00f3n del Israel Premier&hellip;\n","protected":false},"author":2,"featured_media":100524,"comment_status":"","ping_status":"","sticky":false,"template":"","format":"standard","meta":{"footnotes":""},"categories":[93],"tags":[4357,168,25,24,35509,35452,3486,23,167,1357],"class_list":{"0":"post-100523","1":"post","2":"type-post","3":"status-publish","4":"format-standard","5":"has-post-thumbnail","7":"category-deportes","8":"tag-caida","9":"tag-deportes","10":"tag-es","11":"tag-espana","12":"tag-manifestante","13":"tag-propalestino","14":"tag-provoca","15":"tag-spain","16":"tag-sports","17":"tag-vuelta"},"share_on_mastodon":{"url":"","error":""},"_links":{"self":[{"href":"https:\/\/www.europesays.com\/es\/wp-json\/wp\/v2\/posts\/100523","targetHints":{"allow":["GET"]}}],"collection":[{"href":"https:\/\/www.europesays.com\/es\/wp-json\/wp\/v2\/posts"}],"about":[{"href":"https:\/\/www.europesays.com\/es\/wp-json\/wp\/v2\/types\/post"}],"author":[{"embeddable":true,"href":"https:\/\/www.europesays.com\/es\/wp-json\/wp\/v2\/users\/2"}],"replies":[{"embeddable":true,"href":"https:\/\/www.europesays.com\/es\/wp-json\/wp\/v2\/comments?post=100523"}],"version-history":[{"count":0,"href":"https:\/\/www.europesays.com\/es\/wp-json\/wp\/v2\/posts\/100523\/revisions"}],"wp:featuredmedia":[{"embeddable":true,"href":"https:\/\/www.europesays.com\/es\/wp-json\/wp\/v2\/media\/100524"}],"wp:attachment":[{"href":"https:\/\/www.europesays.com\/es\/wp-json\/wp\/v2\/media?parent=100523"}],"wp:term":[{"taxonomy":"category","embeddable":true,"href":"https:\/\/www.europesays.com\/es\/wp-json\/wp\/v2\/categories?post=100523"},{"taxonomy":"post_tag","embeddable":true,"href":"https:\/\/www.europesays.com\/es\/wp-json\/wp\/v2\/tags?post=100523"}],"curies":[{"name":"wp","href":"https:\/\/api.w.org\/{rel}","templated":true}]}}