{"id":100525,"date":"2025-09-08T03:13:11","date_gmt":"2025-09-08T03:13:11","guid":{"rendered":"https:\/\/www.europesays.com\/es\/100525\/"},"modified":"2025-09-08T03:13:11","modified_gmt":"2025-09-08T03:13:11","slug":"me-senti-atraida-por-uno-de-sus-amigos","status":"publish","type":"post","link":"https:\/\/www.europesays.com\/es\/100525\/","title":{"rendered":"Me sent\u00ed atra\u00edda por uno de sus amigos"},"content":{"rendered":"<p class=\"paragraph\" id=\"paragraph_1\">Este s\u00e1bado 6 de septiembre <a href=\"https:\/\/www.elespanol.com\/bluper\/20250902\/joaquin-sanchez-susana-saborido-desvelan-hormiguero-estrellas-hollywood-harian-trio\/1003743909506_0.html?utm_cmp_rs=linksinline\" rel=\"nofollow noopener\" target=\"_blank\">se estrenaba la <\/a><strong><a href=\"https:\/\/www.elespanol.com\/bluper\/20250902\/joaquin-sanchez-susana-saborido-desvelan-hormiguero-estrellas-hollywood-harian-trio\/1003743909506_0.html?utm_cmp_rs=linksinline\" rel=\"nofollow noopener\" target=\"_blank\">primera tanda de Emparejados<\/a>. <\/strong>Tras el especial emitido el a\u00f1o pasado, el formato regresa con una tanda de episodios que ha dado inicio con <strong>Bert\u00edn Osborne y su hija mayor, Alejandra Ortiz<\/strong>, quien ha dejado una inesperada revelaci\u00f3n.<\/p>\n<p class=\"paragraph\" id=\"paragraph_2\">El espacio estrenaba su primera temporada con un t\u00e1ndem formado por padre e hija. El espacio <strong>preparaba diferentes pruebas<\/strong> para hacer de la experiencia de los invitados no s\u00f3lo m\u00e1s amena, sino que <a href=\"https:\/\/www.elespanol.com\/corazon\/famosos\/20250820\/bertin-osborne-ahora-quiere-ejercer-padre-posa-revista-david-hijo-junto-gabriela-guillen-vida\/1003743892389_0.html?utm_cmp_rs=linksinline\" rel=\"nofollow noopener\" target=\"_blank\">se soltaran el pelo y dejaran alguna que otra declaraci\u00f3n<\/a>.<\/p>\n<p class=\"paragraph\" id=\"paragraph_3\">Con una prueba de comida muy picante, en la que Osborne y Ortiz tuvieron que <a href=\"https:\/\/www.elespanol.com\/sevilla\/20250716\/bar-bertin-osborne-sevilla-decoro-hija-restaurante-lugar-encuentro-sentiros-gusto\/1003743849919_0.html?utm_cmp_rs=linksinline\" rel=\"nofollow noopener\" target=\"_blank\">tomar leche despu\u00e9s de probar unas gildas<\/a>, <strong>padre e hija optaron por responder a todas las preguntas <\/strong>y as\u00ed provocar que Joaqu\u00edn y Susana Saborido sean los que tuvieran que comer el resto de la comida.<\/p>\n<p><img loading=\"lazy\" decoding=\"async\" alt=\"bertin2\" height=\"180\" src=\"https:\/\/www.europesays.com\/es\/wp-content\/uploads\/2025\/09\/1003743908009_258384846_320x180.jpg\" width=\"320\" data-lazy-status=\"processed\" data-lazy-info=\"remove loading item 1\"\/><\/p>\n<p class=\"paragraph\" id=\"paragraph_4\">El futbolista y la influencer les preguntaron al presentador y la empresaria <strong>si se hab\u00edan sentido atra\u00eddos por respectivos amigos suyos<\/strong>. El cantante sorprendi\u00f3 al declarar que \u201cnunca\u201d se hab\u00eda fijado en las amigas de su primog\u00e9nita de esa manera. \u201cY eso que ha tenido y tiene amigas muy guapas\u201d, se\u00f1alaba.<\/p>\n<p class=\"paragraph\" id=\"paragraph_5\">Sin embargo, <strong>Ortiz dejaba a su padre sin palabras<\/strong> al declarar que, a diferencia de \u00e9l, s\u00ed que se hab\u00eda sentido atra\u00edda por alguno de sus amigos. <strong>\u201cYo, s\u00ed\u201d,<\/strong> confesaba, provocando la sonrisa c\u00f3mplice de Joaqu\u00edn y dejando tambi\u00e9n a Saborido sin palabras.<\/p>\n<p><img decoding=\"async\" alt=\"Bert\u00edn Osborne y Alejandra Ortiz en 'Emparejados'.\" data-imgm=\"true\" height=\"180\" loading=\"lazy\"  src=\"https:\/\/www.europesays.com\/es\/wp-content\/uploads\/2025\/09\/1003743914717_258510161_1024x576.jpg\"  width=\"320\"\/><\/p>\n<p>                                                            Bert\u00edn Osborne y Alejandra Ortiz en &#8216;Emparejados&#8217;.<\/p>\n<p>                    Atresmedia<\/p>\n<p class=\"paragraph\" id=\"paragraph_6\">\u201c<strong>Es que t\u00fa tienes muchos amigos y varios de ellos son guapos<\/strong>\u201d, apostillaba Susana. \u201cSe ha casado hace poco y me ha dado un coraje\u201d, revelaba Ortiz, dejando claro as\u00ed que se trataba actualmente de un amor plat\u00f3nico.<\/p>\n<p class=\"paragraph\" id=\"paragraph_7\">\u201c<strong>Tengo un amigo que es el m\u00e1s divertido y el m\u00e1s simp\u00e1tico del mundo.<\/strong> Es el padrino de mi hijo Kike. Tiene una personalidad tan brutal\u201d, dec\u00eda Osborne. \u201cMe hubiera casado con \u00e9l\u201d, declaraba su hija. \u201c\u00bfDe verdad? Pues lo he notado\u201d, dec\u00eda su progenitor.<\/p>\n<p><img decoding=\"async\" alt=\"Bert\u00edn Osborne y Alejandra Ortiz en 'Emparejados'.\" data-imgm=\"true\" height=\"180\" loading=\"lazy\"  src=\"https:\/\/www.europesays.com\/es\/wp-content\/uploads\/2025\/09\/1003743914718_258510190_1024x576.jpg\"  width=\"320\"\/><\/p>\n<p>                                                            Bert\u00edn Osborne y Alejandra Ortiz en &#8216;Emparejados&#8217;.<\/p>\n<p>                    Atresmedia<\/p>\n<p class=\"paragraph\" id=\"paragraph_8\">\u201cY \u00e9l tambi\u00e9n\u201d, a\u00f1ad\u00eda Bert\u00edn en tono de broma, provocando que su hija se pusiese colorada. \u201cEs mentira\u201d, le aseguraba su padre. Ambos revelaron que dicho amigo de Osborne <strong>era un hombre llamado Nacho.<\/strong><\/p>\n<p class=\"paragraph\" id=\"paragraph_9\">La respuesta honesta de los invitados provoc\u00f3 que fuesen Joaqu\u00edn y Susana Saborido los que tuvieron que comer <strong>unos pinchos de pulpo con abundante cayena<\/strong>, provocando las miradas de piedad de los invitados.<\/p>\n<p><img decoding=\"async\" alt=\"Bert\u00edn Osborne atraviesa un momento delicado, azotado por las cr\u00edticas y con importantes deudas con Hacienda.\" height=\"180\" loading=\"lazy\" width=\"320\" data-lazy-status=\"processed\" id=\"25ab6e5e8d\" src=\"https:\/\/www.elespanol.com\/bluper\/20250907\/alejandra-ortiz-deja-sin-palabras-bertin-osborne-emparejados-senti-atraida-amigos\/[\" https:=\"\" data-lazy-info=\"changed src\"\/><\/p>\n<p class=\"paragraph\" id=\"paragraph_10\">Previamente, fue <strong>Osborne quien dejaba una revelaci\u00f3n bomba: se ha hecho la vasectom\u00eda.<\/strong> \u201cMe la he cortado\u201d, dijo en el momento en el que Joaqu\u00edn y Susana le preguntaron si hab\u00eda alguien en su vida.<\/p>\n<p class=\"paragraph\" id=\"paragraph_11\">\u201c<strong>Me lo estoy pasando bien sin pareja<\/strong>, estoy muy relajadito, adem\u00e1s me la he cortado la coleta\u201d, expres\u00f3 para despu\u00e9s bromear sobre el tema. \u201cNo s\u00e9 si me la han hecho bien porque ahora cuando hago pip\u00ed sale el chorro para all\u00e1\u201d, revelaba.<\/p>\n","protected":false},"excerpt":{"rendered":"Este s\u00e1bado 6 de septiembre se estrenaba la primera tanda de Emparejados. Tras el especial emitido el a\u00f1o&hellip;\n","protected":false},"author":2,"featured_media":100526,"comment_status":"","ping_status":"","sticky":false,"template":"","format":"standard","meta":{"footnotes":""},"categories":[91],"tags":[4040,11194,1535,146,147,25,24,35586,23,807],"class_list":{"0":"post-100525","1":"post","2":"type-post","3":"status-publish","4":"format-standard","5":"has-post-thumbnail","7":"category-entretenimiento","8":"tag-antena-3","9":"tag-bertin-osborne","10":"tag-bluper","11":"tag-entertainment","12":"tag-entretenimiento","13":"tag-es","14":"tag-espana","15":"tag-joaquin-sanchez","16":"tag-spain","17":"tag-television"},"share_on_mastodon":{"url":"","error":""},"_links":{"self":[{"href":"https:\/\/www.europesays.com\/es\/wp-json\/wp\/v2\/posts\/100525","targetHints":{"allow":["GET"]}}],"collection":[{"href":"https:\/\/www.europesays.com\/es\/wp-json\/wp\/v2\/posts"}],"about":[{"href":"https:\/\/www.europesays.com\/es\/wp-json\/wp\/v2\/types\/post"}],"author":[{"embeddable":true,"href":"https:\/\/www.europesays.com\/es\/wp-json\/wp\/v2\/users\/2"}],"replies":[{"embeddable":true,"href":"https:\/\/www.europesays.com\/es\/wp-json\/wp\/v2\/comments?post=100525"}],"version-history":[{"count":0,"href":"https:\/\/www.europesays.com\/es\/wp-json\/wp\/v2\/posts\/100525\/revisions"}],"wp:featuredmedia":[{"embeddable":true,"href":"https:\/\/www.europesays.com\/es\/wp-json\/wp\/v2\/media\/100526"}],"wp:attachment":[{"href":"https:\/\/www.europesays.com\/es\/wp-json\/wp\/v2\/media?parent=100525"}],"wp:term":[{"taxonomy":"category","embeddable":true,"href":"https:\/\/www.europesays.com\/es\/wp-json\/wp\/v2\/categories?post=100525"},{"taxonomy":"post_tag","embeddable":true,"href":"https:\/\/www.europesays.com\/es\/wp-json\/wp\/v2\/tags?post=100525"}],"curies":[{"name":"wp","href":"https:\/\/api.w.org\/{rel}","templated":true}]}}