{"id":100551,"date":"2025-09-08T03:32:04","date_gmt":"2025-09-08T03:32:04","guid":{"rendered":"https:\/\/www.europesays.com\/es\/100551\/"},"modified":"2025-09-08T03:32:04","modified_gmt":"2025-09-08T03:32:04","slug":"mtv-vmas-2025-fecha-nominados-y-donde-ver","status":"publish","type":"post","link":"https:\/\/www.europesays.com\/es\/100551\/","title":{"rendered":"MTV VMAs 2025: Fecha, nominados y d\u00f3nde ver"},"content":{"rendered":"<p><strong>Los premios MTV VMAs 2025<\/strong> <strong>vuelven para celebrar la m\u00fasica m\u00e1s popular del a\u00f1o.<\/strong> Despu\u00e9s una edici\u00f3n marcada por el triunfo de talentos como Taylor Swift, Sabrina Carpenter y Chappell Roan y un homenaje a las vidas cobradas en el atentado del 11 de septiembre de 2001 en Nueva York, los <strong>MTV Video Music Awards<\/strong> celebran m\u00e1s de 40 a\u00f1os de trayectoria apostando por la creatividad audiovisual detr\u00e1s de los \u00e9xitos musicales del momento.<\/p>\n<p>Desde Madonna interpretando Like a Virgin con su emblem\u00e1tico vestido de novia en 1984, hasta Michael Jackson en 1995 y figuras como Lady Gaga y Shakira en a\u00f1os m\u00e1s recientes, las presentaciones que acompa\u00f1an la ceremonia que reconoce los <strong>videos musicales<\/strong> m\u00e1s destacados han sido testigos de la evoluci\u00f3n en la historia musical. Es por eso que antes de su llegada, repasamos <strong>todo lo que debes saber sobre los<\/strong> <strong>VMAs 2025<\/strong>.<\/p>\n<p><a data-testid=\"contentPromoEmbedWrapper\" href=\"https:\/\/www.vogue.mx\/galeria\/vmas-2025-alfombra-roja\" class=\"BaseWrap-sc-gzmcOU BaseText-eqOrNE BaseLink-eTpkqh ContentPromoEmbedWrapper-rAsEu deqABF gpGxeK hBuuLu jGVikV\" rel=\"nofollow noopener\" target=\"_blank\"><img decoding=\"async\" alt=\"Celebridades alfombra roja MTV VMAS 2025 \" class=\"ResponsiveImageContainer-eNxvmU cfBbTk responsive-image__image\" src=\"https:\/\/www.europesays.com\/es\/wp-content\/uploads\/2025\/09\/mtv-vmas-2025-celebridades-alfombra-roja.jpg\"\/><\/p>\n<p>MTV VMAs 2025: TODAS las celebridades EN VIVO desde la alfombra roja<\/p>\n<p>Por Christian Allaire<\/p>\n<p><\/a>Cu\u00e1ndo son los MTV VMAs 2025<\/p>\n<p><strong>Los MTV VMAs se llevar\u00e1n a cabo el 7 de septiembre de 2025. Este a\u00f1o, LL Cool J ser\u00e1 el anfitri\u00f3n.<\/strong><\/p>\n<p>Cu\u00e1ndo anuncian los nominados a los MTV VMAs 2025<\/p>\n<p><strong>Los nominados a los VMAs 2025<\/strong> se anunciaron el 5 de agosto de 2025. En la lista destacan los nombres de Sabrina Carpenter, Lady Gaga y Bruno Mars. En el rubro latino, resuena Bad Bunny, Karol G y Peso Pluma, entre otros. <strong><a href=\"https:\/\/www.vogue.mx\/articulo\/mtv-vmas-2025-nominados\" rel=\"nofollow noopener\" target=\"_blank\">Mira aqu\u00ed la lista completa<\/a>.<\/strong><\/p>\n<p>Cabe mencionar qu<strong>e los VMAs son conocidos por la inclusi\u00f3n del p\u00fablico general como votantes de varias categor\u00edas<\/strong> (aunque hay varios t\u00e9rminos y condiciones en el periodo de votaci\u00f3n para los fans que desean apoyar a sus artistas favoritos). Por otro lado, las categor\u00edas \u201cprofesionales\u201d como Mejor Coreograf\u00eda o Mejor Edici\u00f3n de los videos musicales que contienden, son deliberadas por especialistas.<\/p>\n<p>Qui\u00e9nes cantar\u00e1n en los VMAs 2025<\/p>\n<p><strong>Se han revelado las primeras presentaciones en vivo de los VMAs 2025:<\/strong><\/p>\n<ul>\n<li>Alex Warren<\/li>\n<li>Conan Gray<\/li>\n<li>Dj Snake<\/li>\n<li>Doja Cat<\/li>\n<li>J Balvin<\/li>\n<li>Jelly Roll<\/li>\n<li>Post Malone<\/li>\n<li>Sabrina Carpenter<\/li>\n<li>sombr<\/li>\n<li>Tate McRae<\/li>\n<li>Ricky Martin<\/li>\n<li>Busta Rhymes<\/li>\n<li>Mariah Carey<\/li>\n<li>LL Cool J<\/li>\n<\/ul>\n<p>D\u00f3nde ver los MTV VMAs 2025<\/p>\n<p><strong>Los premios MTV Video Music Awards podr\u00e1n verse a trav\u00e9s del canal de MTV en televisi\u00f3n de paga \u2014y CBS en las regiones disponibles\u2014, mientras que en streaming se pueden ver en la plataforma Paramount+ y Pluto TV.<\/strong><\/p>\n<p>D\u00f3nde son los MTV VMAs 2025<\/p>\n<p><strong>La premiaci\u00f3n se llevar\u00e1 a cabo en la USB Arena de Elmont, Nueva York<\/strong>, la ciudad que suele recibir a la ceremonia a\u00f1o tras a\u00f1os (a excepci\u00f3n de 2015 y 2017).<\/p>\n","protected":false},"excerpt":{"rendered":"Los premios MTV VMAs 2025 vuelven para celebrar la m\u00fasica m\u00e1s popular del a\u00f1o. Despu\u00e9s una edici\u00f3n marcada&hellip;\n","protected":false},"author":2,"featured_media":100552,"comment_status":"","ping_status":"","sticky":false,"template":"","format":"standard","meta":{"footnotes":""},"categories":[170],"tags":[146,147,25,24,184,185,23,17901],"class_list":{"0":"post-100551","1":"post","2":"type-post","3":"status-publish","4":"format-standard","5":"has-post-thumbnail","7":"category-musica","8":"tag-entertainment","9":"tag-entretenimiento","10":"tag-es","11":"tag-espana","12":"tag-music","13":"tag-musica","14":"tag-spain","15":"tag-vma-awards"},"share_on_mastodon":{"url":"","error":""},"_links":{"self":[{"href":"https:\/\/www.europesays.com\/es\/wp-json\/wp\/v2\/posts\/100551","targetHints":{"allow":["GET"]}}],"collection":[{"href":"https:\/\/www.europesays.com\/es\/wp-json\/wp\/v2\/posts"}],"about":[{"href":"https:\/\/www.europesays.com\/es\/wp-json\/wp\/v2\/types\/post"}],"author":[{"embeddable":true,"href":"https:\/\/www.europesays.com\/es\/wp-json\/wp\/v2\/users\/2"}],"replies":[{"embeddable":true,"href":"https:\/\/www.europesays.com\/es\/wp-json\/wp\/v2\/comments?post=100551"}],"version-history":[{"count":0,"href":"https:\/\/www.europesays.com\/es\/wp-json\/wp\/v2\/posts\/100551\/revisions"}],"wp:featuredmedia":[{"embeddable":true,"href":"https:\/\/www.europesays.com\/es\/wp-json\/wp\/v2\/media\/100552"}],"wp:attachment":[{"href":"https:\/\/www.europesays.com\/es\/wp-json\/wp\/v2\/media?parent=100551"}],"wp:term":[{"taxonomy":"category","embeddable":true,"href":"https:\/\/www.europesays.com\/es\/wp-json\/wp\/v2\/categories?post=100551"},{"taxonomy":"post_tag","embeddable":true,"href":"https:\/\/www.europesays.com\/es\/wp-json\/wp\/v2\/tags?post=100551"}],"curies":[{"name":"wp","href":"https:\/\/api.w.org\/{rel}","templated":true}]}}