{"id":100553,"date":"2025-09-08T03:36:15","date_gmt":"2025-09-08T03:36:15","guid":{"rendered":"https:\/\/www.europesays.com\/es\/100553\/"},"modified":"2025-09-08T03:36:15","modified_gmt":"2025-09-08T03:36:15","slug":"kase-o-maldita-vecindad-y-fangoria-rompen-el-molde-en-el-vive-latino-espana-2025-heraldo-es","status":"publish","type":"post","link":"https:\/\/www.europesays.com\/es\/100553\/","title":{"rendered":"Kase.O, Maldita Vecindad y Fangoria rompen el molde en el Vive Latino Espa\u00f1a 2025 &#8211; heraldo.es"},"content":{"rendered":"<ol>\n<li><a href=\"https:\/\/news.google.com\/rss\/articles\/CBMi5gFBVV95cUxOSU03VHJfcUdUWW9BRHlXZXRIa1BPUGV2eDNmN2szdjZBYlFmR2V0RVEwWWVNc1FyWkg0amxmUlZoUXp4NTRqQmhTN3BBUHJaVUhVN3U4Z1JWWWdtYnJzZFpfSjI2SG5HYkU4Tl9QWVJHd3U2V1NVUFlrZndfZUo4Y09UcjB6N2tGRS1tSE1tWUFxRXk2d3ZDNE1uaENzZy1ySHUwdzI0UU1jUGx5S000RkZhd29HN0wwdHowZ2ZMdm82Y3NIa1Nxd21kQ2swclAydEt1WVNSYndkLTdEdXFLVVlRbEliZw?oc=5\" target=\"_blank\" rel=\"nofollow noopener\">Kase.O, Maldita Vecindad y Fangoria rompen el molde en el Vive Latino Espa\u00f1a 2025<\/a>&nbsp;&nbsp;heraldo.es<\/li>\n<li><a href=\"https:\/\/news.google.com\/rss\/articles\/CBMihgJBVV95cUxPMV9lX3ZMdDRpRm9yb1g1RHR3OXF4QUdNLUhNZG1WVS0xMng0d05YY3FVWWxGOVdEOG9zWDJNd2xIUmNEaW40OXQ2YzFiZXVvTnJUY3hYRm4waTdfekt2eXExQTBuZXJNNkJOd1phMWwwSVgzelM5a3JiRjlmVGhfWEVFaWhwWUZZb1VTQU9pMnlsZGc2ZUM5aEpfSGtldml4Z3BjNnJpdm1VV3c5QlhLV3cybTlYZ2RxRVFuTjlFVk5QX3FibzlxNGFMeGt6NW1MUjA1ZWtGNWZQQjJ5S01USmdrUkFjT0FHSHE0eHZJcTkzTlRfaVhOVUl4Y1lPRUZDYnZkeTlR?oc=5\" target=\"_blank\" rel=\"nofollow noopener\">Cr\u00edtica de Javier Losilla del segundo d\u00eda del Vive Latino: Rap\u00e9ame el &#8216;Ringui dingui&#8217; y ll\u00e9vame a California<\/a>&nbsp;&nbsp;El Peri\u00f3dico de Arag\u00f3n<\/li>\n<li><a href=\"https:\/\/news.google.com\/rss\/articles\/CBMipAFBVV95cUxNYmVPaWJMUkFNZU05N1FBTXZIWjdidUZVT2NINF9YSkg1R0JITTQxbFpKRFJLdW1wRldfd0ItWjU4OHdVN2VtT2lKTWRRcXNQUmZTTHg5QmRoZGxISmdTS01rUzluNmN3dHgwRENRb3J1NkRTTFdFSENLQVZCUEFOb3FBSVB4eVNqcHdCRk9fbExzTDN1MWFqb0x3WDJabjFwZlpUeQ?oc=5\" target=\"_blank\" rel=\"nofollow noopener\">Im\u00e1genes: Fotos del concierto de Kase.O en el Vive Latino de Zaragoza<\/a>&nbsp;&nbsp;heraldo.es<\/li>\n<li><a href=\"https:\/\/news.google.com\/rss\/articles\/CBMirgFBVV95cUxPTWpoZmlHY1VJcjhtR0VhRzBURThWQmxIY1FrSjNGU1B6OUxjTEpEZkRWaVU5MWp5VXkxV2NseEdWVVNDbVpjdHFiVHctOFltUzNqNjV3QzI4S1RkY2JHWTE3YmlvaENXN3A3TUNhZkRCMWdOeHlkTUNZclFmUk8xS25YVXhpSkVMdjYyb2VBcVZFaVRQWXpDaERrODU0SlZERWJhLVNUc2h5Z2FETlHSAbMBQVVfeXFMTWdpZUd6SEZjWFBxSjZ4Vkt4WnRwZlFCaXNCVFB6eGlVZzkzWlJRb0lvMDNjbzg1c2VBa241cldOM0ZIWTNGMFBCbE9jbnJKTWdfd0FDaFJ0a0ZBdTBUVE9jZ0R3YS1vbkp4MGRBR0NvQlF6aDNwLTlCaXRrY0JDcnloMzljTkxXTVdGVEx5Q284Z0hZLXN5RDgxM2R4RDBYMHR4S0ZKVnZkVlFzc2xjTWhsQm8?oc=5\" target=\"_blank\" rel=\"nofollow noopener\">Cr\u00f3nica del escenario principal del Vive Latino: Kase.O arrasa en la Expo y recorre sus 33 a\u00f1os en la cima del rap<\/a>&nbsp;&nbsp;El Peri\u00f3dico de Arag\u00f3n<\/li>\n<li><a href=\"https:\/\/news.google.com\/rss\/articles\/CBMirgFBVV95cUxOMGdMcWliYlZJZzl1ZFB4cTM2M1Z3ZnE2ZHVmcUxHRWxHdzJuNC16SzY1UG13RXlpMUt6d0ZqLVM0N2M0QnBfdlpXZ0JDUXpwRVZMcXdXek56TVkwSC1FQzNCMTJBckxGek9sUDRWNEV2Vm0tc3BzY2hrd0xWVV9DZHhLaEtUTmtCZGJZR0k5VUFSVlNJdWtEZHNZTmtMWGhlSnJpSVJxV3RBTWlLWXc?oc=5\" target=\"_blank\" rel=\"nofollow noopener\">Im\u00e1genes: Fotos del concierto de Fangoria en el Vive Latino 2025 de Zaragoza<\/a>&nbsp;&nbsp;heraldo.es<\/li>\n<\/ol>\n","protected":false},"excerpt":{"rendered":"Kase.O, Maldita Vecindad y Fangoria rompen el molde en el Vive Latino Espa\u00f1a 2025&nbsp;&nbsp;heraldo.es Cr\u00edtica de Javier Losilla&hellip;\n","protected":false},"author":2,"featured_media":100554,"comment_status":"","ping_status":"","sticky":false,"template":"","format":"standard","meta":{"footnotes":""},"categories":[91],"tags":[146,147,25,24,24276,17580,25041,23,31829],"class_list":{"0":"post-100553","1":"post","2":"type-post","3":"status-publish","4":"format-standard","5":"has-post-thumbnail","7":"category-entretenimiento","8":"tag-entertainment","9":"tag-entretenimiento","10":"tag-es","11":"tag-espana","12":"tag-fangoria","13":"tag-latino","14":"tag-maldita","15":"tag-spain","16":"tag-vecindad"},"share_on_mastodon":{"url":"","error":""},"_links":{"self":[{"href":"https:\/\/www.europesays.com\/es\/wp-json\/wp\/v2\/posts\/100553","targetHints":{"allow":["GET"]}}],"collection":[{"href":"https:\/\/www.europesays.com\/es\/wp-json\/wp\/v2\/posts"}],"about":[{"href":"https:\/\/www.europesays.com\/es\/wp-json\/wp\/v2\/types\/post"}],"author":[{"embeddable":true,"href":"https:\/\/www.europesays.com\/es\/wp-json\/wp\/v2\/users\/2"}],"replies":[{"embeddable":true,"href":"https:\/\/www.europesays.com\/es\/wp-json\/wp\/v2\/comments?post=100553"}],"version-history":[{"count":0,"href":"https:\/\/www.europesays.com\/es\/wp-json\/wp\/v2\/posts\/100553\/revisions"}],"wp:featuredmedia":[{"embeddable":true,"href":"https:\/\/www.europesays.com\/es\/wp-json\/wp\/v2\/media\/100554"}],"wp:attachment":[{"href":"https:\/\/www.europesays.com\/es\/wp-json\/wp\/v2\/media?parent=100553"}],"wp:term":[{"taxonomy":"category","embeddable":true,"href":"https:\/\/www.europesays.com\/es\/wp-json\/wp\/v2\/categories?post=100553"},{"taxonomy":"post_tag","embeddable":true,"href":"https:\/\/www.europesays.com\/es\/wp-json\/wp\/v2\/tags?post=100553"}],"curies":[{"name":"wp","href":"https:\/\/api.w.org\/{rel}","templated":true}]}}