{"id":100664,"date":"2025-09-08T05:42:07","date_gmt":"2025-09-08T05:42:07","guid":{"rendered":"https:\/\/www.europesays.com\/es\/100664\/"},"modified":"2025-09-08T05:42:07","modified_gmt":"2025-09-08T05:42:07","slug":"ha-de-pararse-o-lo-pagaremos-todos","status":"publish","type":"post","link":"https:\/\/www.europesays.com\/es\/100664\/","title":{"rendered":"Ha de pararse o lo pagaremos todos"},"content":{"rendered":"<p data-gtm-element-container=\"modulo-texto-link\" class=\"paragraph\">La presidenta madrile\u00f1a, <strong>Isabel D\u00edaz Ayuso<\/strong>, ha clamado este domingo contra el \u00abboicot antisemita\u00bb que representan, a su juicio, las protestas contra la presencia del equipo <strong>Israel-Premier Tech<\/strong> en la Vuelta a Espa\u00f1a, y ha afirmado: \u00ab<strong>Ha de pararse ya o lo pagaremos todos\u00bb.<\/strong><\/p>\n<p data-gtm-element-container=\"modulo-texto-link\" class=\"paragraph\">D\u00edaz Ayuso ha reaccionado as\u00ed, en una publicaci\u00f3n en la red social X, a lo ocurrido este domingo en la carrera, donde el ciclista espa\u00f1ol <strong>Javier Romo<\/strong> sufri\u00f3 una ca\u00edda despu\u00e9s de que un manifestante propalestino tratara de cruzarse sin \u00e9xito al paso de los corredores.<\/p>\n<p>        Lee tambi\u00e9n<\/p>\n<p>    Redacci\u00f3n<\/p>\n<p>             <img loading=\"lazy\" decoding=\"async\" data-full-src=\"https:\/\/www.mundodeportivo.com\/uploads\/2025\/09\/07\/68bdb67b20c68.jpeg\" alt=\"Horizontal\" width=\"334\" height=\"164\" src=\"https:\/\/www.europesays.com\/es\/wp-content\/uploads\/2025\/09\/68bdb67b20c68.jpeg\" class=\"lazy\"\/><\/p>\n<p data-gtm-element-container=\"modulo-texto-link\" class=\"paragraph\">El corredor del Movistar se levant\u00f3 y tras localizar la posici\u00f3n del manifestante fue a por \u00e9l corriendo, sin que se produjeran mayores incidentes.<\/p>\n<blockquote class=\"twitter-tweet\" data-lang=\"es\"><p>\n<a href=\"https:\/\/twitter.com\/IdiazAyuso\/status\/1964728524616716715\" rel=\"nofollow noopener\" target=\"_blank\">\n<\/p><\/blockquote>\n<p data-gtm-element-container=\"modulo-texto-link\" class=\"paragraph\">\u00abEl boicot antisemita empieza siempre por los deportes y en la educaci\u00f3n, que son los \u00e1mbitos de convivencia que no deber\u00edan estar politizados\u00bb, ha escrito D\u00edaz Ayuso. \u00ab<strong>Y cuestan vidas. Ha de pararse ya o lo pagaremos todos<\/strong>\u00ab, ha concluido.<\/p>\n<p data-gtm-element-container=\"modulo-texto-link\" class=\"paragraph\">El incidente ocurrido este domingo a unos 56 kil\u00f3metros de la meta de Monforte de Lemos (Lugo) se suma a los registrados en los \u00faltimos d\u00edas por parte de personas que protestan contra la presencia del equipo <strong>Israel-Premier Tech<\/strong> en la Vuelta por la ofensiva de ese pa\u00eds en Gaza.<\/p>\n<p><script async src=\"https:\/\/platform.twitter.com\/widgets.js\" charset=\"utf-8\"><\/script><\/p>\n","protected":false},"excerpt":{"rendered":"La presidenta madrile\u00f1a, Isabel D\u00edaz Ayuso, ha clamado este domingo contra el \u00abboicot antisemita\u00bb que representan, a su&hellip;\n","protected":false},"author":2,"featured_media":100665,"comment_status":"","ping_status":"","sticky":false,"template":"","format":"standard","meta":{"footnotes":""},"categories":[273],"tags":[313,312,168,25,24,23,167],"class_list":{"0":"post-100664","1":"post","2":"type-post","3":"status-publish","4":"format-standard","5":"has-post-thumbnail","7":"category-ciclismo","8":"tag-ciclismo","9":"tag-cycling","10":"tag-deportes","11":"tag-es","12":"tag-espana","13":"tag-spain","14":"tag-sports"},"share_on_mastodon":{"url":"","error":""},"_links":{"self":[{"href":"https:\/\/www.europesays.com\/es\/wp-json\/wp\/v2\/posts\/100664","targetHints":{"allow":["GET"]}}],"collection":[{"href":"https:\/\/www.europesays.com\/es\/wp-json\/wp\/v2\/posts"}],"about":[{"href":"https:\/\/www.europesays.com\/es\/wp-json\/wp\/v2\/types\/post"}],"author":[{"embeddable":true,"href":"https:\/\/www.europesays.com\/es\/wp-json\/wp\/v2\/users\/2"}],"replies":[{"embeddable":true,"href":"https:\/\/www.europesays.com\/es\/wp-json\/wp\/v2\/comments?post=100664"}],"version-history":[{"count":0,"href":"https:\/\/www.europesays.com\/es\/wp-json\/wp\/v2\/posts\/100664\/revisions"}],"wp:featuredmedia":[{"embeddable":true,"href":"https:\/\/www.europesays.com\/es\/wp-json\/wp\/v2\/media\/100665"}],"wp:attachment":[{"href":"https:\/\/www.europesays.com\/es\/wp-json\/wp\/v2\/media?parent=100664"}],"wp:term":[{"taxonomy":"category","embeddable":true,"href":"https:\/\/www.europesays.com\/es\/wp-json\/wp\/v2\/categories?post=100664"},{"taxonomy":"post_tag","embeddable":true,"href":"https:\/\/www.europesays.com\/es\/wp-json\/wp\/v2\/tags?post=100664"}],"curies":[{"name":"wp","href":"https:\/\/api.w.org\/{rel}","templated":true}]}}