{"id":100759,"date":"2025-09-08T07:08:08","date_gmt":"2025-09-08T07:08:08","guid":{"rendered":"https:\/\/www.europesays.com\/es\/100759\/"},"modified":"2025-09-08T07:08:08","modified_gmt":"2025-09-08T07:08:08","slug":"cien-anos-de-alhucemas-cronica-de-un-desembarco","status":"publish","type":"post","link":"https:\/\/www.europesays.com\/es\/100759\/","title":{"rendered":"Cien a\u00f1os de Alhucemas, cr\u00f3nica de un desembarco"},"content":{"rendered":"<p><img fetchpriority=\"high\" decoding=\"async\" aria-describedby=\"caption-attachment-79605\" class=\"wp-image-79605 size-full\" src=\"https:\/\/www.europesays.com\/es\/wp-content\/uploads\/2025\/09\/Postales-Desembarco-Alhucemas-004.jpeg\" alt=\"desembarco de alhucemas centenario\" width=\"1600\" height=\"1000\"  \/><\/p>\n<p id=\"caption-attachment-79605\" class=\"wp-caption-text\">Playa del Morro Nuevo durante el desembarco de Alhucemas, septiembre de 1925, del que se cumplen ahora cien a\u00f1os. Postal de la \u00e9poca.<\/p>\n<p style=\"text-align: justify;\">En vanguardia, <strong>legionarios, guerreros de las harkas y las mehal-las, y carros de combate<\/strong>. Son la \u00e9lite del ejercito espa\u00f1ol en Marruecos, y ser\u00e1n los primeros en poner pie en la bah\u00eda de Alhucemas. Detr\u00e1s de ellas marchan las otras dos columnas que conforman la brigada a las \u00f3rdenes del general Leopoldo Saro Mar\u00edn, al mando del coronel Mart\u00edn Gonz\u00e1lez y del teniente coronel Miguel Campins Aura.<\/p>\n<p style=\"text-align: justify;\">Su destino es la playa de La Cebadilla, minada y fuertemente fortificada, cosa que desconocen los espa\u00f1oles. El destino juega a su favor. <strong>El viento empuja los nav\u00edos de desembarco hac\u00eda el oeste<\/strong>, en direcci\u00f3n a la playa de Ixdain, apenas protegida y defendida. Este hecho fortuito ser\u00e1 clave para que el desembarco sea un \u00e9xito.<\/p>\n<p style=\"text-align: justify;\">Sobre las 11.59 horas <strong>una gran sacudida desorienta a los asaltantes<\/strong>. Un banco de arena ha frenado a las lanchas de desembarco, que ya no podr\u00e1n avanzar. La distancia hasta la playa es grande, 50 metros. Si los soldados no pueden recorrer esa distancia a nado, no tendr\u00e1n otra opci\u00f3n que retirarse. Es un momento cr\u00edtico.<\/p>\n<p style=\"text-align: justify;\">El coronel Franco, al mando de la vanguardia, toma entonces una decisi\u00f3n irreversible que salva la operaci\u00f3n: ordenar al corneta que toque \u201c\u00a1al ataque!\u201d. Harque\u00f1os y legionarios con el agua al cuello y en alto los fusiles atraviesan r\u00e1pidamente la distancia hasta la playa. El desembarco sigue adelante, pero la falta de previsi\u00f3n ha estado a punto de arruinar la operaci\u00f3n.<\/p>\n<p style=\"text-align: justify;\">Los harke\u00f1os son los primeros en poner pie en tierra y avanzan de frente aumentando r\u00e1pidamente el espacio conquistado. Los legionarios les siguen a continuaci\u00f3n, que r\u00e1pidamente avanzan para ocupar las alturas que dominan las playas de La Cebadilla y Los Frailes. La resistencia rife\u00f1a es aplastada completamente.<\/p>\n<p><a href=\"https:\/\/www.europesays.com\/es\/wp-content\/uploads\/2025\/09\/04-El-desembarco-1.jpg\"><img loading=\"lazy\" decoding=\"async\" aria-describedby=\"caption-attachment-79603\" class=\"wp-image-79603 size-full\" src=\"https:\/\/www.europesays.com\/es\/wp-content\/uploads\/2025\/09\/04-El-desembarco-1.jpg\" alt=\"Mapa desembarco de alhucemas 1925\" width=\"1920\" height=\"1249\"  \/><\/a><\/p>\n<p id=\"caption-attachment-79603\" class=\"wp-caption-text\">Mapa del desembarco de Alhucemas, extra\u00eddo del libro <a href=\"https:\/\/www.despertaferro-ediciones.com\/revistas\/numero\/libro-historia-roberto-munoz-bolanos-alhucemas-1925-el-desembarco-que-decidio-la-guerra-de-marruecos-rif\/\" rel=\"nofollow noopener\" target=\"_blank\">Alhucemas 1925. El desembarco que decidi\u00f3 la Guerra de Marruecos<\/a>. \u00a9 Desperta Ferro Ediciones. Pincha para ampliar<\/p>\n<p style=\"text-align: justify;\">Los guerreros de las mehal-las desembarcan poco despu\u00e9s, pero <strong>son los legionarios los que llevan el peso de los combates<\/strong> contra los hombres de Abd-el-Krim. \u201cEs un empuje arrollador\u2026 los defensores demasiado tenaces son pasados a cuchillo. Son las tres de la tarde cuando quedan alcanzados todos los objetivos, con captura de tres ca\u00f1ones que el enemigo ten\u00eda en sus bater\u00edas de \u00abel Fraile\u00bb y Morro Nuevo\u201d.<\/p>\n<p style=\"text-align: justify;\">Paralelamente, y con la cabeza de playa asegurada, siguen desembarcando el resto de las unidades que conforman la columna de Franco. Los zapadores empiezan a fortificar las playas. A partir de las 13.00 horas empiezan a hacerlo los hombres de la columna de Mart\u00edn Gonz\u00e1lez, que dar\u00e1n descanso a los harke\u00f1os, agotados, tras librar una dura lucha.<\/p>\n<p style=\"text-align: justify;\">Los hombres de Abd-el-Krim empieza a darse cuenta entonces de la magnitud de la operaci\u00f3n puesta en marcha por los espa\u00f1oles y de las consecuencias que puede tener, y deciden derrotar el asalto anfibio en el lugar ideal para hacerlo: las arenas de las playas. Para ellos utilizan las <strong>ametralladoras y sobre todo los ca\u00f1ones capturados a espa\u00f1oles y franceses<\/strong>, servidos por desertores alemanes.<\/p>\n<p style=\"text-align: justify;\">El fuego rife\u00f1o es respondido por los ca\u00f1ones terrestres y navales espa\u00f1oles, pero obliga a modificar los planes. Los carros de combate y los hombres de la columna de Campins tendr\u00e1n que esperar. El material de guerra transportado en las barcazas tiene prioridad.<\/p>\n<p><img loading=\"lazy\" decoding=\"async\" aria-describedby=\"caption-attachment-79609\" class=\"size-full wp-image-79609\" src=\"https:\/\/www.europesays.com\/es\/wp-content\/uploads\/2025\/09\/F-13349-2.jpg\" alt=\"desembarco de Alhucemas 1925 playa la cebadilla\" width=\"1272\" height=\"1066\"  \/><\/p>\n<p id=\"caption-attachment-79609\" class=\"wp-caption-text\">Soldados, oficiales y jefes del Batall\u00f3n de \u00c1frica 3 embarcados en la K-7, dispuestos para desembarcar en la playa de La Cebadilla. Archivo General Militar de Madrid (AGMM).<\/p>\n<p style=\"text-align: justify;\">A las 22.00 horas <strong>casi 10 000 hombres con 3 bater\u00edas de artiller\u00eda, 11 carros de combate y 2000 toneladas de material est\u00e1n en tierra<\/strong>. Los espa\u00f1oles han asegurado la l\u00ednea de alturas inmediatas a las playas de Ixdain, La Cebadilla y Los Frailes.<\/p>\n<p style=\"text-align: justify;\">El primer d\u00eda del desembarco hab\u00eda sido un \u00e9xito. Las bajas espa\u00f1olas en la primera oleada de asalto, aunque considerables, son menores de lo que se tem\u00eda: 7 oficiales y 117 hombres muertos o heridos. La artiller\u00eda naval y sobre todo la aviaci\u00f3n han sido claves para ahorrar sangre a las fuerzas asaltantes. Pero, la operaci\u00f3n no ha terminado ni tampoco la resistencia rife\u00f1a como se demostrar\u00e1 en los d\u00edas venideros.<\/p>\n<p>Bibliograf\u00eda<\/p>\n<p class=\"post-meta\"><a href=\"https:\/\/www.despertaferro-ediciones.com\/categoria\/editorial\/desperta-ferro-revistas\/\" rel=\"category tag nofollow noopener\" target=\"_blank\">Desperta Ferro Revistas<\/a>, <a href=\"https:\/\/www.despertaferro-ediciones.com\/categoria\/editorial\/libros-desperta-ferro\/\" rel=\"category tag nofollow noopener\" target=\"_blank\">Libros Desperta Ferro<\/a>, <a href=\"https:\/\/www.despertaferro-ediciones.com\/categoria\/general\/\" rel=\"category tag nofollow noopener\" target=\"_blank\">General<\/a>, <a href=\"https:\/\/www.despertaferro-ediciones.com\/categoria\/historia\/historia-contemporanea\/\" rel=\"category tag nofollow noopener\" target=\"_blank\">Historia Contempor\u00e1nea<\/a>, <a href=\"https:\/\/www.despertaferro-ediciones.com\/categoria\/historia-de-espana\/\" rel=\"category tag nofollow noopener\" target=\"_blank\">Historia de Espa\u00f1a<\/a>, <a href=\"https:\/\/www.despertaferro-ediciones.com\/categoria\/historia-naval\/\" rel=\"category tag nofollow noopener\" target=\"_blank\">Historia naval<\/a> | <\/p>\n<p class=\"tags\"> Etiquetas: <a href=\"https:\/\/www.despertaferro-ediciones.com\/tag\/annual\/\" rel=\"tag nofollow noopener\" target=\"_blank\">Annual<\/a>, <a href=\"https:\/\/www.despertaferro-ediciones.com\/tag\/guerra-del-rif\/\" rel=\"tag nofollow noopener\" target=\"_blank\">Guerra del Rif<\/a>, <a href=\"https:\/\/www.despertaferro-ediciones.com\/tag\/el-desembarco-de-alhucemas\/\" rel=\"tag nofollow noopener\" target=\"_blank\">El desembarco de Alhucemas<\/a>, <a href=\"https:\/\/www.despertaferro-ediciones.com\/tag\/guerra-de-marruecos\/\" rel=\"tag nofollow noopener\" target=\"_blank\">Guerra de Marruecos<\/a><\/p>\n<p>Art\u00edculos relacionados <a href=\"https:\/\/www.despertaferro-ediciones.com\/2025\/la-jornada-de-tunez-de-carlos-v-cartones-tapices-para-la-historia\/\" class=\"entry-featured-image-url lozad\" data-background-image=\"https:\/\/www.despertaferro-ediciones.com\/wp-content\/uploads\/2025\/08\/GG_2044-RET-e1755507912312-923x315.jpg\" rel=\"nofollow noopener\" target=\"_blank\">  <\/a><\/p>\n<p class=\"post-meta\">18 agosto, 2025 | <a href=\"https:\/\/www.despertaferro-ediciones.com\/autor_blog\/antonio-gozalbo-nadal\/\" rel=\"nofollow noopener\" target=\"_blank\">Antonio Gozalbo Nadal | UJI<\/a><\/p>\n<p>La conquista de T\u00fanez por parte de Carlos V qued\u00f3 inmortalizada para la historia en una serie de c\u00e9lebres tapices. Menos conocidos a pesar de su enorme valor art\u00edstico son los cartones del tracista Jan Cornelisz Vermeyen que les sirvieron como patr\u00f3n, cuya publicaci\u00f3n en Espa\u00f1a hab\u00eda permanecido in\u00e9dita hasta la fecha. Esta es la historia de su creaci\u00f3n y de su&#8230; (<a href=\"https:\/\/www.despertaferro-ediciones.com\/2025\/la-jornada-de-tunez-de-carlos-v-cartones-tapices-para-la-historia\/ \" rel=\"nofollow noopener\" target=\"_blank\">Leer m\u00e1s<\/a>) Contenido patrocinado <a href=\"https:\/\/www.despertaferro-ediciones.com\/2025\/investigacion-arqueologica-yacimiento-la-ciudad-romana-de-el-forau-de-la-tuta-artieda-fundacion-palarq\/\" class=\"entry-featured-image-url lozad\" data-background-image=\"https:\/\/www.despertaferro-ediciones.com\/wp-content\/uploads\/2025\/07\/Fig2-1-447x315.jpg\" rel=\"nofollow noopener\" target=\"_blank\">  <\/a><\/p>\n<p class=\"post-meta\">15 agosto, 2025 | Equipo de Artieda. Proyecto \u00abAn\u00e1lisis multidisciplinar y gemelos digitales para el redescubrimiento del poblamiento romano en el prepirineo: El Forau de la Tuta (Artieda)\u00bb (Gobierno de Arag\u00f3n)<\/p>\n<p>El yacimiento de El Forau de la Tuta, situado en Artieda (Jacetania, Zaragoza), constituye una de las novedades m\u00e1s relevantes para el conocimiento del poblamiento romano en el Pirineo occidental&#8230;. (<a href=\"https:\/\/www.despertaferro-ediciones.com\/2025\/investigacion-arqueologica-yacimiento-la-ciudad-romana-de-el-forau-de-la-tuta-artieda-fundacion-palarq\/ \" rel=\"nofollow noopener\" target=\"_blank\">Leer m\u00e1s<\/a>) <a href=\"https:\/\/www.despertaferro-ediciones.com\/2025\/el-reino-visigodo-se-resiste-a-morir-lapida-witiza-granada\/\" class=\"entry-featured-image-url lozad\" data-background-image=\"https:\/\/www.despertaferro-ediciones.com\/wp-content\/uploads\/2025\/07\/CACIN_DEFINITIVA_NEGRO-1-447x225.jpg\" rel=\"nofollow noopener\" target=\"_blank\">  <\/a><\/p>\n<p class=\"post-meta\">11 julio, 2025 | Filipe No\u00e9 da Silva l Universidade do Estado de Santa Catarina, Brasil<\/p>\n<p>En los a\u00f1os 70, un joven profesor de Cac\u00edn (Granada), Eusebio P\u00e9rez G\u00f3mez, descubri\u00f3 incrustada en una pared del casco antiguo de su pueblo una l\u00e1pida visigoda que conten\u00eda un&#8230; (<a href=\"https:\/\/www.despertaferro-ediciones.com\/2025\/el-reino-visigodo-se-resiste-a-morir-lapida-witiza-granada\/ \" rel=\"nofollow noopener\" target=\"_blank\">Leer m\u00e1s<\/a>) Contenido patrocinado <a href=\"https:\/\/www.despertaferro-ediciones.com\/2025\/convocatoria-premio-nacional-palarq-2025-vuelve-el-mayor-galardon-en-arqueologia-y-paleontologia-humana\/\" class=\"entry-featured-image-url lozad\" data-background-image=\"https:\/\/www.despertaferro-ediciones.com\/wp-content\/uploads\/2025\/06\/banner-palarq-4E-e1749478329367-447x225.jpg\" rel=\"nofollow noopener\" target=\"_blank\">  <\/a><\/p>\n<p class=\"post-meta\">13 junio, 2025 | <a href=\"https:\/\/www.despertaferro-ediciones.com\/autor_blog\/fundacion-palarq\/\" rel=\"nofollow noopener\" target=\"_blank\">Fundaci\u00f3n Palarq<\/a><\/p>\n<p>Convocatoria abierta del 16 de mayo al 16 de junio. La nueva edici\u00f3n buscar\u00e1 promover la investigaci\u00f3n y catapultar proyectos de referencia en el panorama arqueol\u00f3gico y paleontol\u00f3gico. Con una&#8230; (<a href=\"https:\/\/www.despertaferro-ediciones.com\/2025\/convocatoria-premio-nacional-palarq-2025-vuelve-el-mayor-galardon-en-arqueologia-y-paleontologia-humana\/ \" rel=\"nofollow noopener\" target=\"_blank\">Leer m\u00e1s<\/a>)  Publicaci\u00f3n destacada <a href=\"https:\/\/www.despertaferro-ediciones.com\/2025\/400-anos-rendicion-asedio-de-breda-ambrosio-spinola-guerra-flandes-tercios\/\" class=\"entry-featured-image-url lozad\" data-background-image=\"https:\/\/www.despertaferro-ediciones.com\/wp-content\/uploads\/2025\/06\/Rendicion-447x225.jpg\" rel=\"nofollow noopener\" target=\"_blank\">  <\/a><\/p>\n<p class=\"post-meta\">5 junio, 2025 | <a href=\"https:\/\/www.despertaferro-ediciones.com\/autor_blog\/alex-claramunt-soto\/\" rel=\"nofollow noopener\" target=\"_blank\">\u00c0lex Claramunt Soto<\/a><\/p>\n<p>5 de junio de 1625. Tras nueve meses de asedio, la guarnici\u00f3n de Breda evac\u00faa la ciudad, que se ha rendido unos d\u00edas antes al ej\u00e9rcito de Ambrosio Sp\u00ednola, marqu\u00e9s&#8230; (<a href=\"https:\/\/www.despertaferro-ediciones.com\/2025\/400-anos-rendicion-asedio-de-breda-ambrosio-spinola-guerra-flandes-tercios\/ \" rel=\"nofollow noopener\" target=\"_blank\">Leer m\u00e1s<\/a>)<\/p>\n","protected":false},"excerpt":{"rendered":"Playa del Morro Nuevo durante el desembarco de Alhucemas, septiembre de 1925, del que se cumplen ahora cien&hellip;\n","protected":false},"author":2,"featured_media":100760,"comment_status":"","ping_status":"","sticky":false,"template":"","format":"standard","meta":{"footnotes":""},"categories":[5],"tags":[35611,17,18,35613,25,24,13,14,35614,35612,11,19,20,9,10,15,16,23,12,21,22],"class_list":{"0":"post-100759","1":"post","2":"type-post","3":"status-publish","4":"format-standard","5":"has-post-thumbnail","7":"category-titulares","8":"tag-annual","9":"tag-breaking-news","10":"tag-breakingnews","11":"tag-el-desembarco-de-alhucemas","12":"tag-es","13":"tag-espana","14":"tag-featured-news","15":"tag-featurednews","16":"tag-guerra-de-marruecos","17":"tag-guerra-del-rif","18":"tag-headlines","19":"tag-latest-news","20":"tag-latestnews","21":"tag-news","22":"tag-noticias","23":"tag-noticias-destacadas","24":"tag-noticiasdestacadas","25":"tag-spain","26":"tag-titulares","27":"tag-ultimas-noticias","28":"tag-ultimasnoticias"},"share_on_mastodon":{"url":"","error":""},"_links":{"self":[{"href":"https:\/\/www.europesays.com\/es\/wp-json\/wp\/v2\/posts\/100759","targetHints":{"allow":["GET"]}}],"collection":[{"href":"https:\/\/www.europesays.com\/es\/wp-json\/wp\/v2\/posts"}],"about":[{"href":"https:\/\/www.europesays.com\/es\/wp-json\/wp\/v2\/types\/post"}],"author":[{"embeddable":true,"href":"https:\/\/www.europesays.com\/es\/wp-json\/wp\/v2\/users\/2"}],"replies":[{"embeddable":true,"href":"https:\/\/www.europesays.com\/es\/wp-json\/wp\/v2\/comments?post=100759"}],"version-history":[{"count":0,"href":"https:\/\/www.europesays.com\/es\/wp-json\/wp\/v2\/posts\/100759\/revisions"}],"wp:featuredmedia":[{"embeddable":true,"href":"https:\/\/www.europesays.com\/es\/wp-json\/wp\/v2\/media\/100760"}],"wp:attachment":[{"href":"https:\/\/www.europesays.com\/es\/wp-json\/wp\/v2\/media?parent=100759"}],"wp:term":[{"taxonomy":"category","embeddable":true,"href":"https:\/\/www.europesays.com\/es\/wp-json\/wp\/v2\/categories?post=100759"},{"taxonomy":"post_tag","embeddable":true,"href":"https:\/\/www.europesays.com\/es\/wp-json\/wp\/v2\/tags?post=100759"}],"curies":[{"name":"wp","href":"https:\/\/api.w.org\/{rel}","templated":true}]}}