{"id":100761,"date":"2025-09-08T07:11:16","date_gmt":"2025-09-08T07:11:16","guid":{"rendered":"https:\/\/www.europesays.com\/es\/100761\/"},"modified":"2025-09-08T07:11:16","modified_gmt":"2025-09-08T07:11:16","slug":"soy-el-campeon-peleo-contra-cualquiera-relevo","status":"publish","type":"post","link":"https:\/\/www.europesays.com\/es\/100761\/","title":{"rendered":"\u00abSoy el campe\u00f3n, peleo contra cualquiera\u00bb\n| Relevo"},"content":{"rendered":"<p class=\"paragraph\" data-mrf-recirculation=\"Links art\u00edculo\">Una m\u00e1xima universal en los deportes de combate es que una pelea no se puede dar por hecha hasta que suena la campana. El camino a un pleito puede romperse en m\u00faltiples puntos y el mejor ejemplo ha sucedido este viernes. La <a class=\"link\" data-voc-vtm-id=\"in-text-traffic\" href=\"https:\/\/www.relevo.com\/mma\/ufc\/\" target=\"_self\" rel=\"nofollow noopener\">UFC<\/a> ten\u00eda todo listo para su primer PPV este s\u00e1bado. <strong>El <\/strong><a class=\"link\" href=\"https:\/\/www.relevo.com\/mma\/ufc\/horario-espana-cartelera-makhachev-tsarukyan-20250106003221-nt.html\" target=\"_self\" rel=\"nofollow noopener\"><strong>UFC 311<\/strong><\/a><strong> se iba a cerrar con la defensa del campeonato del peso ligero por parte de Islam Makhachev<\/strong>. El ruso, tras no poder estar el pasado octubre en Abu Dhabi por lesi\u00f3n, deb\u00eda hacer <a class=\"link\" data-voc-vtm-id=\"in-text-traffic\" href=\"https:\/\/www.relevo.com\/mma\/ufc\/makhachev-mira-topuria-utiliza-estrenar-20250116014733-nt.html\" target=\"_self\" rel=\"nofollow noopener\">frente a Arman Tsarukyan<\/a>, quien se hab\u00eda ganado la oportunidad al vencer a Charles Oliveira.<\/p>\n<p class=\"paragraph\" data-mrf-recirculation=\"Links art\u00edculo\">Todo segu\u00eda su curso hasta que este viernes tuvo lugar el pesaje oficial. <strong>Tsarukyan no aparec\u00eda y empezaron a llegar los rumores<\/strong>, los cuales acab\u00f3 confirmando Dana White en redes sociales. El armenio no estar\u00e1 disponible para la pelea. <strong>Una lesi\u00f3n en la espalda a \u00faltima hora le impidi\u00f3 estar en la jaula<\/strong>. Ni la UFC ni el peleador han dado m\u00e1s detalles, pero Tsarukyan s\u00ed quiso pedir disculpas a los fans asegurando que fue <strong>\u00abla decisi\u00f3n m\u00e1s dif\u00edcil que ha tenido que tomar como luchador\u00bb.<\/strong><\/p>\n<p class=\"paragraph\" data-mrf-recirculation=\"Links art\u00edculo\">Una vez que todo se dinamit\u00f3, la UFC se vio en la obligaci\u00f3n de buscar el mejor recambio posible. Hay otra pelea titular en la cartelera (<a class=\"link\" data-voc-vtm-id=\"in-text-traffic\" href=\"https:\/\/www.relevo.com\/mma\/ufc\/nurmagomedov-puede-cuatro-anos-despues-20250106001446-nt.html\" target=\"_self\" rel=\"nofollow noopener\">peso gallo<\/a>) y la cancelaci\u00f3n no les hubiese dejado tan descabezados, pero Makhachev es uno de los rostros de la empresa y su baja hubiese sido un palo muy duro. \u00abS<strong>oy el campe\u00f3n. Peleo contra cualquiera, no me importa quien sea. Estoy listo para defender mi t\u00edtulo<\/strong>\u00ab, le dijo el ruso a Dana White, seg\u00fan confirm\u00f3 el propio presidente de la UFC, cuando le inform\u00f3 de la situaci\u00f3n y le hizo saber que el elegido para ser su oponente era <strong>Renato Moicano<\/strong>. <\/p>\n<p class=\"paragraph\" data-mrf-recirculation=\"Links art\u00edculo\">El brasile\u00f1o, de 35 a\u00f1os, como era l\u00f3gico no dud\u00f3 en aceptar la oportunidad. Estaba preparado, ya que<strong> iba a pelear en esta misma cartelera frente a Beneil Dariush<\/strong>. <strong>Moicano, n\u00famero 10 del ranking del peso ligero, cuenta con un r\u00e9cord de 18 victorias, cinco derrotas y un empate<\/strong>. Ha demostrado ser un peleador vers\u00e1til, con 10 de sus triunfos logrados por sumisi\u00f3n. Su estilo agresivo y su habilidad en el jiu-jitsu brasile\u00f1o lo han convertido en un contendiente peligroso en cualquier situaci\u00f3n.<\/p>\n<p class=\"paragraph\" data-mrf-recirculation=\"Links art\u00edculo\">A lo largo de su carrera, Moicano ha enfrentado a algunos de los nombres mas reconocidos de la empresa, incluyendo a Jos\u00e9 Aldo, Brian Ortega y Rafael dos Anjos durante su etapa en el peso pluma. Si bien su camino ha estado marcado por altibajos, <strong>su capacidad para aceptar retos en corto aviso y su coraz\u00f3n para competir en la \u00e9lite lo han mantenido como un favorito entre los fan\u00e1ticos<\/strong>. El de este s\u00e1bado en el Intuit Dome de Inglewood (California) ser\u00e1 el combate m\u00e1s importante de su carrera. <\/p>\n<p class=\"paragraph\" data-mrf-recirculation=\"Links art\u00edculo\"><strong>Desde que debut\u00f3 en el peso ligero ha ganado siete de los nueve pleitos que ha disputado.<\/strong> Viene de derrotar a Benoit Saint Denis en septiembre de 2024 para sumar su cuarto triunfo consecutivo. Darius, quien se queda sin pelear, ha ca\u00eddo en sus dos \u00faltimos compromisos (Tsarukyan y Oliveira), lo que hizo que la UFC no tuviese dudas en elegir el reemplazo. La compa\u00f1\u00eda es experta en trabajar bajo presi\u00f3n para salvar eventos. El UFC 311 ha sido un nuevo ejemplo.<\/p>\n","protected":false},"excerpt":{"rendered":"Una m\u00e1xima universal en los deportes de combate es que una pelea no se puede dar por hecha&hellip;\n","protected":false},"author":2,"featured_media":100762,"comment_status":"","ping_status":"","sticky":false,"template":"","format":"standard","meta":{"footnotes":""},"categories":[276],"tags":[5773,168,25,24,297,388,524,35615,6260,23,167,343],"class_list":{"0":"post-100761","1":"post","2":"type-post","3":"status-publish","4":"format-standard","5":"has-post-thumbnail","7":"category-ufc","8":"tag-campeon","9":"tag-deportes","10":"tag-es","11":"tag-espana","12":"tag-horas","13":"tag-makhachev","14":"tag-nuevo","15":"tag-peleo","16":"tag-rival","17":"tag-spain","18":"tag-sports","19":"tag-ufc"},"share_on_mastodon":{"url":"","error":""},"_links":{"self":[{"href":"https:\/\/www.europesays.com\/es\/wp-json\/wp\/v2\/posts\/100761","targetHints":{"allow":["GET"]}}],"collection":[{"href":"https:\/\/www.europesays.com\/es\/wp-json\/wp\/v2\/posts"}],"about":[{"href":"https:\/\/www.europesays.com\/es\/wp-json\/wp\/v2\/types\/post"}],"author":[{"embeddable":true,"href":"https:\/\/www.europesays.com\/es\/wp-json\/wp\/v2\/users\/2"}],"replies":[{"embeddable":true,"href":"https:\/\/www.europesays.com\/es\/wp-json\/wp\/v2\/comments?post=100761"}],"version-history":[{"count":0,"href":"https:\/\/www.europesays.com\/es\/wp-json\/wp\/v2\/posts\/100761\/revisions"}],"wp:featuredmedia":[{"embeddable":true,"href":"https:\/\/www.europesays.com\/es\/wp-json\/wp\/v2\/media\/100762"}],"wp:attachment":[{"href":"https:\/\/www.europesays.com\/es\/wp-json\/wp\/v2\/media?parent=100761"}],"wp:term":[{"taxonomy":"category","embeddable":true,"href":"https:\/\/www.europesays.com\/es\/wp-json\/wp\/v2\/categories?post=100761"},{"taxonomy":"post_tag","embeddable":true,"href":"https:\/\/www.europesays.com\/es\/wp-json\/wp\/v2\/tags?post=100761"}],"curies":[{"name":"wp","href":"https:\/\/api.w.org\/{rel}","templated":true}]}}