{"id":100814,"date":"2025-09-08T07:56:07","date_gmt":"2025-09-08T07:56:07","guid":{"rendered":"https:\/\/www.europesays.com\/es\/100814\/"},"modified":"2025-09-08T07:56:07","modified_gmt":"2025-09-08T07:56:07","slug":"cerdan-sospecha-que-la-guardia-civil-oculta-su-colaboracion-con-koldo-garcia-y-reclama-el-material-que-expurgo","status":"publish","type":"post","link":"https:\/\/www.europesays.com\/es\/100814\/","title":{"rendered":"Cerd\u00e1n sospecha que la Guardia Civil oculta su colaboraci\u00f3n con Koldo Garc\u00eda y reclama el material que expurg\u00f3"},"content":{"rendered":"<p class=\"article-text\">\n        La defensa de Santos Cerd\u00e1n ha presentado este lunes en el Tribunal Supremo un extenso escrito en el que solicita una bater\u00eda de diligencias que reclama, entre otras cuestiones, que se aclare el verdadero papel que ha desempe\u00f1ado Koldo Garc\u00eda en su colaboraci\u00f3n con la Guardia Civil y que, sospechan los letrados, ha sido ocultado a trav\u00e9s del material expurgado por la Unidad Central Operativa sin control del magistrado del caso.\n    <\/p>\n<p>    <a href=\"https:\/\/www.eldiario.es\/politica\/caso-koldo-convulsiona-servicio-antiterrorista-guardia-civil_1_11735037.html\" data-mrf-recirculation=\"saber-mas\" data-dl-event=\"saber-mas\" rel=\"nofollow noopener\" target=\"_blank\"><\/p>\n<p class=\"know-more__title\">El caso Koldo convulsiona al servicio antiterrorista de la Guardia Civil<\/p>\n<p>            <img decoding=\"async\" class=\"lazy\" loading=\"lazy\" data-src=\"https:\/\/static.eldiario.es\/clip\/857bf913-31a9-4f88-88a8-44ed83e2a9bf_16-9-aspect-ratio_default_0.jpg\" src=\"data:image\/svg+xml,%3Csvg xmlns=\" http:=\"\" viewbox=\"0 0 880 495\" alt=\"El caso Koldo convulsiona al servicio antiterrorista de la Guardia Civil\"\/><\/p>\n<p>                        <\/a><\/p>\n<p class=\"article-text\">\n        Por este motivo piden que se reincorpore al procedimiento todo ese material \u201cdeclarado secreto\u201d y se aclare por qu\u00e9 el comandante imputado en la Audiencia Nacional compart\u00eda con sus subordinados un chat denominado \u201cK fontaner\u00eda\u201d que, seg\u00fan la defensa del ex secretario de Organizaci\u00f3n, podr\u00eda explicar las aut\u00e9nticas funciones del ex asesor de Jos\u00e9 Luis \u00c1balos, al aludir la K a la primera letra del nombre de Koldo. La tesis de fondo es que el procedimiento se ha dirigido contra Cerd\u00e1n por su papel en la negociaci\u00f3n con Junts.\n    <\/p>\n<p class=\"article-text\">\n        Los abogados recurren a un atestado de la propia UCO que sirvi\u00f3 para la imputaci\u00f3n del comandante Rub\u00e9n Villalba y a las conversaciones grabadas por \u00e9l mismo con su jefe, el coronel al mando de UCE-2, dentro del Servicio de Informaci\u00f3n. En esos audios el propio Villalba explica a su jefe el desembolso de unas cantidades para la compra de tel\u00e9fonos m\u00f3viles para Koldo Garc\u00eda.\n    <\/p>\n<p class=\"article-text\">\n        Los abogados de Cerd\u00e1n hacen alusi\u00f3n concreta a los comentarios sobre la \u201ccontaminaci\u00f3n\u201d de los dispositivos y lo relacionan con el hecho de que Koldo Garc\u00eda insista en que \u00e9l no grab\u00f3 las conversaciones que registran indicios contra el que fuera secretario de Organizaci\u00f3n del PSOE. Los abogados piden que la entrevista a Koldo Garc\u00eda en el programa Ma\u00f1aneros de TVE se incorpore a la causa. Tambi\u00e9n solicitan la declaraci\u00f3n de los superiores de Rub\u00e9n Villalba en la Guardia Civil, as\u00ed como de los agentes a sus \u00f3rdenes.\n    <\/p>\n<p class=\"article-text\">\n        Un segundo v\u00e9rtice del escrito de la defensa se centra en lo que considera una maniobra de V\u00edctor de Aldama para distraer su responsabilidad en la causa que le manten\u00eda en prisi\u00f3n provisional, el fraude de los hidrocarburos, hasta que decidi\u00f3 reconocer su participaci\u00f3n en la trama de las mascarillas de Fomento y denunciar la presunta responsabilidad en la corrupci\u00f3n de \u00c1balos y Cerd\u00e1n, entre otros responsables del PSOE.\n    <\/p>\n<p class=\"article-text\">\n        Seg\u00fan los abogados de Cerd\u00e1n, el empresario V\u00edctor de Aldama intent\u00f3 ocultar que sus ganancias proced\u00edan del citado fraude de los hidrocarburos y que fue con una parte de los 182 millones de euros que le atribuye la Agencia Tributaria con los que \u201cintent\u00f3 sobornar\u201d a Jos\u00e9 Luis \u00c1balos para que el Gobierno de Espa\u00f1a apoyara al l\u00edder de la oposici\u00f3n venezolana Juan Guaid\u00f3.\n    <\/p>\n<p class=\"article-text\">\n        \u201cNi fraude en la contrataci\u00f3n, ni Delcygate, sino fraude en el IVA del Petr\u00f3leo y Guaid\u00f3, que son las verdaderas razones por las que el se\u00f1or Aldama pretende disfrazar el origen il\u00edcito de su dinero para eludir las consecuencias que le llevan a prisi\u00f3n y que con sus falsarias declaraciones que dan lugar a este procedimiento, eludir la prisi\u00f3n preventiva como finalmente consigui\u00f3 e, incluso, intentar salvar las ganancias all\u00ed obtenidas\u201d, recoge el escrito de los letrados Benet Salellas y Jacobo Teijelo, al que ha tenido acceso elDiario.es.\n    <\/p>\n<p class=\"article-text\">\n        En este sentido, la defensa de Cerd\u00e1n solicita que se ponga a disposici\u00f3n del juzgado el listado de visitas que recibi\u00f3 Aldama en la c\u00e1rcel de Soto del Real antes de hacer la declaraci\u00f3n contra los pol\u00edticos socialistas \u201cal objeto de determinar las v\u00edas de concertaci\u00f3n y posibles instrucciones recibidas en prisi\u00f3n para dirigir su declaraci\u00f3n\u201d. V\u00edctor de Aldama estaba dado de alta como confidente de la unidad contra el terrorismo islamista de la Guardia Civil, <a href=\"https:\/\/www.eldiario.es\/politica\/caso-koldo-convulsiona-servicio-antiterrorista-guardia-civil_1_11735037.html\" target=\"_blank\" data-mrf-recirculation=\"links-noticia\" class=\"link\" rel=\"nofollow noopener\">en la que estaba enmarcado<\/a> el comandante imputado, Rub\u00e9n Villalba.\n    <\/p>\n<p class=\"article-text\">\n        El tercer pilar sobre el que se asienta el escrito de la defensa de Cerd\u00e1n apunta a las presuntas irregularidades cometidas en la apertura del procedimiento en el Tribunal Supremo. En el arranque del caso est\u00e1 la denuncia recibida en Anticorrupci\u00f3n y que present\u00f3 el Partido Popular de Madrid por el fraude de las mascarillas en Transportes. La defensa de Cerd\u00e1n destaca que la Fiscal\u00eda especializada acept\u00f3 investigar esa denuncia quince d\u00edas despu\u00e9s de que el Tribunal Supremo hubiera rechazado otras dos que iban en el mismo sentido. Lo denomina \u201cun patr\u00f3n de contradenuncia o renuncia reactiva\u201d.\n    <\/p>\n<p class=\"article-text\">\n        A\u00f1aden los letrados que el testimonio de Aldama se incorpor\u00f3 al Tribunal Supremo en \u201cuna vulneraci\u00f3n de los principios esenciales del procedimiento\u201d. Alegan que no hubo \u201cdesglose de hechos nuevos\u201d, que no se inco\u00f3 un nuevo procedimiento, ni hubo exposici\u00f3n razonada seguida de suplicatorio. Concluyen que se comenz\u00f3 a investigar a un aforado, Santos Cerd\u00e1n, sin la autorizaci\u00f3n del Congreso.\n    <\/p>\n<p class=\"article-text\">\n        Seg\u00fan la defensa de Cerd\u00e1n, el Tribunal Supremo abri\u00f3 una investigaci\u00f3n distinta al fraude de las mascarillas sin remitir un oficio a la Audiencia Nacional para que decidiera si hab\u00eda que elevar una exposici\u00f3n razonada sobre la presunta implicaci\u00f3n de Cerd\u00e1n. Adem\u00e1s, dicen, la Guardia Civil, \u201ca espaldas del juez y fuera de su control, remiti\u00f3 un oficio al Tribunal Supremo sin autorizaci\u00f3n\u201d del juez del caso Koldo en la Audiencia Nacional.\n    <\/p>\n<p class=\"article-text\">\n        La defensa de Cerd\u00e1n sospecha que el caso de la investigaci\u00f3n sin autorizaci\u00f3n del Congreso se est\u00e1 desarrollando en estos momentos contra otros miembros del PSOE, por lo que solicita al juez Leopoldo Puente que las paralice. Del mismo modo solicita que sean incorporados cuanto antes los informes patrimoniales sobre su defendido que la Guardia Civil asegura seguir elaborando.\n    <\/p>\n<p class=\"article-text\">\n        De otro lado, la defensa de Cerd\u00e1n vuelve a exponer sus dudas sobre la cadena de custodia de las grabaciones sobre las que se apoya la acusaci\u00f3n contra su cliente y denuncia que la Guardia Civil, en una actuaci\u00f3n irregular, ha \u201cdesplazado\u201d el lugar donde se encontraban los audios originalmente, de la nube a unos dispositivos concretos. Tambi\u00e9n expone que los n\u00fameros de las bolsas que conten\u00edan las pruebas no coinciden.\n    <\/p>\n<p>    Petici\u00f3n de puesta en libertad<\/p>\n<p class=\"article-text\">\n        Los abogados de Cerd\u00e1n han presentado este lunes un segundo escrito en el que vuelven a solicitar la puesta en libertad de su cliente, el que consideran que est\u00e1 encarcelado de acuerdo a \u201cuna sospecha policial\u201d sin otro sustento que la interpretaci\u00f3n que la UCO hace de las grabaciones incautadas a Koldo Garc\u00eda. Aseguran en este sentido que algunas de las grabaciones que se utilizan para acusarle no exceden la \u201cactividad pol\u00edtica\u201d de cualquiera que ostentara el puesto de secretario de Organizaci\u00f3n de un partido.\n    <\/p>\n<p>    <a href=\"https:\/\/www.eldiario.es\/politica\/supremo-mantiene-prision-provisional-santos-cerdan-papel-directivo-trama_1_12482730.html\" data-mrf-recirculation=\"saber-mas-abajo\" data-dl-event=\"saber-mas-abajo\" rel=\"nofollow noopener\" target=\"_blank\"><\/p>\n<p class=\"know-more__title\">El Supremo mantiene en prisi\u00f3n provisional a Santos Cerd\u00e1n por su \u201cpapel directivo\u201d en la trama<\/p>\n<p>            <img decoding=\"async\" class=\"lazy\" loading=\"lazy\" data-src=\"https:\/\/static.eldiario.es\/clip\/f6038b92-b3b2-4380-84c1-56ef989240cf_16-9-aspect-ratio_default_0_x1463y286.jpg\" src=\"data:image\/svg+xml,%3Csvg xmlns=\" http:=\"\" viewbox=\"0 0 880 495\" alt=\"El Supremo mantiene en prisi\u00f3n provisional a Santos Cerd\u00e1n por su &quot;papel directivo&quot; en la trama\"\/><\/p>\n<p>                        <\/a><\/p>\n<p class=\"article-text\">\n        Los abogados vuelven a exponer c\u00f3mo no se ha practicado ning\u00fan registro a Cerd\u00e1n y ni siquiera la Fiscal\u00eda Anticorrupci\u00f3n pregunt\u00f3 a los empresarios que prestaron declaraci\u00f3n por la supuesta actividad corruptora del pol\u00edtico. \u201cYa no es que no exista indicio ni prueba alguna de la actividad corruptora que se atribuye al Sr. Cerd\u00e1n con estos se\u00f1ores es que ni tan siquiera existe prueba ni que se hayan llegado a conocer nunca\u201d, a\u00f1aden.\n    <\/p>\n","protected":false},"excerpt":{"rendered":"La defensa de Santos Cerd\u00e1n ha presentado este lunes en el Tribunal Supremo un extenso escrito en el&hellip;\n","protected":false},"author":2,"featured_media":100815,"comment_status":"","ping_status":"","sticky":false,"template":"","format":"standard","meta":{"footnotes":""},"categories":[8],"tags":[17,18,9594,2804,598,25,24,35626,13,14,3142,2803,11,4164,19,20,15468,9,10,15,16,29681,17585,2931,23,12,21,22],"class_list":{"0":"post-100814","1":"post","2":"type-post","3":"status-publish","4":"format-standard","5":"has-post-thumbnail","7":"category-espana","8":"tag-breaking-news","9":"tag-breakingnews","10":"tag-cerdan","11":"tag-civil","12":"tag-colaboracion","13":"tag-es","14":"tag-espana","15":"tag-expurgo","16":"tag-featured-news","17":"tag-featurednews","18":"tag-garcia","19":"tag-guardia","20":"tag-headlines","21":"tag-koldo","22":"tag-latest-news","23":"tag-latestnews","24":"tag-material","25":"tag-news","26":"tag-noticias","27":"tag-noticias-destacadas","28":"tag-noticiasdestacadas","29":"tag-oculta","30":"tag-reclama","31":"tag-sospecha","32":"tag-spain","33":"tag-titulares","34":"tag-ultimas-noticias","35":"tag-ultimasnoticias"},"share_on_mastodon":{"url":"","error":""},"_links":{"self":[{"href":"https:\/\/www.europesays.com\/es\/wp-json\/wp\/v2\/posts\/100814","targetHints":{"allow":["GET"]}}],"collection":[{"href":"https:\/\/www.europesays.com\/es\/wp-json\/wp\/v2\/posts"}],"about":[{"href":"https:\/\/www.europesays.com\/es\/wp-json\/wp\/v2\/types\/post"}],"author":[{"embeddable":true,"href":"https:\/\/www.europesays.com\/es\/wp-json\/wp\/v2\/users\/2"}],"replies":[{"embeddable":true,"href":"https:\/\/www.europesays.com\/es\/wp-json\/wp\/v2\/comments?post=100814"}],"version-history":[{"count":0,"href":"https:\/\/www.europesays.com\/es\/wp-json\/wp\/v2\/posts\/100814\/revisions"}],"wp:featuredmedia":[{"embeddable":true,"href":"https:\/\/www.europesays.com\/es\/wp-json\/wp\/v2\/media\/100815"}],"wp:attachment":[{"href":"https:\/\/www.europesays.com\/es\/wp-json\/wp\/v2\/media?parent=100814"}],"wp:term":[{"taxonomy":"category","embeddable":true,"href":"https:\/\/www.europesays.com\/es\/wp-json\/wp\/v2\/categories?post=100814"},{"taxonomy":"post_tag","embeddable":true,"href":"https:\/\/www.europesays.com\/es\/wp-json\/wp\/v2\/tags?post=100814"}],"curies":[{"name":"wp","href":"https:\/\/api.w.org\/{rel}","templated":true}]}}