{"id":100834,"date":"2025-09-08T08:07:08","date_gmt":"2025-09-08T08:07:08","guid":{"rendered":"https:\/\/www.europesays.com\/es\/100834\/"},"modified":"2025-09-08T08:07:08","modified_gmt":"2025-09-08T08:07:08","slug":"felipe-vi-visita-a-su-amigo-jaime-anglada-en-el-hospital-de-son-espases","status":"publish","type":"post","link":"https:\/\/www.europesays.com\/es\/100834\/","title":{"rendered":"Felipe VI visita a su amigo Jaime Anglada en el hospital de Son Espases"},"content":{"rendered":"<p class=\"ft-text\">El rey <strong>Felipe VI<\/strong> ha visitado a su buen amigo<strong> <\/strong><a class=\"ft-link ft-link--decoration\" href=\"https:\/\/www.diariodemallorca.es\/cultura\/2025\/08\/26\/jaime-anglada-pasa-planta-semanas-120965038.html\" target=\"_blank\" rel=\"nofollow noopener\">Jaime Anglada<\/a> este fin de semana. El m\u00fasico, que sigue recuper\u00e1ndose del<a class=\"ft-link ft-link--decoration\" href=\"https:\/\/www.diariodemallorca.es\/sucesos\/sucesos-mallorca\/2025\/08\/08\/cantante-jaume-anglada-critico-arrollado-120451066.html\" rel=\"nofollow noopener\" target=\"_blank\"> grave accidente de moto<\/a> que sufri\u00f3 tras ser arrollado por un coche que se dio a la fuga y cuyo conductor fue detenido posteriormente, <strong>mantiene desde hace a\u00f1os una estrecha relaci\u00f3n con el Monarca<\/strong>.<\/p>\n<p class=\"ft-text\">Seg\u00fan han relatado varios testigos a este diario, <strong>el Rey acudi\u00f3 al hospital de Son Espases el pasado s\u00e1bado, al mediod\u00eda, y tambi\u00e9n este domingo, por la tarde<\/strong>. Felipe VI, al igual que la reina Letizia, ha estado pendiente de la evoluci\u00f3n de<a class=\"ft-link ft-link--decoration\" href=\"https:\/\/www.diariodemallorca.es\/sucesos\/sucesos-mallorca\/2025\/08\/28\/audiencia-palma-decreta-libertad-fianza-121015464.html\" target=\"_blank\" rel=\"nofollow noopener\"> Jaime Anglada<\/a> desde el d\u00eda del siniestro.<\/p>\n<p class=\"ft-text\"><strong>Felipe VI y Jaime Anglada coincidieron hace ya a\u00f1os en el CAM<\/strong>, velero con el que participaron en algunas ediciones de la Copa del Rey de vela, en aguas de la bah\u00eda de Palma. Desde hace ya tiempo, los Reyes se han convertido en unos seguidores del m\u00fasico mallorqu\u00edn, protagonista del tradicional concierto que se ofrece en el Club N\u00e1utico de Palma.<\/p>\n<p class=\"ft-text\">\u00ab<strong>Felipe y Letizia tambi\u00e9n son rockeros, lo demuestran viniendo a mis conciertos<\/strong>. Tambi\u00e9n son fans de Luz Casal y de otros. \u00a1Pero si es que tienen nuestra edad, no van por su casa con una corona escuchando m\u00fasica cl\u00e1sica! Tienen una gran sensibilidad hacia la m\u00fasica. Hablamos mucho de m\u00fasica y nos recomendamos discos\u00bb, le confes\u00f3 Anglada a este diario hace unos a\u00f1os.<\/p>\n<p class=\"ft-text\"><strong>La \u00faltima aparici\u00f3n p\u00fablica del m\u00fasico antes del accidente <\/strong><a class=\"ft-link ft-link--decoration\" href=\"https:\/\/www.diariodemallorca.es\/sociedad\/2025\/07\/25\/jaime-anglada-coctel-blanco-copa-rey-120038318.html\" rel=\"nofollow noopener\" target=\"_blank\">se produjo precisamente en el concierto del N\u00e1utico<\/a>, ya concluida la edici\u00f3n de este a\u00f1o de la Copa de vela, y cont\u00f3 con la presencia del Rey entre los espectadores, como puede verse en la imagen adjunta.<\/p>\n","protected":false},"excerpt":{"rendered":"El rey Felipe VI ha visitado a su buen amigo Jaime Anglada este fin de semana. El m\u00fasico,&hellip;\n","protected":false},"author":2,"featured_media":100835,"comment_status":"","ping_status":"","sticky":false,"template":"","format":"standard","meta":{"footnotes":""},"categories":[174],"tags":[35632,4420,255,209,146,147,25,24,256,10642,11439,17213,20970,185,2553,27509,23,1794,32030,938],"class_list":{"0":"post-100834","1":"post","2":"type-post","3":"status-publish","4":"format-standard","5":"has-post-thumbnail","7":"category-famosos","8":"tag-accidentes-de-trafico-en-mallorca","9":"tag-amigo","10":"tag-celebrities","11":"tag-cultura","12":"tag-entertainment","13":"tag-entretenimiento","14":"tag-es","15":"tag-espana","16":"tag-famosos","17":"tag-felipe","18":"tag-felipe-vi","19":"tag-jaime","20":"tag-jaime-anglada","21":"tag-musica","22":"tag-palma","23":"tag-son-espases","24":"tag-spain","25":"tag-vela","26":"tag-vi","27":"tag-visita"},"share_on_mastodon":{"url":"","error":""},"_links":{"self":[{"href":"https:\/\/www.europesays.com\/es\/wp-json\/wp\/v2\/posts\/100834","targetHints":{"allow":["GET"]}}],"collection":[{"href":"https:\/\/www.europesays.com\/es\/wp-json\/wp\/v2\/posts"}],"about":[{"href":"https:\/\/www.europesays.com\/es\/wp-json\/wp\/v2\/types\/post"}],"author":[{"embeddable":true,"href":"https:\/\/www.europesays.com\/es\/wp-json\/wp\/v2\/users\/2"}],"replies":[{"embeddable":true,"href":"https:\/\/www.europesays.com\/es\/wp-json\/wp\/v2\/comments?post=100834"}],"version-history":[{"count":0,"href":"https:\/\/www.europesays.com\/es\/wp-json\/wp\/v2\/posts\/100834\/revisions"}],"wp:featuredmedia":[{"embeddable":true,"href":"https:\/\/www.europesays.com\/es\/wp-json\/wp\/v2\/media\/100835"}],"wp:attachment":[{"href":"https:\/\/www.europesays.com\/es\/wp-json\/wp\/v2\/media?parent=100834"}],"wp:term":[{"taxonomy":"category","embeddable":true,"href":"https:\/\/www.europesays.com\/es\/wp-json\/wp\/v2\/categories?post=100834"},{"taxonomy":"post_tag","embeddable":true,"href":"https:\/\/www.europesays.com\/es\/wp-json\/wp\/v2\/tags?post=100834"}],"curies":[{"name":"wp","href":"https:\/\/api.w.org\/{rel}","templated":true}]}}