{"id":100860,"date":"2025-09-08T08:26:25","date_gmt":"2025-09-08T08:26:25","guid":{"rendered":"https:\/\/www.europesays.com\/es\/100860\/"},"modified":"2025-09-08T08:26:25","modified_gmt":"2025-09-08T08:26:25","slug":"si-quieres-hacer-algo-puedes","status":"publish","type":"post","link":"https:\/\/www.europesays.com\/es\/100860\/","title":{"rendered":"Si quieres hacer algo, puedes"},"content":{"rendered":"<p class=\"paragraph\" data-end=\"841\" data-start=\"449\" id=\"paragraph_1\"><strong>Ana B\u00f6ttcher<\/strong>, alemana afincada desde hace 35 a\u00f1os en Salto del Negro, una pedan\u00eda rural de C\u00fatar, ha cumplido un sue\u00f1o que llevaba d\u00e9cadas rond\u00e1ndole la cabeza: hacer un viaje largo en bicicleta. En concreto, el camino desde su casa en<strong> la Axarqu\u00eda malague\u00f1a<\/strong> hasta <strong>Bremen<\/strong>.<\/p>\n<p class=\"paragraph\" data-end=\"841\" data-start=\"449\" id=\"paragraph_2\">No lo hizo sola ni en l\u00ednea recta. La acompa\u00f1\u00f3 una gran amiga y juntas siguieron rutas cargadas de historia, en especial la V\u00eda de la Plata y otros trazados vinculados al antiguo Imperio Romano.<\/p>\n<p class=\"paragraph\" data-end=\"1286\" data-start=\"843\" id=\"paragraph_3\">\u201cYo siempre hab\u00eda pensado: <strong>un d\u00eda ir\u00e9 en bici hasta Alemania<\/strong>\u201d, cuenta Ana. La idea la inspir\u00f3 un compatriota que a\u00f1os atr\u00e1s lleg\u00f3 pedaleando desde su pa\u00eds. En Alemania, explica, los viajes en bicicleta son algo com\u00fan, mientras que en Espa\u00f1a suelen verse m\u00e1s como deporte que como transporte. Con 63 a\u00f1os decidi\u00f3 que hab\u00eda llegado el momento: <strong>\u201cLa vida es limitada, lo que quieras hacer tienes que hacerlo antes de hacerte mayor. Si no, viajan tus herederos\u201d.<\/strong><\/p>\n<p class=\"paragraph\" data-end=\"1802\" data-start=\"1319\" id=\"paragraph_4\">El 4 de mayo sali\u00f3 desde M\u00e1laga junto a una amiga. Eligieron atravesar primero Sevilla y Extremadura para enganchar con la V\u00eda de la Plata:<strong> \u201cNunca la hab\u00eda hecho y sab\u00eda que los paisajes eran muy bonitos\u201d.<\/strong><\/p>\n<p><img decoding=\"async\" alt=\"Uno de los alucinantes paisajes que vio.\" data-imgm=\"true\" height=\"180\" loading=\"lazy\"  src=\"https:\/\/www.europesays.com\/es\/wp-content\/uploads\/2025\/09\/1003743914467_258505400_1024x576.jpg\"  width=\"320\"\/><\/p>\n<p>                                                            Uno de los alucinantes paisajes que vio.<\/p>\n<p class=\"paragraph\" data-end=\"1802\" data-start=\"1319\" id=\"paragraph_6\">Desde M\u00e9rida, que le recuerda siempre a Roma, comenzaron a ser conscientes de que estaban cruzando territorios que anta\u00f1o pisaron los romanos.<strong> \u201cMi hijo me dijo: mam\u00e1, has cruzado el Imperio Romano de Occidente. Y era verdad, aunque no fue la intenci\u00f3n inicial\u201d,<\/strong> reconoce entre risas.<\/p>\n<p><img loading=\"lazy\" decoding=\"async\" alt=\"Ruta de bicicletas de monta\u00f1a (BTT)\" height=\"180\" src=\"https:\/\/www.europesays.com\/es\/wp-content\/uploads\/2025\/09\/722438127_229136284_320x180.jpg\" width=\"320\" data-lazy-status=\"processed\" data-lazy-info=\"remove loading item 1\"\/><\/p>\n<p class=\"paragraph\" data-end=\"2143\" data-start=\"1804\" id=\"paragraph_7\">En Salamanca se detuvieron en puntos como la hist\u00f3rica universidad, y m\u00e1s adelante recorrieron Burgos y San Sebasti\u00e1n hasta llegar a Francia, donde disfrutaron de la costa atl\u00e1ntica y los castillos del Loira. Ya en Alemania,<strong> pasaron por Trier que les record\u00f3 a la historia de M\u00e9rida y que lleg\u00f3 a ser apodada en su d\u00eda como la segunda Roma;<\/strong> y siguieron el Rhin hasta Osnabr\u00fcck, el \u00faltimo punto vinculado a los romanos antes de alcanzar Bremen.<\/p>\n<p class=\"paragraph\" data-end=\"2143\" data-start=\"1804\" id=\"paragraph_8\">En una aplicaci\u00f3n para deportistas viajeros ha ido narrando d\u00eda a d\u00eda sus aventuras a sus amigos, que en comentarios le apoyaban y la admiraban.<strong> Muchos de ellos no se imaginan firmando una haza\u00f1a como la suya, pero ella cree que todo el mundo puede hacer algo as\u00ed.<\/strong><\/p>\n<p class=\"paragraph\" data-end=\"2143\" data-start=\"1804\" id=\"paragraph_9\">Su compa\u00f1era no estaba especialmente entrenada y en realidad ella tampoco, pero como tiene <strong>un trabajo muy f\u00edsico como es el mantenimiento de casas reconoce que eso da much\u00edsima fuerza.<\/strong><\/p>\n<p>78 etapas, 3.750 kil\u00f3metros y muchas lecciones<\/p>\n<p class=\"paragraph\" data-end=\"2453\" data-start=\"2197\" id=\"paragraph_10\">En total,<strong> el viaje dur\u00f3 104 d\u00edas, de los cuales 78 fueron de pedaleo.<\/strong> El resto, pausas necesarias para descansar y conocer mejor los lugares visitados. La mayor\u00eda de las noches durmieron en tienda de campa\u00f1a: <strong>solo 14 veces optaron por hostales u hoteles.<\/strong><\/p>\n<p class=\"paragraph\" data-end=\"2841\" data-start=\"2455\" id=\"paragraph_11\">No todo fue f\u00e1cil. \u201cEn Zamora tuvimos que empujar la bici porque las cuestas eran imposibles. En el Pa\u00eds Vasco nos toc\u00f3 pedalear por una autov\u00eda de cuatro carriles, y en Francia<strong> sufrimos olas de calor de 40 grados<\/strong>\u201d.<\/p>\n<p class=\"paragraph\" data-end=\"2841\" data-start=\"2455\" id=\"paragraph_12\">Aun as\u00ed, Ana insiste en que lo m\u00e1s duro no fue lo f\u00edsico, sino tener fuerzas suficientes para arrancar cada uno de los m\u00e1s de cien d\u00edas que estuvieron de viaje.<\/p>\n<p class=\"paragraph\" data-end=\"3047\" data-start=\"2843\" id=\"paragraph_13\">La aventura tambi\u00e9n fue un viaje repleto de aprendizaje. Para Ana eso ha sido lo m\u00e1s importante, adora aprender cosas nuevas. \u201c<strong>He aprendido c\u00f3mo crecen los garbanzos, o muchas plantas que ve\u00eda en el camino.<\/strong> Como \u00edbamos despacio, pod\u00edamos observar todo y buscarlo en el m\u00f3vil. Igual que la ruta, que era improvisada totalmente. Hac\u00edamos lo que nos iba apeteciendo\u201d.<\/p>\n<p><img decoding=\"async\" alt=\"Ana se encontr\u00f3 un \u00e1rbol por el camino.\" data-imgm=\"true\" height=\"180\" loading=\"lazy\"  src=\"https:\/\/www.europesays.com\/es\/wp-content\/uploads\/2025\/09\/1003743914453_258505082_1024x576.jpg\"  width=\"320\"\/><\/p>\n<p>                                                            Ana se encontr\u00f3 un \u00e1rbol por el camino.<\/p>\n<p>                    Cedida<\/p>\n<p class=\"paragraph\" data-end=\"3318\" data-start=\"3093\" id=\"paragraph_14\">Ana subraya la importancia de haber compartido la ruta con su amiga: \u201c<strong>El mayor logro fue que no nos peleamos en tres meses, a pesar de estar 24 horas juntas en espacios muy peque\u00f1os<\/strong>. Eso no lo aguantar\u00eda ni con un marido\u201d, confiesa entre risas.<\/p>\n<p class=\"paragraph\" data-end=\"3318\" data-start=\"3093\" id=\"paragraph_15\">La alemana tambi\u00e9n ha tenido tiempo para reflexionar. Cree que nos complicamos demasiado en la rutina diaria. Le ha aliviado mucho tener que pensar solo en algo m\u00e1s de tres meses en pedalear, comer y encontrar d\u00f3nde echar un sue\u00f1o.<strong> \u00abNo ten\u00eda m\u00e1s preocupaci\u00f3n. Creo que la vida tampoco era f\u00e1cil, pero s\u00ed muy simple\u00bb<\/strong>, sostiene.<\/p>\n<p><img decoding=\"async\" alt=\"Ana y su amiga compartiendo un rato de relax.\" data-imgm=\"true\" height=\"180\" loading=\"lazy\"  src=\"https:\/\/www.europesays.com\/es\/wp-content\/uploads\/2025\/09\/1003743914455_258505091_1024x576.jpg\"  width=\"320\"\/><\/p>\n<p>                                                            Ana y su amiga compartiendo un rato de relax.<\/p>\n<p class=\"paragraph\" data-end=\"3753\" data-start=\"3508\" id=\"paragraph_16\">Y el recorrido lo hicieron con bicicletas normales, no el\u00e9ctricas. \u201c<strong>Eso nos dio libertad, porque no depend\u00edamos de enchufes.<\/strong> Incluso alguna noche acampamos al aire libre y nos topamos con la Guardia Civil, que se sorprend\u00eda cuando les dec\u00edamos que \u00edbamos hasta Alemania\u201d.<\/p>\n<p class=\"paragraph\" data-end=\"4031\" data-start=\"3800\" id=\"paragraph_17\">El viaje culmin\u00f3 en Bremen, donde la hija de su amiga les prepar\u00f3 una pancarta y su propia familia &#8211;la mayor\u00eda reside all\u00ed&#8211; la recibi\u00f3 con flores y una fiesta sorpresa improvisada. \u201c<strong>Fue muy emotivo. Estaban mis hijos, mi hermana\u2026<\/strong> Despu\u00e9s de tantos kil\u00f3metros, llegar y verlos fue muy bonito\u201d, declara.<\/p>\n<p><img decoding=\"async\" alt=\"La pancarta con la que ambas fueron recibidas.\" data-imgm=\"true\" height=\"180\" loading=\"lazy\"  src=\"https:\/\/www.europesays.com\/es\/wp-content\/uploads\/2025\/09\/1003743914468_258505429_1024x576.jpg\"  width=\"320\"\/><\/p>\n<p>                                                            La pancarta con la que ambas fueron recibidas.<\/p>\n<p class=\"paragraph\" data-end=\"4280\" data-start=\"4033\" id=\"paragraph_18\">Hoy, de vuelta en Salto del Negro, Ana sigue convencida de que la edad no es excusa para cumplir cualquier sue\u00f1o. Ella ya guarda en su mochila de recuerdos una de las mejores experiencias que ha podido vivir.<strong> Y todo parece indicar que si la vida le sigue dando salud y fuerza, ser\u00e1n muchas las p\u00e1ginas que le queden por escribir en su libro de aventuras particular.<\/strong><\/p>\n","protected":false},"excerpt":{"rendered":"Ana B\u00f6ttcher, alemana afincada desde hace 35 a\u00f1os en Salto del Negro, una pedan\u00eda rural de C\u00fatar, ha&hellip;\n","protected":false},"author":2,"featured_media":100861,"comment_status":"","ping_status":"","sticky":false,"template":"","format":"standard","meta":{"footnotes":""},"categories":[273],"tags":[313,312,168,25,24,3855,6435,23,167,226],"class_list":{"0":"post-100860","1":"post","2":"type-post","3":"status-publish","4":"format-standard","5":"has-post-thumbnail","7":"category-ciclismo","8":"tag-ciclismo","9":"tag-cycling","10":"tag-deportes","11":"tag-es","12":"tag-espana","13":"tag-malaga","14":"tag-malaga-provincia","15":"tag-spain","16":"tag-sports","17":"tag-viajes"},"share_on_mastodon":{"url":"","error":""},"_links":{"self":[{"href":"https:\/\/www.europesays.com\/es\/wp-json\/wp\/v2\/posts\/100860","targetHints":{"allow":["GET"]}}],"collection":[{"href":"https:\/\/www.europesays.com\/es\/wp-json\/wp\/v2\/posts"}],"about":[{"href":"https:\/\/www.europesays.com\/es\/wp-json\/wp\/v2\/types\/post"}],"author":[{"embeddable":true,"href":"https:\/\/www.europesays.com\/es\/wp-json\/wp\/v2\/users\/2"}],"replies":[{"embeddable":true,"href":"https:\/\/www.europesays.com\/es\/wp-json\/wp\/v2\/comments?post=100860"}],"version-history":[{"count":0,"href":"https:\/\/www.europesays.com\/es\/wp-json\/wp\/v2\/posts\/100860\/revisions"}],"wp:featuredmedia":[{"embeddable":true,"href":"https:\/\/www.europesays.com\/es\/wp-json\/wp\/v2\/media\/100861"}],"wp:attachment":[{"href":"https:\/\/www.europesays.com\/es\/wp-json\/wp\/v2\/media?parent=100860"}],"wp:term":[{"taxonomy":"category","embeddable":true,"href":"https:\/\/www.europesays.com\/es\/wp-json\/wp\/v2\/categories?post=100860"},{"taxonomy":"post_tag","embeddable":true,"href":"https:\/\/www.europesays.com\/es\/wp-json\/wp\/v2\/tags?post=100860"}],"curies":[{"name":"wp","href":"https:\/\/api.w.org\/{rel}","templated":true}]}}