{"id":100864,"date":"2025-09-08T08:28:11","date_gmt":"2025-09-08T08:28:11","guid":{"rendered":"https:\/\/www.europesays.com\/es\/100864\/"},"modified":"2025-09-08T08:28:11","modified_gmt":"2025-09-08T08:28:11","slug":"como-y-donde-seguir-en-directo-el-unicaja-vs-real-madrid-del-costa-del-sol","status":"publish","type":"post","link":"https:\/\/www.europesays.com\/es\/100864\/","title":{"rendered":"C\u00f3mo y d\u00f3nde seguir EN DIRECTO el Unicaja VS Real Madrid del Costa del Sol"},"content":{"rendered":"<p>            <a href=\"https:\/\/www.merchanendirecto.es\/wp-content\/uploads\/2025\/09\/476913_30.webp\" data-caption=\"Tyler Kalinoski ante Edy Taveres \/\/&#010;Foto: Unciaja CB.\" rel=\"nofollow noopener\" target=\"_blank\"><img loading=\"lazy\" decoding=\"async\" width=\"696\" height=\"391\" class=\"entry-thumb td-modal-image\" src=\"https:\/\/www.europesays.com\/es\/wp-content\/uploads\/2025\/09\/476913_30-696x391.webp.webp\"   alt=\"\" title=\"C\u00f3mo y d\u00f3nde seguir EN DIRECTO el Unicaja VS Real Madrid del Costa del Sol\"\/><\/a>Tyler Kalinoski ante Edy Taveres \/\/<br \/>\nFoto: Unciaja CB.<\/p>\n<p>El <strong>Unicaja regres<\/strong>a al <strong>Carpena<\/strong> para <strong>cerrar<\/strong> el <strong>XIV Torneo Costa del Sol<\/strong>. El <strong>evento de tres d\u00edas<\/strong> pondr\u00e1 la <strong>guinda<\/strong> en el <strong>templo del baloncesto malague\u00f1o<\/strong>. Los de <strong><a href=\"https:\/\/www.merchanendirecto.es\/unicaja\/ibon-navarro-el-tercer-cuarto-ha-sido-bueno-pero-lo-de-dani-nos-deja-muy-tocados\/\" target=\"_blank\" rel=\"noreferrer noopener nofollow\">Ibon Navarro<\/a><\/strong>, despu\u00e9s de <a href=\"https:\/\/www.merchanendirecto.es\/unicaja\/el-unicaja-suma-victoria-en-la-primera-cita-del-costa-del-sol\/\" target=\"_blank\" rel=\"noreferrer noopener nofollow\">imponerse al <strong>Alba Berl\u00edn<\/strong> este viernes<\/a>, recibir\u00e1n al <strong>Real Madrid<\/strong>. La <strong>preparaci\u00f3n<\/strong> mantiene varias <a href=\"https:\/\/www.merchanendirecto.es\/unicaja\/ibon-aclara-el-estado-de-chris-duarte-alberto-diaz-y-xavier-castaneda\/\" target=\"_blank\" rel=\"noreferrer noopener nofollow\"><strong>bajas<\/strong> por <strong>lesi\u00f3n<\/strong><\/a>, m\u00e1s la <strong>ausencia<\/strong> de <strong>Olek Balcerowski<\/strong> por su <strong>presencia<\/strong> en el <strong>Eurobasket<\/strong>. La <strong>afici\u00f3n<\/strong> ha demostrado que tiene <strong>ganas<\/strong> de la <strong>temporada 2025\/26<\/strong> con el <strong>casi \u2018sold out<\/strong>\u2018 de las <strong>entradas<\/strong>. As\u00ed, <strong>c\u00f3mo y d\u00f3nde seguir EN DIRECTO el Unicaja VS Real Madrid del Costa del Sol<\/strong>.<\/p>\n<p><strong>Horario, televisi\u00f3n y web del Unicaja VS Real Madrid del XIV Torneo Costa del Sol<\/strong><\/p>\n<p>El\u00a0<strong>Unicaja<\/strong>\u00a0disputar\u00e1 su<strong> tercer partido<\/strong>\u00a0de\u00a0<strong>pretemporada<\/strong>\u00a0este\u00a0<strong>domingo 7 de septiembre<\/strong>. Tras la victoria ante el Alba Berl\u00edn en el primero de los duelos del <strong>XIV Torneo Costa del So<\/strong>l, los de Ibon Navarro regresan al <strong>Palacio de los Deportes Jos\u00e9 Mar\u00eda Mart\u00edn Carpen<\/strong>a. El rival en el estreno en el templo del baloncesto malague\u00f1o es el Real Madrid. La cita, que tendr\u00e1 lugar a partir de las <strong>18:00 horas<\/strong>, se podr\u00e1 ver por televisi\u00f3n a trav\u00e9s de\u00a0<strong>101TV<\/strong>.<\/p>\n<p><strong>Toda la informaci\u00f3n<\/strong>\u00a0del\u00a0<strong>encuentro<\/strong>\u00a0estar\u00e1\u00a0<strong>disponible<\/strong>\u00a0antes, durante y despu\u00e9s del mismo en la\u00a0<strong>web<\/strong>\u00a0de\u00a0<strong><a href=\"https:\/\/www.merchanendirecto.es\/category\/unicaja\/\" rel=\"nofollow noopener\" target=\"_blank\">Radio MARCA M\u00e1laga<\/a><\/strong>.<\/p>\n<blockquote class=\"twitter-tweet\">\n<p lang=\"es\" dir=\"ltr\">\ud83c\udfc0 Vuelta al Carpena frente al <a href=\"https:\/\/twitter.com\/RMBaloncesto?ref_src=twsrc%5Etfw\" rel=\"nofollow noopener\" target=\"_blank\">@RMBaloncesto<\/a> en el <a href=\"https:\/\/twitter.com\/hashtag\/XIVTorneoCostaDelSol?src=hash&amp;ref_src=twsrc%5Etfw\" rel=\"nofollow noopener\" target=\"_blank\">#XIVTorneoCostaDelSol<\/a><br \/>\ud83d\udcc5 Domingo 7<br \/>\u231a\ufe0f18:00h<br \/>\ud83d\udcb8 8\u20ac<br \/>\ud83c\udf9f\ufe0f ENTRADAS <a href=\"https:\/\/t.co\/PoddREpHHx\" rel=\"nofollow\">https:\/\/t.co\/PoddREpHHx<\/a><br \/>\u203c\ufe0f \u00a1ABONADO! Este partido no est\u00e1 incluido en tu abono<br \/>\ud83d\udc9a\ud83d\udc9c <a href=\"https:\/\/twitter.com\/hashtag\/YoSoyDelUnicaja?src=hash&amp;ref_src=twsrc%5Etfw\" rel=\"nofollow noopener\" target=\"_blank\">#YoSoyDelUnicaja<\/a> <a href=\"https:\/\/twitter.com\/diputacionMLG?ref_src=twsrc%5Etfw\" rel=\"nofollow noopener\" target=\"_blank\">@diputacionMLG<\/a> <a href=\"https:\/\/twitter.com\/vivecostadelsol?ref_src=twsrc%5Etfw\" rel=\"nofollow noopener\" target=\"_blank\">@vivecostadelsol<\/a><\/p>\n<p>\u2014 UnicajaCB (@unicajaCB) <a href=\"https:\/\/twitter.com\/unicajaCB\/status\/1964312638269378959?ref_src=twsrc%5Etfw\" rel=\"nofollow noopener\" target=\"_blank\">September 6, 2025<\/a><\/p><\/blockquote>\n<p>        <script async src=\"https:\/\/platform.twitter.com\/widgets.js\" charset=\"utf-8\"><\/script><\/p>\n","protected":false},"excerpt":{"rendered":"Tyler Kalinoski ante Edy Taveres \/\/ Foto: Unciaja CB. El Unicaja regresa al Carpena para cerrar el XIV&hellip;\n","protected":false},"author":2,"featured_media":100865,"comment_status":"","ping_status":"","sticky":false,"template":"","format":"standard","meta":{"footnotes":""},"categories":[269],"tags":[299,298,168,25,24,10765,23,167,9231,35599],"class_list":{"0":"post-100864","1":"post","2":"type-post","3":"status-publish","4":"format-standard","5":"has-post-thumbnail","7":"category-baloncesto","8":"tag-baloncesto","9":"tag-basketball","10":"tag-deportes","11":"tag-es","12":"tag-espana","13":"tag-real-madrid-baloncesto","14":"tag-spain","15":"tag-sports","16":"tag-unicaja-malaga","17":"tag-xiv-torneo-costa-del-sol"},"share_on_mastodon":{"url":"","error":""},"_links":{"self":[{"href":"https:\/\/www.europesays.com\/es\/wp-json\/wp\/v2\/posts\/100864","targetHints":{"allow":["GET"]}}],"collection":[{"href":"https:\/\/www.europesays.com\/es\/wp-json\/wp\/v2\/posts"}],"about":[{"href":"https:\/\/www.europesays.com\/es\/wp-json\/wp\/v2\/types\/post"}],"author":[{"embeddable":true,"href":"https:\/\/www.europesays.com\/es\/wp-json\/wp\/v2\/users\/2"}],"replies":[{"embeddable":true,"href":"https:\/\/www.europesays.com\/es\/wp-json\/wp\/v2\/comments?post=100864"}],"version-history":[{"count":0,"href":"https:\/\/www.europesays.com\/es\/wp-json\/wp\/v2\/posts\/100864\/revisions"}],"wp:featuredmedia":[{"embeddable":true,"href":"https:\/\/www.europesays.com\/es\/wp-json\/wp\/v2\/media\/100865"}],"wp:attachment":[{"href":"https:\/\/www.europesays.com\/es\/wp-json\/wp\/v2\/media?parent=100864"}],"wp:term":[{"taxonomy":"category","embeddable":true,"href":"https:\/\/www.europesays.com\/es\/wp-json\/wp\/v2\/categories?post=100864"},{"taxonomy":"post_tag","embeddable":true,"href":"https:\/\/www.europesays.com\/es\/wp-json\/wp\/v2\/tags?post=100864"}],"curies":[{"name":"wp","href":"https:\/\/api.w.org\/{rel}","templated":true}]}}