{"id":100872,"date":"2025-09-08T08:40:07","date_gmt":"2025-09-08T08:40:07","guid":{"rendered":"https:\/\/www.europesays.com\/es\/100872\/"},"modified":"2025-09-08T08:40:07","modified_gmt":"2025-09-08T08:40:07","slug":"mercadona-busca-personal-informatico-con-sueldos-superiores-a-4-000-euros-al-mes","status":"publish","type":"post","link":"https:\/\/www.europesays.com\/es\/100872\/","title":{"rendered":"Mercadona busca personal inform\u00e1tico con sueldos superiores a 4.000 euros al mes"},"content":{"rendered":"<p><img decoding=\"async\" class=\"voc-author__img\" src=\"https:\/\/s3.abcstatics.com\/comun\/2015\/img\/autor\/autor-5119-foto-4.jpeg\" alt=\"David Maroto\"\/><\/p>\n<p class=\"voc-p\" style=\"\"><strong>Mercadona<\/strong> busca personal para su departamento IT, encargado de la transformaci\u00f3n digital de la empresa, desde desarrollar nuevas herramientas para optimizar procesos como dise\u00f1ar los productos y los <a href=\"https:\/\/www.abc.es\/espana\/comunidad-valenciana\/mercadona-busca-personal-preparar-pedidos-almacen-sueldos-20250905113704-nt.html\" target=\"_blank\" data-voc-vtm-id=\"in-text-traffic\" title=\"supermercados\" data-mrf-link=\"www.abc.es\" rel=\"nofollow noopener\">supermercados<\/a>. Actualmente, el equipo inform\u00e1tico lo forman cerca de 1.200 empleados.<\/p>\n<p class=\"voc-p\" style=\"\">La cadena de distribuci\u00f3n ofrece diferentes puestos en su nuevo portal de empleo, todos ellos con sueldos competitivos acordes a la experiencia que demuestre el candidato. Por ejemplo, Mercadona busca contratar un <strong>t\u00e9cnico de soporte inform\u00e1tico CAU N2<\/strong>, cuyo objetivo ser\u00e1 resolver incidencias de segundo nivel en un entorno transversal, as\u00ed como asegurar el correcto funcionamiento de los sistemas y el soporte a los usuarios.<\/p>\n<p class=\"voc-p\" style=\"\">Para esta oferta, Mercadona ofrece formar parte de proyectos \u00fanicos y de gran impacto, dentro de un stack tecnol\u00f3gico de alto nivel, adem\u00e1s de disfrutar de un<strong> plan de carrera con revisiones salariales anuales<\/strong>, flexibilidad horaria, formaci\u00f3n continua y crecimiento profesional, estabilidad y cultura de equipo, servicio m\u00e9dico propio. y trabajar en oficinas innovadoras y colaborativas.<\/p>\n<p class=\"voc-p\" style=\"\"><strong>Mercadona<\/strong> pide de formaci\u00f3n para este puesto haber superado el Grado en Inform\u00e1tica o Telecomunicaciones y disponer del conocimiento imprescindible de gesti\u00f3n de bases de datos Oracle o PostgreSQL y manejo intermedio de herramientas ofim\u00e1ticas. Tambi\u00e9n valorar\u00e1 dominar lenguajes de programaci\u00f3n con C++ o Spring Boot, dise\u00f1o e integraci\u00f3n de APIs REST, sistemas de mensajer\u00eda Kafka, contenerizaci\u00f3n y despliegue con Docker y Kubernetes y certificaciones LPIC o CCNA.<\/p>\n<p class=\"voc-p\" style=\"\">Adem\u00e1s, pide experiencia en la gesti\u00f3n de incidencias inform\u00e1ticas, herramientas de diagnostico y monitorizaci\u00f3n y requiere de carn\u00e9 de conducir y veh\u00edculo propia, as\u00ed como disponibilidad para trabajar en turnos rotativos todo el a\u00f1o. La retribuci\u00f3n anual bruta en funci\u00f3n de la experiencia para este puesto oscila entre los <strong>28.800 y los 43.700 euros<\/strong>.<\/p>\n<p>\nPuestos de inform\u00e1tica en Mercadona\n<\/p>\n<p class=\"voc-p\" style=\"\">Otro de los puestos inform\u00e1ticos que oferta Mercadona es el de ingeniero de <strong>Plataforma Cloud<\/strong>, cuyo objetivo ser\u00e1 gestionar la infraestructura para aplicaciones Cloud Native, colaborando con desarrollo para crear soluciones escalables y eficientes en entornos productivos.<\/p>\n<p class=\"voc-p\" style=\"\">Tambi\u00e9n pide el grado o ciclo formativo de <strong>grado superior en Inform\u00e1tica<\/strong> o Telecomunicaciones y el conocimiento en infraestructuras como c\u00f3digo con Terraform y Ansible, Ecosistema CNA: Kubernetes, Helm, y gesti\u00f3n de contenedores, automatizaci\u00f3n y scripting: Python, Shell u otros lenguajes similares, herramientas de CI\/CD y Observabilidad como Jenkins, Kibana y Grafana y solido entendimiento del ciclo de vida del desarrollo software.<\/p>\n<p class=\"voc-p\" style=\"\">La experiencia demandables es de m\u00ednimo 4 a\u00f1os trabajando con tecnolog\u00edas de infraestructura y automatizaci\u00f3n en entornos Cloud y el sueldo que ofrece Mercadona va desde los 39.400 hasta los 59.800 euros brutos anuales, lo que al mes, en doce pagas, son casi <strong>5.000 euros brutos<\/strong>.<\/p>\n<p class=\"voc-p\" style=\"\">Los dem\u00e1s puestos inform\u00e1ticos que ofrece Mercadona, como el de desarrollador ServiceNow con experiencia en procesos ITSM e ITIL -con sueldos de hasta 43.700 euros brutos al a\u00f1o- o el de DevOps Engineer -tambi\u00e9n hasta 59.800 euros anuales-, se pueden consultar en su <a href=\"https:\/\/mercadona.avature.net\/es_ES\/Careers\/SearchJobs?2310=43414052&amp;listFilterMode=1\" target=\"_blank\" data-voc-vtm-id=\"in-text-traffic\" title=\"portal de empleo\" data-mrf-link=\"mercadona.avature.net\" rel=\"nofollow noopener\">portal de empleo<\/a> con mayor detalle.<\/p>\n<p>Reportar un error<\/p>\n","protected":false},"excerpt":{"rendered":"Mercadona busca personal para su departamento IT, encargado de la transformaci\u00f3n digital de la empresa, desde desarrollar nuevas&hellip;\n","protected":false},"author":2,"featured_media":100873,"comment_status":"","ping_status":"","sticky":false,"template":"","format":"standard","meta":{"footnotes":""},"categories":[80],"tags":[35641,331,82,95,94,25,24,1557,35639,4973,1970,3053,23,13243,35640],"class_list":{"0":"post-100872","1":"post","2":"type-post","3":"status-publish","4":"format-standard","5":"has-post-thumbnail","7":"category-economia","8":"tag-35641","9":"tag-busca","10":"tag-business","11":"tag-economia","12":"tag-economy","13":"tag-es","14":"tag-espana","15":"tag-euros","16":"tag-informatico","17":"tag-mercadona","18":"tag-mes","19":"tag-personal","20":"tag-spain","21":"tag-sueldos","22":"tag-superiores"},"share_on_mastodon":{"url":"","error":""},"_links":{"self":[{"href":"https:\/\/www.europesays.com\/es\/wp-json\/wp\/v2\/posts\/100872","targetHints":{"allow":["GET"]}}],"collection":[{"href":"https:\/\/www.europesays.com\/es\/wp-json\/wp\/v2\/posts"}],"about":[{"href":"https:\/\/www.europesays.com\/es\/wp-json\/wp\/v2\/types\/post"}],"author":[{"embeddable":true,"href":"https:\/\/www.europesays.com\/es\/wp-json\/wp\/v2\/users\/2"}],"replies":[{"embeddable":true,"href":"https:\/\/www.europesays.com\/es\/wp-json\/wp\/v2\/comments?post=100872"}],"version-history":[{"count":0,"href":"https:\/\/www.europesays.com\/es\/wp-json\/wp\/v2\/posts\/100872\/revisions"}],"wp:featuredmedia":[{"embeddable":true,"href":"https:\/\/www.europesays.com\/es\/wp-json\/wp\/v2\/media\/100873"}],"wp:attachment":[{"href":"https:\/\/www.europesays.com\/es\/wp-json\/wp\/v2\/media?parent=100872"}],"wp:term":[{"taxonomy":"category","embeddable":true,"href":"https:\/\/www.europesays.com\/es\/wp-json\/wp\/v2\/categories?post=100872"},{"taxonomy":"post_tag","embeddable":true,"href":"https:\/\/www.europesays.com\/es\/wp-json\/wp\/v2\/tags?post=100872"}],"curies":[{"name":"wp","href":"https:\/\/api.w.org\/{rel}","templated":true}]}}