{"id":100881,"date":"2025-09-08T08:46:05","date_gmt":"2025-09-08T08:46:05","guid":{"rendered":"https:\/\/www.europesays.com\/es\/100881\/"},"modified":"2025-09-08T08:46:05","modified_gmt":"2025-09-08T08:46:05","slug":"la-empresa-reparte-4-bonos-en-una-velada-con-11-finalizaciones","status":"publish","type":"post","link":"https:\/\/www.europesays.com\/es\/100881\/","title":{"rendered":"la empresa reparte 4 bonos en una velada con 11 finalizaciones"},"content":{"rendered":"<p data-gtm-element-container=\"modulo-texto-link\" class=\"paragraph\">\u00bfQu\u00e9 pensar\u00eda Dana White cuando Nassourdine Imavov cerr\u00f3 el tel\u00f3n en Par\u00eds? La UFC visit\u00f3 la capital francesa, por cuarto a\u00f1o consecutivo, <strong>con un Fight Night repleto de enfrentamientos salvajes para deleitar al p\u00fablico europeo. <\/strong>Visitar el viejo continente ya es una apuesta segura para el conglomerado americano de artes marciales mixtas, que vislumbr\u00f3 <strong>como 11 de sus 13 pleitos programados en su noche de peleas conclu\u00edan con una finalizaci\u00f3n sobre el tapiz.<\/strong> Un sue\u00f1o h\u00famedo en forma de deleite y homenaje a la disciplina asegurado por el CEO estadounidense. \u00c9xito rotundo.<\/p>\n<p data-gtm-element-container=\"modulo-texto-link\" class=\"paragraph\">La compa\u00f1\u00eda reparte, en cada uno de sus eventos, bonos en funci\u00f3n del rendimiento de sus atletas. Los aspirantes, si consiguen sorprender al jefe dentro del oct\u00e1gono, a\u00f1aden a su bolsa un total de <strong>50.000 d\u00f3lares<\/strong> extra por sus actuaciones particulares. En Par\u00eds, fueron cuatro los afortunados en llegar a casa con la tan codiciada recompensa, despu\u00e9s de una salvaje noche repleta de finalizaciones: <strong>Kaue Fernandes, Ante Delija, Mason Jones y Benoit Saint Denis<\/strong>; todos galardonados con la<strong> Actuaci\u00f3n de la Noche.<\/strong><\/p>\n<blockquote class=\"twitter-tweet\" data-lang=\"es\"><p>\n<a href=\"https:\/\/twitter.com\/ufc\/status\/1964470878533800021\" rel=\"nofollow noopener\" target=\"_blank\">\n<\/p><\/blockquote>\n<p data-gtm-element-container=\"modulo-texto-link\" class=\"paragraph\"><strong>Kaue Fernandes <\/strong>regresa a R\u00edo de Janeiro con un colch\u00f3n monetario extra despu\u00e9s de su salvaje victoria por knockout ante\u00a0Harry Hardwick, el ex campe\u00f3n de Cage Warriors que acept\u00f3 pelear ante el brasile\u00f1o en corto aviso. El pupilo de Jos\u00e9 Aldo gan\u00f3 el Bono a Actuaci\u00f3n de la Noche, tras dar gala de aquello que aprendi\u00f3 cerca del que fuera monarca del peso pluma de la UFC: castigar la zona baja del rival es su especializad. El competidor <strong>destroz\u00f3 las piernas del ingl\u00e9s con un potente pateo que oblig\u00f3 al debutante a abandonar el oct\u00e1gono en silla de ruedas<\/strong>, ante los v\u00edtores de Francia. Hab\u00edan presenciado una aut\u00e9ntica carnicer\u00eda.<\/p>\n<p data-gtm-element-container=\"modulo-texto-link\" class=\"paragraph\"><strong>Ante Delija<\/strong> asegur\u00f3 para su bolsillo el segundo Bono a Actuaci\u00f3n de la Noche con su triunfo por knockout ante Marcyn Tybura, el s\u00e9ptimo mejor peso pesado de la UFC. El ex campe\u00f3n de PFL <strong>debutaba en la compa\u00f1\u00eda de Dana White ante un exigente competidor<\/strong>, inmiscuido entre los candidatos mejor posicionados dentro de la m\u00e1xima categor\u00eda de la empresa. Una ronda bast\u00f3 para el croata que, entre l\u00e1grimas, celebr\u00f3 junto a Tom y Andy Aspinall su primer triunfo como miembro del roster de la empresa de artes marciales mixtas m\u00e1s grande del planeta.<\/p>\n<p data-gtm-element-container=\"modulo-texto-link\" class=\"paragraph\">El tercero en discordia fue <strong>Mason Jones.<\/strong> El gal\u00e9s<strong> cerr\u00f3 una de las remontadas m\u00e1s \u00e9picas del a\u00f1o <\/strong>ante Bolaji Oki, ante quien tuvo que atravesar un aut\u00e9ntico infierno en el primer asalto de su pelea. El europeo no perdon\u00f3 a su oponente en el segundo parcial de la batalla. Con un m\u00e1s aventajado striking,<strong> consigui\u00f3 llevar al belga al suelo, donde oblig\u00f3 al \u00e1rbitro de la contienda a poner fin al pleito tras los codos incesantes del gal\u00e9s<\/strong>, que permitieron al peleador brit\u00e1nico disfrutar del clamor franc\u00e9s tras vislumbrar su impresionante actuaci\u00f3n sobre el oct\u00e1gono m\u00e1s exigente del planeta.<\/p>\n<p>    Lee tambi\u00e9n<\/p>\n<p data-gtm-element-container=\"modulo-texto-link\" class=\"paragraph\">El &#8216;Rambo franc\u00e9s&#8217; cierra la lista de Bonos a Actuaci\u00f3n de la Noche que reparti\u00f3 la UFC en Par\u00eds. <strong>Benoit Saint Denis hizo estallar Par\u00eds con su victoria por sumisi\u00f3n ante Mauricio Ruffy<\/strong>, el viral competidor de los Fighting Nerds a quien ya comparaban con Conor McGregor. Silenciar al mundo siempre es complicado, y <strong>God Of War<\/strong> call\u00f3 las bocas de sus detractores con un triunfo por sumisi\u00f3n con el que dej\u00f3 claro que pertenec\u00eda a la \u00e9lite de las artes marciales mixtas mundiales.<\/p>\n<p><script async src=\"https:\/\/platform.twitter.com\/widgets.js\" charset=\"utf-8\"><\/script><\/p>\n","protected":false},"excerpt":{"rendered":"\u00bfQu\u00e9 pensar\u00eda Dana White cuando Nassourdine Imavov cerr\u00f3 el tel\u00f3n en Par\u00eds? La UFC visit\u00f3 la capital francesa,&hellip;\n","protected":false},"author":2,"featured_media":100882,"comment_status":"","ping_status":"","sticky":false,"template":"","format":"standard","meta":{"footnotes":""},"categories":[276],"tags":[168,25,24,23,167,343],"class_list":{"0":"post-100881","1":"post","2":"type-post","3":"status-publish","4":"format-standard","5":"has-post-thumbnail","7":"category-ufc","8":"tag-deportes","9":"tag-es","10":"tag-espana","11":"tag-spain","12":"tag-sports","13":"tag-ufc"},"share_on_mastodon":{"url":"","error":""},"_links":{"self":[{"href":"https:\/\/www.europesays.com\/es\/wp-json\/wp\/v2\/posts\/100881","targetHints":{"allow":["GET"]}}],"collection":[{"href":"https:\/\/www.europesays.com\/es\/wp-json\/wp\/v2\/posts"}],"about":[{"href":"https:\/\/www.europesays.com\/es\/wp-json\/wp\/v2\/types\/post"}],"author":[{"embeddable":true,"href":"https:\/\/www.europesays.com\/es\/wp-json\/wp\/v2\/users\/2"}],"replies":[{"embeddable":true,"href":"https:\/\/www.europesays.com\/es\/wp-json\/wp\/v2\/comments?post=100881"}],"version-history":[{"count":0,"href":"https:\/\/www.europesays.com\/es\/wp-json\/wp\/v2\/posts\/100881\/revisions"}],"wp:featuredmedia":[{"embeddable":true,"href":"https:\/\/www.europesays.com\/es\/wp-json\/wp\/v2\/media\/100882"}],"wp:attachment":[{"href":"https:\/\/www.europesays.com\/es\/wp-json\/wp\/v2\/media?parent=100881"}],"wp:term":[{"taxonomy":"category","embeddable":true,"href":"https:\/\/www.europesays.com\/es\/wp-json\/wp\/v2\/categories?post=100881"},{"taxonomy":"post_tag","embeddable":true,"href":"https:\/\/www.europesays.com\/es\/wp-json\/wp\/v2\/tags?post=100881"}],"curies":[{"name":"wp","href":"https:\/\/api.w.org\/{rel}","templated":true}]}}