{"id":100909,"date":"2025-09-08T09:08:09","date_gmt":"2025-09-08T09:08:09","guid":{"rendered":"https:\/\/www.europesays.com\/es\/100909\/"},"modified":"2025-09-08T09:08:09","modified_gmt":"2025-09-08T09:08:09","slug":"pacma-califica-como-delirante-el-peligroso-encierro-de-medina-del-campo","status":"publish","type":"post","link":"https:\/\/www.europesays.com\/es\/100909\/","title":{"rendered":"Pacma califica como \u00abdelirante\u00bb el \u00abpeligroso\u00bb encierro de Medina del Campo"},"content":{"rendered":"<p>La coordinadora provincial del Partido Animalista Con el Medio Ambiente (Pacma) en Valladolid, Mar\u00eda Hern\u00e1ndez, conden\u00f3 este lunes lo ocurrido en el encierro celebrado en Medina del Campo (Valladolid) el pasado s\u00e1bado, donde un toro embisti\u00f3 una plataforma de prensa provocando momentos de p\u00e1nico y dejando varios heridos en torno a las 10.00 horas.<\/p>\n<p>Para la formaci\u00f3n pol\u00edtica antitaurina, este nuevo accidente \u00abvuelve a demostrar que los festejos taurinos no solo suponen un maltrato innecesario y cruel hacia los animales, sino que adem\u00e1s entra\u00f1an un grave peligro para la seguridad de las personas, incluso para las que solo van a trabajar y documentar\u00bb, seg\u00fan apunt\u00f3 Pacma en un comunicado remitido a Ical.\u00a0<\/p>\n<p>Para Hern\u00e1ndez, \u00abson espect\u00e1culos que, en pleno siglo XXI, resultan completamente innecesarios, carecen de sentido y no deber\u00edan ser apoyados ni mucho menos organizados por administraciones p\u00fablicas\u00bb.<\/p>\n<p>Desde el Partido Animalista piden al Ayuntamiento de Medina del Campo que asuma sus responsabilidades por lo sucedido y que garanticen que este tipo de festejos no se vuelvan a organizar en el municipio. \u00abPermitir su continuidad, adem\u00e1s de insensible hacia los animales, es una irresponsabilidad hacia la seguridad ciudadana\u00bb, a\u00f1aden.<\/p>\n","protected":false},"excerpt":{"rendered":"La coordinadora provincial del Partido Animalista Con el Medio Ambiente (Pacma) en Valladolid, Mar\u00eda Hern\u00e1ndez, conden\u00f3 este lunes&hellip;\n","protected":false},"author":2,"featured_media":100910,"comment_status":"","ping_status":"","sticky":false,"template":"","format":"standard","meta":{"footnotes":""},"categories":[277],"tags":[4865,373,168,1309,25,24,21988,6688,26650,952,35647,23,167,625,374,1607],"class_list":{"0":"post-100909","1":"post","2":"type-post","3":"status-publish","4":"format-standard","5":"has-post-thumbnail","7":"category-toreo","8":"tag-administraciones-publicas","9":"tag-bullfighting","10":"tag-deportes","11":"tag-encierro","12":"tag-es","13":"tag-espana","14":"tag-medina-del-campo","15":"tag-medio-ambiente","16":"tag-pacma","17":"tag-politica","18":"tag-siglo-xxi","19":"tag-spain","20":"tag-sports","21":"tag-tauromaquia","22":"tag-toreo","23":"tag-valladolid"},"share_on_mastodon":{"url":"","error":""},"_links":{"self":[{"href":"https:\/\/www.europesays.com\/es\/wp-json\/wp\/v2\/posts\/100909","targetHints":{"allow":["GET"]}}],"collection":[{"href":"https:\/\/www.europesays.com\/es\/wp-json\/wp\/v2\/posts"}],"about":[{"href":"https:\/\/www.europesays.com\/es\/wp-json\/wp\/v2\/types\/post"}],"author":[{"embeddable":true,"href":"https:\/\/www.europesays.com\/es\/wp-json\/wp\/v2\/users\/2"}],"replies":[{"embeddable":true,"href":"https:\/\/www.europesays.com\/es\/wp-json\/wp\/v2\/comments?post=100909"}],"version-history":[{"count":0,"href":"https:\/\/www.europesays.com\/es\/wp-json\/wp\/v2\/posts\/100909\/revisions"}],"wp:featuredmedia":[{"embeddable":true,"href":"https:\/\/www.europesays.com\/es\/wp-json\/wp\/v2\/media\/100910"}],"wp:attachment":[{"href":"https:\/\/www.europesays.com\/es\/wp-json\/wp\/v2\/media?parent=100909"}],"wp:term":[{"taxonomy":"category","embeddable":true,"href":"https:\/\/www.europesays.com\/es\/wp-json\/wp\/v2\/categories?post=100909"},{"taxonomy":"post_tag","embeddable":true,"href":"https:\/\/www.europesays.com\/es\/wp-json\/wp\/v2\/tags?post=100909"}],"curies":[{"name":"wp","href":"https:\/\/api.w.org\/{rel}","templated":true}]}}