{"id":100938,"date":"2025-09-08T09:28:24","date_gmt":"2025-09-08T09:28:24","guid":{"rendered":"https:\/\/www.europesays.com\/es\/100938\/"},"modified":"2025-09-08T09:28:24","modified_gmt":"2025-09-08T09:28:24","slug":"el-gobierno-se-la-juega-la-primera-semana-parlamentaria-del-curso-con-los-permisos-y-la-reduccion-de-jornada","status":"publish","type":"post","link":"https:\/\/www.europesays.com\/es\/100938\/","title":{"rendered":"El Gobierno se la juega la primera semana parlamentaria del curso con los permisos y la reducci\u00f3n de jornada"},"content":{"rendered":"<p class=\"article-text\">\n        La primera semana parlamentaria del curso ser\u00e1 ya de alto voltaje pol\u00edtico para el Ejecutivo. Con la intenci\u00f3n de recuperar algo de espacio en <a href=\"https:\/\/www.eldiario.es\/politica\/derecha-politica-judicial-convierte-apertura-tribunales-acto-gobierno_1_12579411.html\" target=\"_blank\" data-mrf-recirculation=\"links-noticia\" class=\"link\" rel=\"nofollow noopener\">plena ofensiva judicial y de la oposici\u00f3n<\/a>, el Gobierno se someter\u00e1 en el Pleno del Congreso este martes y mi\u00e9rcoles a la votaci\u00f3n de dos medidas emblem\u00e1ticas de su agenda social. <a href=\"https:\/\/www.eldiario.es\/politica\/yolanda-diaz-reducir-jornada-ganada-calle_1_12580407.html\" target=\"_blank\" data-mrf-recirculation=\"links-noticia\" class=\"link\" rel=\"nofollow noopener\">La reducci\u00f3n de la jornada laboral,<\/a> proyecto estrella del ministerio de Trabajo, que todav\u00eda no cuenta con el respaldo de un socio clave como Junts, y la ampliaci\u00f3n de los permisos de paternidad y maternidad. Dos votaciones que pondr\u00e1n a prueba la mayor\u00eda de Pedro S\u00e1nchez en la C\u00e1mara Baja y servir\u00e1n de term\u00f3metro para este punto de la legislatura tras acabar el anterior curso con una derrota en el decreto de medidas sobre las consecuencias del apag\u00f3n.\u00a0\n    <\/p>\n<p>    <a href=\"https:\/\/www.eldiario.es\/catalunya\/puigdemont-illa-reune-bruselas-consolidar-amnistia-politica_1_12572283.html\" data-mrf-recirculation=\"saber-mas\" data-dl-event=\"saber-mas\" rel=\"nofollow noopener\" target=\"_blank\"><\/p>\n<p class=\"know-more__title\">Illa se re\u00fane con Puigdemont en Bruselas para consolidar su \u00abamnist\u00eda pol\u00edtica\u00bb<\/p>\n<p>            <img decoding=\"async\" class=\"lazy\" loading=\"lazy\" data-src=\"https:\/\/static.eldiario.es\/clip\/bc086482-1967-427a-b7eb-e90707874104_16-9-aspect-ratio_default_0.jpg\" src=\"data:image\/svg+xml,%3Csvg xmlns=\" http:=\"\" viewbox=\"0 0 880 495\" alt=\"Illa se re\u00fane con Puigdemont en Bruselas para consolidar su &quot;amnist\u00eda pol\u00edtica&quot;\"\/><\/p>\n<p>                        <\/a><\/p>\n<p class=\"article-text\">\n        La iniciativa de mayor calado pol\u00edtico que se vota esta semana es la reducci\u00f3n de jornada. No se trata de una votaci\u00f3n para la aprobaci\u00f3n definitiva de<a href=\"https:\/\/www.eldiario.es\/economia\/trabajo-traslada-presion-reduccion-jornada-laboral-pp-junts_1_12576531.html\" target=\"_blank\" data-mrf-recirculation=\"links-noticia\" class=\"link\" rel=\"nofollow noopener\"> la medida estrella de la vicepresidenta segunda<\/a>, Yolanda D\u00edaz, sino del primer tr\u00e1mite parlamentario de la ley. Pero hasta eso, la mera tramitaci\u00f3n, est\u00e1 en juego porque los apoyos no est\u00e1n ni mucho menos atados.\n    <\/p>\n<p class=\"article-text\">\n        De hecho, tanto en una parte del Gobierno como entre los socios parlamentarios cunde un fuerte pesimismo. Los mensajes que ha mandado <a href=\"https:\/\/www.eldiario.es\/economia\/ugt-no-da-perdida-reduccion-jornada-pide-junts-no-patada-culo-trabajadores_1_12574594.html\" target=\"_blank\" data-mrf-recirculation=\"links-noticia\" class=\"link\" rel=\"nofollow noopener\">Junts hasta ahora son contundentes<\/a>: no piensan ni siquiera dar la oportunidad a la negociaci\u00f3n parlamentaria de una norma como esta.\u00a0\n    <\/p>\n<p class=\"article-text\">\n        La formaci\u00f3n de Carles Puigdemont ha expresado en p\u00fablico su rechazo a una medida de la que tambi\u00e9n reniegan la patronal y la peque\u00f1a y mediana empresa catalana. Y aunque en el Ministerio de Trabajo aseguran que hay una negociaci\u00f3n en marcha para adaptar la norma a las pymes con la idea de contentar a Junts, los independentistas catalanes siguen muy reticentes a retirar la enmienda a la totalidad que se vota el mi\u00e9rcoles junto a las registradas por PP y Vox.\u00a0\n    <\/p>\n<p class=\"article-text\">\n        Las \u00fanicas voces optimistas sobre esta negociaci\u00f3n est\u00e1n precisamente en el Ministerio de Yolanda D\u00edaz, que est\u00e1 centralizando todas las conversaciones con los independentistas catalanes. La propia vicepresidenta segunda ha hablado en los \u00faltimos d\u00edas directamente con Carles Puigdemont para tratar de acercar posturas. En el ministerio no dan ni mucho menos por perdida esta votaci\u00f3n y creen que todav\u00eda hay margen para negociar. Pero, mientras tanto, ya preparan el terreno para atribuir responsabilidades si el proyecto decae.\u00a0\n    <\/p>\n<p class=\"article-text\">\n        \u201cEl Gobierno de Espa\u00f1a ha cumplido\u201d, <a href=\"https:\/\/www.eldiario.es\/politica\/yolanda-diaz-reducir-jornada-ganada-calle_1_12580407.html\" target=\"_blank\" data-mrf-recirculation=\"links-noticia\" class=\"link\" rel=\"nofollow noopener\">asegur\u00f3 D\u00edaz este mi\u00e9rcoles<\/a>. D\u00edaz cuida los mensajes en p\u00fablico hacia Junts para no enturbiar las negociaciones y prefiere cargar contra el PP por su rechazo a la medida, pero la idea es trasladar el mensaje de que si la medida no sale adelante es culpa de las formaciones que votan en contra y no del Ejecutivo que la impulsa.\u00a0\n    <\/p>\n<p class=\"article-text\">\n        \u201cHa llegado la hora de debatir y de que los ciudadanos observen qu\u00e9 formaciones est\u00e1n del lado de los derechos y qui\u00e9nes no. \u00bfEl PP va a volver a golpear a los trabajadores como ha hecho con la reforma laboral en nuestro pa\u00eds? \u00bfSe va a poner del lado del negacionismo laboral?\u201d, se pregunt\u00f3 D\u00edaz.\u00a0\n    <\/p>\n<p class=\"article-text\">\n        Aunque la vicepresidenta est\u00e1 dispuesta a llevar la votaci\u00f3n hacia el final y no se plantea retirar el texto si confirma que no cuenta con los apoyos, algunas voces del grupo parlamentario no ocultaban esta semana su frustraci\u00f3n con que el debate no pudiera celebrarse al menos una semana m\u00e1s tarde, tal y como quer\u00eda el Gobierno. Lo que ocurre es que este mes la derecha cuenta con mayor\u00eda en la Junta de Portavoces por el turno rotario del Grupo Mixto, que ahora corresponde a UPN. Y a PSOE y a Sumar les fue imposible cambiar el orden del d\u00eda para postergar un poco m\u00e1s esta votaci\u00f3n.\u00a0\n    <\/p>\n<p class=\"article-text\">\n        Las enmiendas a la totalidad de la reducci\u00f3n de jornada se votar\u00e1n as\u00ed en un pleno apretado en dos d\u00edas por la celebraci\u00f3n de la Diada de Catalunya el 11 de septiembre. Ese d\u00eda, de evidente relevancia simb\u00f3lica para el independentismo, podr\u00eda influir en el resultado de la votaci\u00f3n si Junts pretende mandar un mensaje al Gobierno en la v\u00edspera.\n    <\/p>\n<p>    Permisos retribuidos y Presupuestos<\/p>\n<p class=\"article-text\">\n        Adem\u00e1s, esa misma semana se vota el <a href=\"https:\/\/www.eldiario.es\/sociedad\/claves-nuevos-permisos-hijo-aprobara-gobierno-cogerlos_1_12496766.html\" target=\"_blank\" data-mrf-recirculation=\"links-noticia\" class=\"link\" rel=\"nofollow noopener\">decreto para el cuidado de hijos <\/a>que Sumar y PSOE negociaron a contrarreloj antes del par\u00f3n veraniego.\u00a0Para esa votaci\u00f3n no existe en las filas del Gobierno ni mucho menos el mismo pesimismo que respecto a la reducci\u00f3n de jornada.\n    <\/p>\n<p class=\"article-text\">\n        En primer lugar, porque los de Puigdemont jam\u00e1s han mostrado en p\u00fablico ni en privado tantas reticencias. Pero tambi\u00e9n porque hay voces en el PSOE y Sumar que opinan que ni siquiera el Partido Popular, con su permanente estrategia de choque frontal, ser\u00e1 capaz de votar espec\u00edficamente en contra de un avance social que levanta tanto consenso entre la opini\u00f3n p\u00fablica.\n    <\/p>\n<p class=\"article-text\">\n        Si el Real Decreto-Ley sobre los permisos de paternidad y maternidad, que se aprobaron el pasado 29 de julio, se convalida, <a href=\"https:\/\/www.eldiario.es\/sociedad\/letra-pequena-cambios-permisos-cuidado-hijos_1_12498907.html#:~:text=%C2%BFC%C3%B3mo%20puedo%20distribuir%20las%20nuevas,hijos%20hasta%20los%20ocho%20a%C3%B1os.\" target=\"_blank\" data-mrf-recirculation=\"links-noticia\" class=\"link\" rel=\"nofollow noopener\">se aumentar\u00e1 el permiso por nacimiento<\/a> y cuidados hasta las 19 semanas. Un tiempo que se duplicar\u00e1 de 16 a 32 semanas en el caso de los permisos para las familias monoparentales, con el fin de equiparar sus derechos al del resto de familias.\n    <\/p>\n<p class=\"article-text\">\n        En realidad, el objetivo m\u00e1s ambicioso del Gobierno de coalici\u00f3n es sacar adelante dos medidas que resultan estrat\u00e9gicas en la escueta agenda de reformas legislativas que ha podido desplegar el Ejecutivo. En caso de sacar adelante ambas, interpretan en las filas socialistas que ser\u00eda un aut\u00e9ntico bal\u00f3n de ox\u00edgeno y un impulso pol\u00edtico ante el intento de caricatura que la oposici\u00f3n lleva a cabo para dibujar un ciclo acabado. Y aunque finalmente no sea as\u00ed, tambi\u00e9n aventura el PSOE que la vuelta de las vacaciones ser\u00e1 menos traum\u00e1tica para los de S\u00e1nchez que lo que esperan en la calle G\u00e9nova.\n    <\/p>\n<p class=\"article-text\">\n        De hecho, en el grupo parlamentario socialista hay quien atisba movimientos entre los socios parlamentarios. \u201cHay menos tensi\u00f3n, menos hostilidad\u201d, cuentan en la bancada del PSOE del Congreso respecto a aliados recurrentemente d\u00edscolos como Podemos o Junts.\n    <\/p>\n<p class=\"article-text\">\n        En el caso de los independentistas catalanes, esta semana se produjo<a href=\"https:\/\/www.eldiario.es\/catalunya\/puigdemont-illa-reune-bruselas-consolidar-amnistia-politica_1_12572283.html\" target=\"_blank\" data-mrf-recirculation=\"links-noticia\" class=\"link\" rel=\"nofollow noopener\"> una de las fotos m\u00e1s ansiadas<\/a> por Carles Puigdemont. El expresident de la Generalitat asisti\u00f3 a algo parecido a la redenci\u00f3n pol\u00edtica tras reunirse con el actual president catal\u00e1n, Salvador Illa, en la sede del Gobierno catal\u00e1n en Bruselas en un encuentro a puerta cerrada.\n    <\/p>\n<blockquote class=\"twitter-tweet\" data-lang=\"es\"><p><a href=\"https:\/\/twitter.com\/X\/status\/1962920414100828241?ref_src=twsrc%5Etfw\" rel=\"nofollow noopener\" target=\"_blank\"><\/p><\/blockquote>\n<p class=\"article-text\">\n        Al terminar la reuni\u00f3n, Illa public\u00f3 un mensaje en sus redes sociales en el que reiter\u00f3 su discurso de que \u201cel di\u00e1logo es el motor de la democracia para que Catalunya siga avanzando. Hoy damos un buen ejemplo\u201d. En respuesta, el l\u00edder independentista agradeci\u00f3 \u201cla amabilidad y la conversaci\u00f3n\u201d, pero tambi\u00e9n resalt\u00f3 que \u201cen situaci\u00f3n de normalidad democr\u00e1tica, esta reuni\u00f3n habr\u00eda tenido que producirse hace muchos meses y no en Bruselas sino en el Palau de la Generalitat, en la capital de Catalunya. Hoy volvi\u00f3 a quedar claro que no vivimos en situaci\u00f3n de normalidad\u201d.\n    <\/p>\n<blockquote class=\"twitter-tweet\" data-lang=\"es\"><p><a href=\"https:\/\/twitter.com\/X\/status\/1962912714864390604?ref_src=twsrc%5Etfw\" rel=\"nofollow noopener\" target=\"_blank\"><\/p><\/blockquote>\n<p class=\"article-text\">\n        Nadie se atreve a aventurar en el Gobierno si ese acercamiento y ese gesto de tanto simbolismo pol\u00edtico entre Salvador Illa y Carles Puigdemont dar\u00e1 paso a una etapa de mayor colaboraci\u00f3n pol\u00edtica entre Junts y el Gobierno. Pero en el Ejecutivo s\u00ed celebran que se haya conseguido restablecer una interlocuci\u00f3n al m\u00e1s alto nivel con el expresident tras el varapalo que supuso que la persona de confianza de Pedro S\u00e1nchez que hac\u00eda las veces de negociador, Santos Cerd\u00e1n haya desaparecido de la escena por su ingreso en prisi\u00f3n.\n    <\/p>\n<p>    <a href=\"https:\/\/www.eldiario.es\/economia\/trabajo-traslada-presion-reduccion-jornada-laboral-pp-junts_1_12576531.html\" data-mrf-recirculation=\"saber-mas-abajo\" data-dl-event=\"saber-mas-abajo\" rel=\"nofollow noopener\" target=\"_blank\"><\/p>\n<p class=\"know-more__title\">Trabajo traslada la presi\u00f3n sobre la reducci\u00f3n de la jornada laboral a PP y Junts\n<\/p>\n<p>            <img decoding=\"async\" class=\"lazy\" loading=\"lazy\" data-src=\"https:\/\/static.eldiario.es\/clip\/a753628d-c1aa-4dbb-af5d-561ad2434650_16-9-aspect-ratio_default_0.jpg\" src=\"data:image\/svg+xml,%3Csvg xmlns=\" http:=\"\" viewbox=\"0 0 880 495\" alt=\"Trabajo traslada la presi\u00f3n sobre la reducci\u00f3n de la jornada laboral a PP y Junts\"\/><\/p>\n<p>                        <\/a><\/p>\n<p class=\"article-text\">\n        Respecto a los Presupuestos, y tras la reuni\u00f3n de Puigdemont e Illa, en la direcci\u00f3n del PSOE creen que no est\u00e1 ni mucho menos terminada la partida de una negociaci\u00f3n que consiga sacar adelante las primeras cuentas de la legislatura. Un escenario que desvinculan incluso del horizonte parlamentario de la semana que viene, donde Junts, de nuevo, tiene en su mano darle algo de ox\u00edgeno al Ejecutivo o asfixiarlo un poco m\u00e1s.\n    <\/p>\n<p>                                    <script async src=\"https:\/\/platform.twitter.com\/widgets.js\" charset=\"utf-8\"><\/script><\/p>\n","protected":false},"excerpt":{"rendered":"La primera semana parlamentaria del curso ser\u00e1 ya de alto voltaje pol\u00edtico para el Ejecutivo. Con la intenci\u00f3n&hellip;\n","protected":false},"author":2,"featured_media":100939,"comment_status":"","ping_status":"","sticky":false,"template":"","format":"standard","meta":{"footnotes":""},"categories":[8],"tags":[17,18,3445,25,24,13,14,582,11,293,4348,19,20,9,10,15,16,35659,6728,1078,33362,773,23,12,21,22],"class_list":{"0":"post-100938","1":"post","2":"type-post","3":"status-publish","4":"format-standard","5":"has-post-thumbnail","7":"category-espana","8":"tag-breaking-news","9":"tag-breakingnews","10":"tag-curso","11":"tag-es","12":"tag-espana","13":"tag-featured-news","14":"tag-featurednews","15":"tag-gobierno","16":"tag-headlines","17":"tag-jornada","18":"tag-juega","19":"tag-latest-news","20":"tag-latestnews","21":"tag-news","22":"tag-noticias","23":"tag-noticias-destacadas","24":"tag-noticiasdestacadas","25":"tag-parlamentaria","26":"tag-permisos","27":"tag-primera","28":"tag-reduccion","29":"tag-semana","30":"tag-spain","31":"tag-titulares","32":"tag-ultimas-noticias","33":"tag-ultimasnoticias"},"share_on_mastodon":{"url":"","error":""},"_links":{"self":[{"href":"https:\/\/www.europesays.com\/es\/wp-json\/wp\/v2\/posts\/100938","targetHints":{"allow":["GET"]}}],"collection":[{"href":"https:\/\/www.europesays.com\/es\/wp-json\/wp\/v2\/posts"}],"about":[{"href":"https:\/\/www.europesays.com\/es\/wp-json\/wp\/v2\/types\/post"}],"author":[{"embeddable":true,"href":"https:\/\/www.europesays.com\/es\/wp-json\/wp\/v2\/users\/2"}],"replies":[{"embeddable":true,"href":"https:\/\/www.europesays.com\/es\/wp-json\/wp\/v2\/comments?post=100938"}],"version-history":[{"count":0,"href":"https:\/\/www.europesays.com\/es\/wp-json\/wp\/v2\/posts\/100938\/revisions"}],"wp:featuredmedia":[{"embeddable":true,"href":"https:\/\/www.europesays.com\/es\/wp-json\/wp\/v2\/media\/100939"}],"wp:attachment":[{"href":"https:\/\/www.europesays.com\/es\/wp-json\/wp\/v2\/media?parent=100938"}],"wp:term":[{"taxonomy":"category","embeddable":true,"href":"https:\/\/www.europesays.com\/es\/wp-json\/wp\/v2\/categories?post=100938"},{"taxonomy":"post_tag","embeddable":true,"href":"https:\/\/www.europesays.com\/es\/wp-json\/wp\/v2\/tags?post=100938"}],"curies":[{"name":"wp","href":"https:\/\/api.w.org\/{rel}","templated":true}]}}