{"id":100966,"date":"2025-09-08T09:50:08","date_gmt":"2025-09-08T09:50:08","guid":{"rendered":"https:\/\/www.europesays.com\/es\/100966\/"},"modified":"2025-09-08T09:50:08","modified_gmt":"2025-09-08T09:50:08","slug":"moncloa-refuerza-el-control-de-la-uco-con-la-excusa-de-las-filtraciones","status":"publish","type":"post","link":"https:\/\/www.europesays.com\/es\/100966\/","title":{"rendered":"Moncloa refuerza el control de la UCO con la excusa de las filtraciones"},"content":{"rendered":"<p style=\"\">\u00abLa legislatura depende de la UCO\u00bb. Esta frase de un alto cargo socialista resume a la perfecci\u00f3n el estado de excepcionalidad en el que se desarrolla el mandato de Pedro S\u00e1nchez. El devenir del Gobierno no depende de su proactividad ejecutiva, ni siquiera del  &#8230; capricho de unos socios que decidan dejar de prestarle apoyo; el futuro del Ejecutivo viene marcado por el siguiente informe de la Unidad Central Operativa de la Guardia Civil o del pr\u00f3ximo auto del Tribunal Supremo. El foco ha cambiado de la Carrera de San Jer\u00f3nimo a la Plaza de la Villa de Par\u00eds, porque las decisiones judiciales tienen ya la potencialidad de hacer saltar por los aires toda la arquitectura pol\u00edtica. En este contexto, que se reconoce incluso en el Palacio de La Moncloa, donde no hacen previsiones a m\u00e1s de unas pocas semanas vista, qued\u00f3 de relieve que hab\u00eda una distorsi\u00f3n dentro del Ministerio del Interior con la investigaci\u00f3n sobre el que fuera mano derecha de S\u00e1nchez, Santos Cerd\u00e1n. En Moncloa no fueron capaces de anticipar el golpe ni la contundencia del mismo.<\/p>\n<p class=\"voc-p\" style=\"\">Esto gener\u00f3 un profundo malestar del presidente del Gobierno con el ministro Fernando Grande-Marlaska y un cambio notable en las din\u00e1micas de trabajo. La presi\u00f3n sobre la UCO se ha incrementado ostensiblemente, seg\u00fan ha podido saber este diario. Las peticiones de informaci\u00f3n o las \u00abinjerencias\u00bb se suceden, desde algunos mandos del ministerio, para tratar de hacer un seguimiento m\u00e1s exhaustivo sobre el contenido de las pesquisas de esta unidad de \u00e9lite de la Guardia Civil, algo que ha llegado a generar situaciones de conflicto interno. Pero, seg\u00fan apuntan las citadas fuentes, ante la falta de resultados en este sentido, desde Moncloa se han centrado en aumentar la supervisi\u00f3n sobre los equipos bajo la excusa del da\u00f1o reputacional anticipado que provocan las filtraciones en los medios. Esto es, en el Gobierno quieren cegar las fugas de informaci\u00f3n, ese goteo que provoca un serio desgaste y mina su imagen durante semanas o meses hasta que se acaban concretando. Se quejan continua y encarecidamente de que \u00abinformaciones no contrastadas\u00bb ocupen espacio medi\u00e1tico y \u00abhoras de tertulia en radios y televisi\u00f3n\u00bb antes de que exista un informe oficial sobre los hechos que las sustenten. Adem\u00e1s, estas informaciones obligan al Gobierno a marcar posici\u00f3n e hilvanar una defensa sin conocer el contenido concreto de lo que se investiga, lo que les deja totalmente expuestos cuando los informes acaban saliendo a la luz.<\/p>\n<p class=\"voc-p\" style=\"\">Especialmente vehementes se mostraron, en este sentido, sobre el caso de Cerd\u00e1n, con el consabido resultado. El Gobierno desarroll\u00f3 una estrategia err\u00e1tica, aferr\u00e1ndose hasta el final a la inocencia del entonces secretario de Organizaci\u00f3n socialista, a pesar de lo publicado por los medios sobre su incriminaci\u00f3n en el caso. Hasta tal punto se ataron a \u00e9l, que la misma noche que se avanz\u00f3 el contenido del informe que le situaba en la c\u00faspide del tri\u00e1ngulo criminal, desde la direcci\u00f3n del PSOE se emiti\u00f3 un comunicado en el que segu\u00edan cerrando filas con Cerd\u00e1n. Solo unas horas despu\u00e9s, se anunciaba su cese y el abandono del esca\u00f1o en el Congreso de los Diputados, tras publicarse el contenido \u00edntegro del mismo. La imagen que Moncloa proyect\u00f3 hasta entonces, con varios ministros poniendo la \u00abmano en el fuego\u00bb por \u00e9l o incluso el presidente del Gobierno defendiendo su \u00abhonestidad\u00bb en sede parlamentaria ante los ataques de Feij\u00f3o llevaron a S\u00e1nchez a afearle a Marlaska su desidia en la monitorizaci\u00f3n de casos con un potencial tan desestabilizador para el Gobierno y el PSOE.<\/p>\n<p class=\"voc-title\">El Gobierno acus\u00f3 el desgaste de defender a Cerd\u00e1n hasta el final: comunicados y ministros con la mano achicharrada<\/p>\n<p class=\"voc-p\" style=\"\">En el horizonte m\u00e1s inmediato quedan pendientes otras investigaciones sobre \u00abotros aforados\u00bb, se apunta al ministro de Pol\u00edtica Territorial, \u00c1ngel V\u00edctor Torres, o la presidenta del Congreso, Francina Armengol, durante su etapa como presidentes de Canarias y Baleares, respectivamente, y tambi\u00e9n las pesquisas sobre las patrimoniales de Jos\u00e9 Luis \u00c1balos y el propio Cerd\u00e1n. Pero sobre ninguno de estos asuntos se han producido, por ahora, filtraciones. Especialmente sensibles son los informes que afectan tanto al ministro como a la tercera autoridad del Estado, por ello, desde Interior se han reforzado los controles bajo la premisa de evitar el desgaste y la desestabilizaci\u00f3n a\u00f1adida que podr\u00edan suponer. El blindaje llega tambi\u00e9n hasta el ex secretario de Organizaci\u00f3n que se encuentra en la prisi\u00f3n de Soto del Real de Madrid. Tras interrumpirse el flujo de informaci\u00f3n por parte de Instituciones Penitenciarias a la UCO de las visitas que estaba recibiendo Cerd\u00e1n en la c\u00e1rcel, ahora se ha extremado la seguridad para evitar que existan filtraciones sobre su estancia en el penal, despu\u00e9s de que se publicaran unas fotograf\u00edas suyas en el interior de la c\u00e1rcel. <\/p>\n<p>\nCambios en la c\u00fapula\n<\/p>\n<p class=\"voc-p\" style=\"\">La falta de control pol\u00edtico sobre los asuntos m\u00e1s sensibles se trat\u00f3 de solventar con cambios en la c\u00fapula de Interior. Tras la salida de Rafael P\u00e9rez, mano derecha de Marlaska, la sala de m\u00e1quinas del ministerio pas\u00f3 en mayo a manos de Aina Calvo, que salt\u00f3 de la Secretar\u00eda de Estado de Igualdad a la de Seguridad. Esta licenciada en Filosof\u00eda tiene un perfil netamente pol\u00edtico, vinculado al PSOE: fue alcaldesa de Mallorca y delegada del Gobierno en Baleares antes de desembarcar en el Gabinete.<\/p>\n<p>De defender la \u00abhonestidad\u00bb a presumir de ser \u00abimplacable\u00bb<\/p>\n<p class=\"voc-p\">La estrategia de Pedro S\u00e1nchez respecto a Santos Cerd\u00e1n se resume en un cambio dr\u00e1stico de actitud: de defender su \u00abhonestidad\u00bb ante los ataques del l\u00edder de la oposici\u00f3n, Alberto N\u00fa\u00f1ez Feij\u00f3o, a presumir, en la \u00faltima entrevista en RTVE, de haber sido \u00abimplacable\u00bb con quien fuera su mano derecha, a quien despoj\u00f3 de todos sus cargos tras hacerse p\u00fablico el informe de la UCO que desemboc\u00f3 en su entrada en prisi\u00f3n. <\/p>\n<p class=\"voc-p\">En Moncloa asumen que se equivocaron por defender de forma tan vehemente a quien fuera persona de su m\u00e1xima confianza, pero a\u00fan hoy sostienen que nunca sospecharon ninguna actividad il\u00edcita y que su inculpaci\u00f3n ha generado una afectaci\u00f3n personal y pol\u00edtica para S\u00e1nchez.<\/p>\n<p class=\"voc-p\" style=\"\">El relevo lleg\u00f3 en un momento de m\u00e1xima tensi\u00f3n, marcado por los pol\u00e9micos audios de Leire D\u00edez, en los que buscaba informaci\u00f3n comprometida para desacreditar a la UCO y, expl\u00edcitamente, al teniente coronel Antonio Balas. Y tambi\u00e9n tras la crisis generada por el contrato de balas rubricado con Israel, cuya continuidad Marlaska asumi\u00f3 como un \u00aberror o un desajuste puntual\u00bb. El conflicto generado que puso de relieve la falta de coordinaci\u00f3n y direcci\u00f3n pol\u00edtica del ministerio. No en vano, el propio S\u00e1nchez dio la orden de enmendar la decisi\u00f3n del ministro y que se iniciara el proceso de rescisi\u00f3n del contrato de 15 millones de balas.<\/p>\n","protected":false},"excerpt":{"rendered":"\u00abLa legislatura depende de la UCO\u00bb. Esta frase de un alto cargo socialista resume a la perfecci\u00f3n el&hellip;\n","protected":false},"author":2,"featured_media":100967,"comment_status":"","ping_status":"","sticky":false,"template":"","format":"standard","meta":{"footnotes":""},"categories":[42],"tags":[17,18,2811,9734,13,14,35664,11,61,62,63,64,19,20,10277,9,10,15,16,3703,12,2155,21,22,65,66,67],"class_list":{"0":"post-100966","1":"post","2":"type-post","3":"status-publish","4":"format-standard","5":"has-post-thumbnail","7":"category-internacional","8":"tag-breaking-news","9":"tag-breakingnews","10":"tag-control","11":"tag-excusa","12":"tag-featured-news","13":"tag-featurednews","14":"tag-filtraciones","15":"tag-headlines","16":"tag-internacional","17":"tag-international","18":"tag-international-news","19":"tag-internationalnews","20":"tag-latest-news","21":"tag-latestnews","22":"tag-moncloa","23":"tag-news","24":"tag-noticias","25":"tag-noticias-destacadas","26":"tag-noticiasdestacadas","27":"tag-refuerza","28":"tag-titulares","29":"tag-uco","30":"tag-ultimas-noticias","31":"tag-ultimasnoticias","32":"tag-world","33":"tag-world-news","34":"tag-worldnews"},"share_on_mastodon":{"url":"","error":""},"_links":{"self":[{"href":"https:\/\/www.europesays.com\/es\/wp-json\/wp\/v2\/posts\/100966","targetHints":{"allow":["GET"]}}],"collection":[{"href":"https:\/\/www.europesays.com\/es\/wp-json\/wp\/v2\/posts"}],"about":[{"href":"https:\/\/www.europesays.com\/es\/wp-json\/wp\/v2\/types\/post"}],"author":[{"embeddable":true,"href":"https:\/\/www.europesays.com\/es\/wp-json\/wp\/v2\/users\/2"}],"replies":[{"embeddable":true,"href":"https:\/\/www.europesays.com\/es\/wp-json\/wp\/v2\/comments?post=100966"}],"version-history":[{"count":0,"href":"https:\/\/www.europesays.com\/es\/wp-json\/wp\/v2\/posts\/100966\/revisions"}],"wp:featuredmedia":[{"embeddable":true,"href":"https:\/\/www.europesays.com\/es\/wp-json\/wp\/v2\/media\/100967"}],"wp:attachment":[{"href":"https:\/\/www.europesays.com\/es\/wp-json\/wp\/v2\/media?parent=100966"}],"wp:term":[{"taxonomy":"category","embeddable":true,"href":"https:\/\/www.europesays.com\/es\/wp-json\/wp\/v2\/categories?post=100966"},{"taxonomy":"post_tag","embeddable":true,"href":"https:\/\/www.europesays.com\/es\/wp-json\/wp\/v2\/tags?post=100966"}],"curies":[{"name":"wp","href":"https:\/\/api.w.org\/{rel}","templated":true}]}}