{"id":101060,"date":"2025-09-08T11:00:14","date_gmt":"2025-09-08T11:00:14","guid":{"rendered":"https:\/\/www.europesays.com\/es\/101060\/"},"modified":"2025-09-08T11:00:14","modified_gmt":"2025-09-08T11:00:14","slug":"dos-personas-enriscadas-y-una-de-ellas-en-shock","status":"publish","type":"post","link":"https:\/\/www.europesays.com\/es\/101060\/","title":{"rendered":"dos personas enriscadas y una de ellas, en &#8216;shock&#8217;"},"content":{"rendered":"<p>            Nuevo rescate en el glaciar del Aneto: dos personas enriscadas y una de ellas, en &#8216;shock&#8217;                <\/p>\n<p>Nuevo rescate en el glaciar del Aneto: dos personas enriscadas y una de ellas, en &#8216;shock&#8217;<\/p>\n<p class=\"epigraph\">Los equipos de la Guardia Civil han llevado a cabo 14 intervenciones y auxiliado a 18 personas en el medio natural deHuesca durante la \u00faltima semana .<\/p>\n<p class=\"paragraph\">Lo m\u00e1s fuerte de la temporada tur\u00edstica de verano en el Pirineo aragon\u00e9s\u00a0 ha terminado, pero la actividad de los equipos de rescate de la Guardia Civil no cesa. Desde el d\u00eda 2 de septiembre, martes, hasta el d\u00eda 7, domingo, los especialistas<b> han llevado a cabo 14 intervenciones y auxiliado a 18 personas <\/b>en el medio natural de la provincia altoaragonesa. Este balance recoge la evacuaci\u00f3n de un monta\u00f1ero fallecido en el Pico Gabietos, en Fanlo, y de su compa\u00f1ero, que result\u00f3 ileso.\u00a0<\/p>\n<p>            Conforme a los criterios de<br \/>\n            <a class=\"trustproject_img\" id=\"trustproject_img\" href=\"https:\/\/thetrustproject.org\/\" target=\"_blank\" rel=\"nofollow noopener\" aria-label=\"Trust Project\"><img decoding=\"async\" loading=\"lazy\" src=\"https:\/\/www.heraldo.es\/images\/Trust-Logo-Horizontal.svg\" alt=\"Logo Trust Project\" width=\"200\" height=\"34\"\/><\/a><\/p>\n<p>        <a href=\"https:\/\/www.henneo.com\/\" title=\"Grupo Henneo\" class=\"logo\" rel=\"nofollow noopener\" target=\"_blank\"><br \/>\n            <img decoding=\"async\" src=\"https:\/\/www.heraldo.es\/images\/logo_henneo_gris.svg\" alt=\"Logo Henneo\" width=\"559\" height=\"389\" loading=\"lazy\"\/><br \/>\n        <\/a><\/p>\n<p>\u00a9 HERALDO DE ARAGON EDITORA, S.L.U.<br \/>Tel\u00e9fono 976 765 000 \/ &#8211; P\u00ba. Independencia, 29, 50001 Zaragoza &#8211; CIF: B99288763 &#8211; Inscrita en el Registro Mercantil de Zaragoza al Tomo 3796, Libro 0, Folio 177, Secci\u00f3n 8, Hoja Z-50564<br \/>Queda prohibida toda reproducci\u00f3n sin permiso escrito de la empresa a los efectos del art\u00edculo 32.1, p\u00e1rrafo segundo, de la Ley de Propiedad Intelectual<\/p>\n<p>\n                P\u00ba Independencia, 29, 50001 Zaragoza<br \/> Tel\u00e9fono 976 765 000\n            <\/p>\n<p>                    Actualmente tu navegador no permite ejecutar JavaScript. Para poder disfrutar de nuestro contenido es necesario que lo permita.<br \/>\n                                        <img decoding=\"async\" loading=\"lazy\" alt=\"Heraldo logo\" src=\"https:\/\/dkumiip2e9ary.cloudfront.net\/xalok\/heraldo\/especiales\/hola-de-nuevo\/logo-heraldo.svg\" width=\"215\" height=\"43\"\/><\/p>\n","protected":false},"excerpt":{"rendered":"Nuevo rescate en el glaciar del Aneto: dos personas enriscadas y una de ellas, en &#8216;shock&#8217; Nuevo rescate&hellip;\n","protected":false},"author":2,"featured_media":101061,"comment_status":"","ping_status":"","sticky":false,"template":"","format":"standard","meta":{"footnotes":""},"categories":[8],"tags":[17,18,35688,25,24,13,14,16822,11,19,20,9,10,15,16,3477,12999,786,6745,23,12,21,22],"class_list":{"0":"post-101060","1":"post","2":"type-post","3":"status-publish","4":"format-standard","5":"has-post-thumbnail","7":"category-espana","8":"tag-breaking-news","9":"tag-breakingnews","10":"tag-enriscadas","11":"tag-es","12":"tag-espana","13":"tag-featured-news","14":"tag-featurednews","15":"tag-glaciar","16":"tag-headlines","17":"tag-latest-news","18":"tag-latestnews","19":"tag-news","20":"tag-noticias","21":"tag-noticias-destacadas","22":"tag-noticiasdestacadas","23":"tag-personas","24":"tag-pirineos","25":"tag-rescate","26":"tag-shock","27":"tag-spain","28":"tag-titulares","29":"tag-ultimas-noticias","30":"tag-ultimasnoticias"},"share_on_mastodon":{"url":"","error":""},"_links":{"self":[{"href":"https:\/\/www.europesays.com\/es\/wp-json\/wp\/v2\/posts\/101060","targetHints":{"allow":["GET"]}}],"collection":[{"href":"https:\/\/www.europesays.com\/es\/wp-json\/wp\/v2\/posts"}],"about":[{"href":"https:\/\/www.europesays.com\/es\/wp-json\/wp\/v2\/types\/post"}],"author":[{"embeddable":true,"href":"https:\/\/www.europesays.com\/es\/wp-json\/wp\/v2\/users\/2"}],"replies":[{"embeddable":true,"href":"https:\/\/www.europesays.com\/es\/wp-json\/wp\/v2\/comments?post=101060"}],"version-history":[{"count":0,"href":"https:\/\/www.europesays.com\/es\/wp-json\/wp\/v2\/posts\/101060\/revisions"}],"wp:featuredmedia":[{"embeddable":true,"href":"https:\/\/www.europesays.com\/es\/wp-json\/wp\/v2\/media\/101061"}],"wp:attachment":[{"href":"https:\/\/www.europesays.com\/es\/wp-json\/wp\/v2\/media?parent=101060"}],"wp:term":[{"taxonomy":"category","embeddable":true,"href":"https:\/\/www.europesays.com\/es\/wp-json\/wp\/v2\/categories?post=101060"},{"taxonomy":"post_tag","embeddable":true,"href":"https:\/\/www.europesays.com\/es\/wp-json\/wp\/v2\/tags?post=101060"}],"curies":[{"name":"wp","href":"https:\/\/api.w.org\/{rel}","templated":true}]}}