{"id":101134,"date":"2025-09-08T11:55:15","date_gmt":"2025-09-08T11:55:15","guid":{"rendered":"https:\/\/www.europesays.com\/es\/101134\/"},"modified":"2025-09-08T11:55:15","modified_gmt":"2025-09-08T11:55:15","slug":"arraun-encarrila-su-cuarta-bandera-en-donostia","status":"publish","type":"post","link":"https:\/\/www.europesays.com\/es\/101134\/","title":{"rendered":"Arraun encarrila su cuarta bandera en Donostia"},"content":{"rendered":"<p>\n        <a href=\"https:\/\/www.deia.eus\/tags\/arraun-lagunak\/\" title=\"Arraun Lagunak\" class=\"link copy\" rel=\"nofollow noopener\" target=\"_blank\">Arraun Lagunak<\/a> dio este domingo <strong>un paso de gigante para lograr la que ser\u00eda su cuarta victoria <\/strong>\u2013tercera consecutiva- en la <a href=\"https:\/\/www.deia.eus\/tags\/bandera-de-la-concha\/\" title=\"Bandera de la Concha\" class=\"link copy\" rel=\"nofollow noopener\" target=\"_blank\">Bandera de La Concha<\/a> tras adjudicarse el triunfo en la primera jornada <strong>con una importante renta de 10 segundos<\/strong> respecto a sus dos rivales m\u00e1s directos, Tolosaldea y Orio. Zumaia, que curiosamente en la clasificatoria estuvo a punto de quedar fuera de las elegidas para disputar la bandera de Donostia, completar\u00e1 <strong>la tanda de honor del pr\u00f3ximo domingo<\/strong> tras finalizar cuarta a 15 segundos de la primera clasificada.\n<\/p>\n<p class=\"article-body__text \">\n        La Luga\u00f1ene de Donostia <strong>sali\u00f3 a romper la regata desde las primeras paladas <\/strong>y antes de cumplirse el primer minuto de competici\u00f3n comandaba la prueba con una renta de dos segundos sobre Tolosaldea. La ventaja del equipo dirigido por Juan Mari Etxabe fue creciendo paulatinamente hasta alcanzar los cinco segundos en la ciaboga, con<strong> Donostiara y Astillero rezagadas<\/strong> de la lucha por el primer puesto, a 10 segundos.\n<\/p>\n<p class=\"article-body__text \">\n        <strong>El largo de vuelta fue un calco matem\u00e1tico del primero<\/strong> y Arraun Lagunak volvi\u00f3 a aventajar en cinco segundos a Tolosaldea hasta cruzar la l\u00ednea de llegada con una importante renta de diez segundos que puede resultar determinante en el desenlace de la 18 edici\u00f3n de la bandera femenina de la Concha. El registro empleado este domingo por Arraun Lagunak es<strong> el tercero m\u00e1s r\u00e1pido en la historia de la bandera de Donostia<\/strong>.\n<\/p>\n<p class=\"article-body__text \">\n        En la segunda manga, <strong>Orio parti\u00f3 con la presi\u00f3n impuesta por el excelente tiempo invertido por Arraun en la primera serie<\/strong>. El viento sur dej\u00f3 de soplar con fuerza y el equipo amarillo cedi\u00f3 casi 17 segundos en el primer largo. Orio pudo recuperar seis en la segunda mitad de la regata, escoltada por una excelente Zumaia, pero <strong>finaliz\u00f3 la regata con una desventaja de 10<\/strong> segundos que le pone muy cuesta arriba la consecuci\u00f3n de la bandera. El pr\u00f3ximo domingo <strong>la tanda de honor contar\u00e1 con la participaci\u00f3n de Arraun Lagunak, Tolosaldea, Orio y Zumaia<\/strong>, en tanto que Astillero, Donostiarra, Hibaika y Hondarribia bogar\u00e1n en la primera serie separadas por cinco segundos.<\/p>\n","protected":false},"excerpt":{"rendered":"Arraun Lagunak dio este domingo un paso de gigante para lograr la que ser\u00eda su cuarta victoria \u2013tercera&hellip;\n","protected":false},"author":2,"featured_media":101135,"comment_status":"","ping_status":"","sticky":false,"template":"","format":"standard","meta":{"footnotes":""},"categories":[269],"tags":[35700,299,13281,298,18810,8621,168,1349,32012,25,24,1783,23,167],"class_list":{"0":"post-101134","1":"post","2":"type-post","3":"status-publish","4":"format-standard","5":"has-post-thumbnail","7":"category-baloncesto","8":"tag-arraun","9":"tag-baloncesto","10":"tag-bandera","11":"tag-basketball","12":"tag-concha","13":"tag-cuarta","14":"tag-deportes","15":"tag-donostia","16":"tag-encarrila","17":"tag-es","18":"tag-espana","19":"tag-la","20":"tag-spain","21":"tag-sports"},"share_on_mastodon":{"url":"","error":""},"_links":{"self":[{"href":"https:\/\/www.europesays.com\/es\/wp-json\/wp\/v2\/posts\/101134","targetHints":{"allow":["GET"]}}],"collection":[{"href":"https:\/\/www.europesays.com\/es\/wp-json\/wp\/v2\/posts"}],"about":[{"href":"https:\/\/www.europesays.com\/es\/wp-json\/wp\/v2\/types\/post"}],"author":[{"embeddable":true,"href":"https:\/\/www.europesays.com\/es\/wp-json\/wp\/v2\/users\/2"}],"replies":[{"embeddable":true,"href":"https:\/\/www.europesays.com\/es\/wp-json\/wp\/v2\/comments?post=101134"}],"version-history":[{"count":0,"href":"https:\/\/www.europesays.com\/es\/wp-json\/wp\/v2\/posts\/101134\/revisions"}],"wp:featuredmedia":[{"embeddable":true,"href":"https:\/\/www.europesays.com\/es\/wp-json\/wp\/v2\/media\/101135"}],"wp:attachment":[{"href":"https:\/\/www.europesays.com\/es\/wp-json\/wp\/v2\/media?parent=101134"}],"wp:term":[{"taxonomy":"category","embeddable":true,"href":"https:\/\/www.europesays.com\/es\/wp-json\/wp\/v2\/categories?post=101134"},{"taxonomy":"post_tag","embeddable":true,"href":"https:\/\/www.europesays.com\/es\/wp-json\/wp\/v2\/tags?post=101134"}],"curies":[{"name":"wp","href":"https:\/\/api.w.org\/{rel}","templated":true}]}}