{"id":101158,"date":"2025-09-08T12:12:20","date_gmt":"2025-09-08T12:12:20","guid":{"rendered":"https:\/\/www.europesays.com\/es\/101158\/"},"modified":"2025-09-08T12:12:20","modified_gmt":"2025-09-08T12:12:20","slug":"la-fresa-estrena-sus-coloquios-taurinos-en-el-marco-de-la-feria-de-salamanca","status":"publish","type":"post","link":"https:\/\/www.europesays.com\/es\/101158\/","title":{"rendered":"La Fresa estrena sus coloquios taurinos en el marco de la Feria de Salamanca"},"content":{"rendered":"<p class=\"v-mdl-ath__p v-mdl-ath__p--6\">\nLunes, 8 de septiembre 2025, 05:00<\/p>\n<p class=\"v-p\"><a href=\"https:\/\/barlafresa.com\/\" rel=\"nofollow noopener\" target=\"_blank\" data-voc-vtm-id=\"in-text-traffic\" title=\"La Fresa Vinos &amp; Tapas\" data-mrf-link=\"barlafresa.com\">La Fresa Vinos &amp; Tapas<\/a> se suma este a\u00f1o al circuito cultural de la <strong>Feria Taurina de Salamanca<\/strong> con la organizaci\u00f3n de sus<strong> I Coloquios Taurinos<\/strong>. La cita tendr\u00e1 lugar los pr\u00f3ximos<strong> jueves 11 y mi\u00e9rcoles 17 de septiembre<\/strong>, <strong>a partir de las 20:00 horas<\/strong>, y nace con la vocaci\u00f3n de consolidarse como un referente cultural y de encuentro para los apasionados del mundo del toro.<\/p>\n<p class=\"v-p\">\u00abLos I Coloquios Taurinos buscan <strong>reactivar una actividad tradicional en Salamanca, ciudad con gran afici\u00f3n taurina<\/strong>. <strong>Contar\u00e1n con cr\u00edticos, toreros y ganaderos<\/strong> para fomentar el inter\u00e9s y la participaci\u00f3n. El objetivo es animar al p\u00fablico, aportar a la fiesta y contribuir a que esta tradici\u00f3n siga creciendo\u00bb, confirman los responsables del establecimiento.<\/p>\n<p>Entrada libre<\/p>\n<p class=\"v-p\">Estos coloquios, de<strong> entrada libre hasta completar el aforo<\/strong>, ofrecer\u00e1n un espacio pensado para quienes viven la fiesta m\u00e1s all\u00e1 del tendido. Se trata de un formato que busca <strong>fomentar la reflexi\u00f3n, el an\u00e1lisis y el di\u00e1logo sobre el presente y el futuro de la tauromaquia<\/strong>, con especial atenci\u00f3n a los carteles de la feria salmantina.<\/p>\n<p class=\"v-p\"><strong>La conducci\u00f3n de las jornadas correr\u00e1 a cargo de tres reconocidos profesionales del periodismo y la cr\u00edtica taurina: David Casas, Domingo Delgado de la C\u00e1mara y V\u00edctor Soria<\/strong>. Ellos ser\u00e1n los encargados de moderar los debates, aportar su visi\u00f3n de expertos y dialogar con destacados protagonistas invitados.<\/p>\n<p class=\"v-p\">Con esta iniciativa,<strong> La Fresa Vinos &amp; Tapas<\/strong>, conocido como un aut\u00e9ntico \u00abtemplo de la gastronom\u00eda y la afici\u00f3n\u00bb, trasciende su faceta culinaria para convertirse en <strong>foro de encuentro cultural y taurino<\/strong>. Una propuesta que busca abrir nuevas v\u00edas de reflexi\u00f3n y que aspira a consolidarse como cita imprescindible en el calendario cultural de Salamanca.<\/p>\n<p>Reporta un error<\/p>\n","protected":false},"excerpt":{"rendered":"Lunes, 8 de septiembre 2025, 05:00 La Fresa Vinos &amp; Tapas se suma este a\u00f1o al circuito cultural&hellip;\n","protected":false},"author":2,"featured_media":101159,"comment_status":"","ping_status":"","sticky":false,"template":"","format":"standard","meta":{"footnotes":""},"categories":[277],"tags":[373,32410,168,25,24,1719,599,35705,737,3614,23,167,3870,374],"class_list":{"0":"post-101158","1":"post","2":"type-post","3":"status-publish","4":"format-standard","5":"has-post-thumbnail","7":"category-toreo","8":"tag-bullfighting","9":"tag-coloquios","10":"tag-deportes","11":"tag-es","12":"tag-espana","13":"tag-estrena","14":"tag-feria","15":"tag-fresa","16":"tag-marco","17":"tag-salamanca","18":"tag-spain","19":"tag-sports","20":"tag-taurinos","21":"tag-toreo"},"share_on_mastodon":{"url":"","error":""},"_links":{"self":[{"href":"https:\/\/www.europesays.com\/es\/wp-json\/wp\/v2\/posts\/101158","targetHints":{"allow":["GET"]}}],"collection":[{"href":"https:\/\/www.europesays.com\/es\/wp-json\/wp\/v2\/posts"}],"about":[{"href":"https:\/\/www.europesays.com\/es\/wp-json\/wp\/v2\/types\/post"}],"author":[{"embeddable":true,"href":"https:\/\/www.europesays.com\/es\/wp-json\/wp\/v2\/users\/2"}],"replies":[{"embeddable":true,"href":"https:\/\/www.europesays.com\/es\/wp-json\/wp\/v2\/comments?post=101158"}],"version-history":[{"count":0,"href":"https:\/\/www.europesays.com\/es\/wp-json\/wp\/v2\/posts\/101158\/revisions"}],"wp:featuredmedia":[{"embeddable":true,"href":"https:\/\/www.europesays.com\/es\/wp-json\/wp\/v2\/media\/101159"}],"wp:attachment":[{"href":"https:\/\/www.europesays.com\/es\/wp-json\/wp\/v2\/media?parent=101158"}],"wp:term":[{"taxonomy":"category","embeddable":true,"href":"https:\/\/www.europesays.com\/es\/wp-json\/wp\/v2\/categories?post=101158"},{"taxonomy":"post_tag","embeddable":true,"href":"https:\/\/www.europesays.com\/es\/wp-json\/wp\/v2\/tags?post=101158"}],"curies":[{"name":"wp","href":"https:\/\/api.w.org\/{rel}","templated":true}]}}