{"id":101164,"date":"2025-09-08T12:16:33","date_gmt":"2025-09-08T12:16:33","guid":{"rendered":"https:\/\/www.europesays.com\/es\/101164\/"},"modified":"2025-09-08T12:16:33","modified_gmt":"2025-09-08T12:16:33","slug":"resumen-tv-de-la-xxxvi-andra-mari-sari-nagusia-de-urduliz-torneo-lehendakari-2025","status":"publish","type":"post","link":"https:\/\/www.europesays.com\/es\/101164\/","title":{"rendered":"Resumen TV de la XXXVI Andra Mari Sari Nagusia de Urduliz &#8211; Torneo Lehendakari 2025"},"content":{"rendered":"<p>A continuaci\u00f3n pod\u00e9is disfrutar del v\u00eddeo-resumen de la<strong> Andra Mari Sari Nagusia <\/strong>disputada este domingo en <strong>Urduliz<\/strong>. La prueba vizca\u00edna acab\u00f3 deparando un final muy emocionante en el que la <strong>Fundaci\u00f3n Euskadi, <\/strong>mostr\u00f3 musculo con tres de sus ciclistas ocupando el podio al completo,\u00a0mientras que Sergio Guti\u00e9rrez (Gomur-Cantabria Infinita) seguir\u00e1 al frente del <strong>Torneo Lehendakari 2025<\/strong> al que a\u00fan restan dos fechas para su conclusi\u00f3n.<\/p>\n<p>Resumen producido por Txirrindulariak Web<\/p>\n","protected":false},"excerpt":{"rendered":"A continuaci\u00f3n pod\u00e9is disfrutar del v\u00eddeo-resumen de la Andra Mari Sari Nagusia disputada este domingo en Urduliz. La&hellip;\n","protected":false},"author":2,"featured_media":101165,"comment_status":"","ping_status":"","sticky":false,"template":"","format":"standard","meta":{"footnotes":""},"categories":[273],"tags":[313,312,168,25,24,23,167],"class_list":{"0":"post-101164","1":"post","2":"type-post","3":"status-publish","4":"format-standard","5":"has-post-thumbnail","7":"category-ciclismo","8":"tag-ciclismo","9":"tag-cycling","10":"tag-deportes","11":"tag-es","12":"tag-espana","13":"tag-spain","14":"tag-sports"},"share_on_mastodon":{"url":"","error":""},"_links":{"self":[{"href":"https:\/\/www.europesays.com\/es\/wp-json\/wp\/v2\/posts\/101164","targetHints":{"allow":["GET"]}}],"collection":[{"href":"https:\/\/www.europesays.com\/es\/wp-json\/wp\/v2\/posts"}],"about":[{"href":"https:\/\/www.europesays.com\/es\/wp-json\/wp\/v2\/types\/post"}],"author":[{"embeddable":true,"href":"https:\/\/www.europesays.com\/es\/wp-json\/wp\/v2\/users\/2"}],"replies":[{"embeddable":true,"href":"https:\/\/www.europesays.com\/es\/wp-json\/wp\/v2\/comments?post=101164"}],"version-history":[{"count":0,"href":"https:\/\/www.europesays.com\/es\/wp-json\/wp\/v2\/posts\/101164\/revisions"}],"wp:featuredmedia":[{"embeddable":true,"href":"https:\/\/www.europesays.com\/es\/wp-json\/wp\/v2\/media\/101165"}],"wp:attachment":[{"href":"https:\/\/www.europesays.com\/es\/wp-json\/wp\/v2\/media?parent=101164"}],"wp:term":[{"taxonomy":"category","embeddable":true,"href":"https:\/\/www.europesays.com\/es\/wp-json\/wp\/v2\/categories?post=101164"},{"taxonomy":"post_tag","embeddable":true,"href":"https:\/\/www.europesays.com\/es\/wp-json\/wp\/v2\/tags?post=101164"}],"curies":[{"name":"wp","href":"https:\/\/api.w.org\/{rel}","templated":true}]}}