{"id":101182,"date":"2025-09-08T12:27:09","date_gmt":"2025-09-08T12:27:09","guid":{"rendered":"https:\/\/www.europesays.com\/es\/101182\/"},"modified":"2025-09-08T12:27:09","modified_gmt":"2025-09-08T12:27:09","slug":"el-habito-avalado-por-expertos-que-mantiene-mente-y-cuerpo-jovenes-con-el-paso-de-los-anos","status":"publish","type":"post","link":"https:\/\/www.europesays.com\/es\/101182\/","title":{"rendered":"El h\u00e1bito avalado por expertos que mantiene mente y cuerpo j\u00f3venes con el paso de los a\u00f1os"},"content":{"rendered":"<p><img alt=\"El ejercicio regular retrasa el\" class=\"global-image\" decoding=\"async\" fetchpriority=\"high\" height=\"816\" loading=\"eager\" src=\"https:\/\/www.europesays.com\/es\/wp-content\/uploads\/2025\/09\/YBXAPDOVWBAJTKYMH5JKMMEAWY.jpg\" width=\"1456\"\/>El ejercicio regular retrasa el envejecimiento y mejora la calidad de vida en adultos mayores (Imagen ilustrativa Infobae)<\/p>\n<p class=\"paragraph\"><b>Sentirse joven, conservar la vitalidad y sostener la energ\u00eda <\/b>con el paso de los a\u00f1os no siempre requiere de rutinas complejas ni tratamientos costosos: a menudo basta con incorporar el <b>ejercicio como un h\u00e1bito cotidiano<\/b>. <\/p>\n<p class=\"paragraph\">Seg\u00fan Verywell Health, mantener el cuerpo en movimiento de manera regular se convierte en la estrategia m\u00e1s efectiva para <b>ralentizar los signos del <\/b><a rel=\"noopener noreferrer nofollow\" href=\"https:\/\/www.infobae.com\/salud\/2025\/08\/11\/el-envejecimiento-se-acelera-desde-los-50-anos-un-analisis-de-sangre-podria-prevenir-enfermedades-e-impulsar-la-longevidad\/\" target=\"_blank\" title=\"https:\/\/www.infobae.com\/salud\/2025\/08\/11\/el-envejecimiento-se-acelera-desde-los-50-anos-un-analisis-de-sangre-podria-prevenir-enfermedades-e-impulsar-la-longevidad\/\"><b>envejecimiento<\/b><\/a> y potenciar un bienestar integral. Esta afirmaci\u00f3n, avalada por especialistas en salud y por organismos internacionales, cobra cada vez mayor relevancia en un escenario social donde se busca no solo prolongar la esperanza de vida, sino tambi\u00e9n garantizar que esos a\u00f1os se vivan con autonom\u00eda, fortaleza y calidad.<\/p>\n<p class=\"paragraph\">El ejercicio es un pilar imprescindible para conservar <b>la fuerza muscular, la coordinaci\u00f3n y el equilibrio<\/b>. Estas capacidades resultan esenciales para la movilidad en la vejez, ya que su p\u00e9rdida incrementa el riesgo de ca\u00eddas y lesiones, lo que habitualmente genera discapacidad en las personas mayores. <\/p>\n<p class=\"paragraph\">Harvard Health mencion\u00f3 que mantenerse activo posibilita a los adultos cuidar de s\u00ed mismos y<b> realizar sus actividades cotidianas o recreativas con seguridad y confianza.<\/b><\/p>\n<p><img alt=\"La actividad f\u00edsica preserva la\" class=\"global-image\" decoding=\"async\" fetchpriority=\"low\" height=\"1080\" loading=\"lazy\" src=\"https:\/\/www.europesays.com\/es\/wp-content\/uploads\/2025\/09\/CFSUONJ5ZZCZZFDYJQLNKOHSJU.jpg\" width=\"1920\"\/>La actividad f\u00edsica preserva la movilidad, el equilibrio y la salud mental en la vejez (Imagen Ilustrativa Infobae)<\/p>\n<p class=\"paragraph\">La actividad f\u00edsica regular contribuye de manera importante al control del peso corporal y favorece la prevenci\u00f3n de enfermedades metab\u00f3licas como la diabetes, la hipertensi\u00f3n arterial, los trastornos vasculares y las afecciones endocrinas. <\/p>\n<p class=\"paragraph\">Cleveland Clinic report\u00f3 que el ejercicio <b>mejora el uso de calor\u00edas y la eficiencia metab\u00f3lica<\/b>, lo que permite gestionar mejor la energ\u00eda y disminuye la probabilidad de ganar peso aunque la dieta sea contenida.<\/p>\n<p class=\"paragraph\">El impacto del ejercicio no solo es f\u00edsico; tambi\u00e9n se refleja en el bienestar mental y emocional. Verywell health resalta que la actividad, estructurada o simplemente una caminata al aire libre, <b>reduce los sentimientos de tristeza y ansiedad en adultos mayores. <\/b><\/p>\n<p class=\"paragraph\">Cuidar la salud mental es determinante, ya que influye en la calidad del sue\u00f1o y los niveles diarios de energ\u00eda. Adem\u00e1s, <b>un estado emocional estable reduce el riesgo de<\/b> <b>problemas card\u00edacos, digestivos e inflamatorios o autoinmunes<\/b>.<\/p>\n<p><img alt=\"La actividad f\u00edsica protege la\" class=\"global-image\" decoding=\"async\" fetchpriority=\"low\" height=\"5304\" loading=\"lazy\" src=\"https:\/\/www.europesays.com\/es\/wp-content\/uploads\/2025\/09\/7OZZ6XPMWJFCBEXP3LQV5DX52Q.jpg\" width=\"7952\"\/>La actividad f\u00edsica protege la funci\u00f3n cognitiva y reduce el riesgo de demencia en personas mayores (Imagen Ilustrativa Infobae)<\/p>\n<p class=\"paragraph\">Adem\u00e1s, la Escuela de Medicina de Harvard ha publicado estudios que muestran c\u00f3mo <b>la actividad f\u00edsica regular protege el cerebro, ayuda a mantener la funci\u00f3n cognitiva y reduce el riesgo de demencia en personas mayores. <\/b>Estos resultados refuerzan la importancia del ejercicio para preservar la mente y el cuerpo.<\/p>\n<p class=\"paragraph\">En el plano cognitivo, la actividad f\u00edsica contribuye a <b>conservar la agudeza mental.<\/b> Las funciones cognitivas, incluyendo pensamiento, planificaci\u00f3n, toma de decisiones y concentraci\u00f3n, tienden a deteriorarse con la edad, lo que puede provocar demencia y una reducci\u00f3n significativa de la calidad de vida. <\/p>\n<p class=\"paragraph\">Los <b>Centros para el Control y la Prevenci\u00f3n de Enfermedades (CDC)<\/b> han establecido pautas espec\u00edficas para adultos de 65 a\u00f1os o m\u00e1s sobre c\u00f3mo incorporar el ejercicio en la rutina diaria. Se recomienda realizar <b>al menos 150 minutos semanales de actividad aer\u00f3bica moderada<\/b> <b>o 75 minutos de actividad vigorosa, o una combinaci\u00f3n de ambas. <\/b><\/p>\n<p class=\"paragraph\">Adem\u00e1s, se sugiere incluir ejercicios de fortalecimiento muscular al menos dos d\u00edas por semana y actividades de equilibrio con regularidad.<\/p>\n<p><img alt=\"Los CDC sugieren 150 minutos\" class=\"global-image\" decoding=\"async\" fetchpriority=\"low\" height=\"816\" loading=\"lazy\" src=\"https:\/\/www.europesays.com\/es\/wp-content\/uploads\/2025\/09\/6TPE2NNHQVACNKWVULOOKLHNWE.jpg\" width=\"1456\"\/>Los CDC sugieren 150 minutos semanales de ejercicio moderado para adultos mayores de 65 a\u00f1os (Imagen Ilustrativa Infobae)<\/p>\n<p class=\"paragraph\"><b>La intensidad puede medirse f\u00e1cilmente<\/b>: la actividad moderada eleva la frecuencia card\u00edaca y la respiraci\u00f3n, pero permite conversar; la vigorosa incrementa notablemente ambos aspectos y dificulta hablar en frases completas. Estas recomendaciones, recopiladas por verywell health, orientan el ejercicio a las capacidades individuales.<\/p>\n<p class=\"paragraph\">Las alternativas de actividad f\u00edsica para adultos mayores son diversas. Entre las aer\u00f3bicas, figuran caminar al aire libre, en pista cubierta o en cinta, senderismo, nataci\u00f3n, ejercicios acu\u00e1ticos, uso de m\u00e1quinas de remo o bicicletas est\u00e1ticas, correr, trotar, saltar la cuerda y tareas dom\u00e9sticas o jardiner\u00eda. <\/p>\n<p class=\"paragraph\">El fortalecimiento muscular puede lograrse con levantamiento de pesas, pilates, ejercicios isom\u00e9tricos y dominadas. Para el equilibrio se recomiendan yoga, tai chi y ejercicios de estiramiento, as\u00ed como deportes como golf, pickleball, tenis o b\u00e1squet.<\/p>\n<p><img alt=\"Opciones de ejercicio incluyen caminatas,\" class=\"global-image\" decoding=\"async\" fetchpriority=\"low\" height=\"816\" loading=\"lazy\" src=\"https:\/\/www.europesays.com\/es\/wp-content\/uploads\/2025\/09\/C5AHXQBJQBHJPFIW3KKPFHHJAI.jpg\" width=\"1456\"\/>Opciones de ejercicio incluyen caminatas, tenis, nataci\u00f3n, yoga, pilates y deportes adaptados (Imagen Ilustrativa Infobae)<\/p>\n<p class=\"paragraph\">Previo a introducir cualquier rutina de ejercicios \u2014en especial si existen condiciones m\u00e9dicas preexistentes\u2014 es imprescindible consultar a un profesional de la salud para garantizar la seguridad y adecuaci\u00f3n de las actividades propuestas.<\/p>\n<p class=\"paragraph\">La informaci\u00f3n presentada por verywell health y respaldada por instituciones como Harvard demuestra que nunca es tarde para sumar la actividad f\u00edsica a la vida diaria. Incluso ante problemas de salud previos, mantenerse activo es una opci\u00f3n posible y beneficiosa para quienes desean mejorar su bienestar en cualquier etapa de la vida.<\/p>\n","protected":false},"excerpt":{"rendered":"El ejercicio regular retrasa el envejecimiento y mejora la calidad de vida en adultos mayores (Imagen ilustrativa Infobae)&hellip;\n","protected":false},"author":2,"featured_media":101183,"comment_status":"","ping_status":"","sticky":false,"template":"","format":"standard","meta":{"footnotes":""},"categories":[92],"tags":[11765,4808,8346,25,24,8720,29126,165,35707,166,23],"class_list":{"0":"post-101182","1":"post","2":"type-post","3":"status-publish","4":"format-standard","5":"has-post-thumbnail","7":"category-salud","8":"tag-actividad-fisica","9":"tag-ejercicio","10":"tag-entrenamiento","11":"tag-es","12":"tag-espana","13":"tag-fuerza","14":"tag-gimnasio","15":"tag-health","16":"tag-musculacion","17":"tag-salud","18":"tag-spain"},"share_on_mastodon":{"url":"","error":""},"_links":{"self":[{"href":"https:\/\/www.europesays.com\/es\/wp-json\/wp\/v2\/posts\/101182","targetHints":{"allow":["GET"]}}],"collection":[{"href":"https:\/\/www.europesays.com\/es\/wp-json\/wp\/v2\/posts"}],"about":[{"href":"https:\/\/www.europesays.com\/es\/wp-json\/wp\/v2\/types\/post"}],"author":[{"embeddable":true,"href":"https:\/\/www.europesays.com\/es\/wp-json\/wp\/v2\/users\/2"}],"replies":[{"embeddable":true,"href":"https:\/\/www.europesays.com\/es\/wp-json\/wp\/v2\/comments?post=101182"}],"version-history":[{"count":0,"href":"https:\/\/www.europesays.com\/es\/wp-json\/wp\/v2\/posts\/101182\/revisions"}],"wp:featuredmedia":[{"embeddable":true,"href":"https:\/\/www.europesays.com\/es\/wp-json\/wp\/v2\/media\/101183"}],"wp:attachment":[{"href":"https:\/\/www.europesays.com\/es\/wp-json\/wp\/v2\/media?parent=101182"}],"wp:term":[{"taxonomy":"category","embeddable":true,"href":"https:\/\/www.europesays.com\/es\/wp-json\/wp\/v2\/categories?post=101182"},{"taxonomy":"post_tag","embeddable":true,"href":"https:\/\/www.europesays.com\/es\/wp-json\/wp\/v2\/tags?post=101182"}],"curies":[{"name":"wp","href":"https:\/\/api.w.org\/{rel}","templated":true}]}}