{"id":101184,"date":"2025-09-08T12:28:09","date_gmt":"2025-09-08T12:28:09","guid":{"rendered":"https:\/\/www.europesays.com\/es\/101184\/"},"modified":"2025-09-08T12:28:09","modified_gmt":"2025-09-08T12:28:09","slug":"patrick-schwarzenegger-contrajo-matrimonio-con-abby-champion","status":"publish","type":"post","link":"https:\/\/www.europesays.com\/es\/101184\/","title":{"rendered":"Patrick Schwarzenegger contrajo matrimonio con Abby Champion"},"content":{"rendered":"<p><img alt=\"La ceremonia de Patrick Schwarzenegger\" class=\"global-image\" decoding=\"async\" fetchpriority=\"high\" height=\"1080\" loading=\"eager\" src=\"https:\/\/www.europesays.com\/es\/wp-content\/uploads\/2025\/09\/K4U4FQOAQRDL3LATUCR2MTGFMM.jpg\" width=\"1920\"\/>La ceremonia de Patrick Schwarzenegger y Abby Champion reuni\u00f3 a familiares y amigos en el Gozzer Ranch, a orillas del lago Coeur d\u2019Alene (Instagram\/@patrickschwarzenegger)<\/p>\n<p class=\"paragraph\"><a href=\"https:\/\/www.infobae.com\/entretenimiento\/2025\/03\/18\/patrick-schwarzenegger-poso-casi-desnudo-junto-a-su-prometida-abby-champion\/\" target=\"_blank\" rel=\"noreferrer nofollow noopener\" title=\"https:\/\/www.infobae.com\/entretenimiento\/2025\/03\/18\/patrick-schwarzenegger-poso-casi-desnudo-junto-a-su-prometida-abby-champion\/\">Patrick Schwarzenegger y Abby Champion<\/a> celebraron su boda el s\u00e1bado 6 de septiembre en una ceremonia \u00edntima a orillas del lago Coeur d\u2019Alene, en el Gozzer Ranch de Idaho.<\/p>\n<p class=\"paragraph\">El evento cont\u00f3 con la presencia de familiares y amigos cercanos, que acompa\u00f1aron a la pareja durante un fin de semana de festejos.<\/p>\n<p class=\"paragraph\">La boda tuvo lugar en el club campestre Gozzer Ranch, un lugar que ambos visitaron en varias ocasiones antes de su matrimonio, report\u00f3 Daily Mail.<\/p>\n<p class=\"paragraph\">Seg\u00fan consignaron varios medios que accedieron a im\u00e1genes del evento, el actor y la modelo optaron por atuendos en tonos claros: <b>Patrick Schwarzenegger<\/b> visti\u00f3 un esmoquin con chaqueta color crema y pantalones de terciopelo negro, mientras que <b>Abby Champion<\/b> luci\u00f3 un vestido blanco sin mangas acompa\u00f1ado de un velo largo.<\/p>\n<p class=\"paragraph\">Entre los invitados destacados estuvieron los padres del actor, <a href=\"https:\/\/www.infobae.com\/entretenimiento\/2025\/06\/25\/mucho-mas-que-en-terminator-arnold-schwarzenegger-revelo-con-que-pelicula-ha-ganado-mas-dinero-en-toda-su-carrera\/\" target=\"_blank\" rel=\"noreferrer nofollow noopener\" title=\"https:\/\/www.infobae.com\/entretenimiento\/2025\/06\/25\/mucho-mas-que-en-terminator-arnold-schwarzenegger-revelo-con-que-pelicula-ha-ganado-mas-dinero-en-toda-su-carrera\/\">Arnold Schwarzenegger<\/a> y <b>Maria Shriver<\/b>, as\u00ed como su hermana <b>Katherine Schwarzenegger<\/b> y su esposo, el actor <b>Chris Pratt<\/b>.<\/p>\n<p><img alt=\"Abby Champion camin\u00f3 hacia el\" class=\"global-image\" decoding=\"async\" fetchpriority=\"low\" height=\"1199\" loading=\"lazy\" src=\"https:\/\/www.europesays.com\/es\/wp-content\/uploads\/2025\/09\/UQQKF52QYVARNC57OQD6XDEL7Y.jpg\" width=\"1200\"\/>Abby Champion camin\u00f3 hacia el altar junto a su padre Greg, luciendo un vestido blanco y velo durante la ceremonia celebrada al aire libre (Instagram\/@patrickschwarzenegger)<\/p>\n<p class=\"paragraph\">La asistencia de los padres de Abby, Greg y Laura Champion, y de su hermana <b>Baskin Champion<\/b>, ex Miss Alabama Teen USA, tambi\u00e9n fue confirmada por diversos medios especializados.<\/p>\n<p class=\"paragraph\">Otros rostros conocidos que acudieron al evento fueron <b>Rob Lowe<\/b> y <b>Jason Isaacs<\/b>, quien comparti\u00f3 elenco con Patrick en la serie televisiva <b>The White Lotus<\/b>.<\/p>\n<p class=\"paragraph\">El grupo de damas de honor de la novia visti\u00f3 de amarillo, mientras que los padrinos del novio llevaron trajes oscuros.<\/p>\n<p class=\"paragraph\">Familiares y amigos llegaron a Idaho d\u00edas antes de la boda para participar de las celebraciones previas, iniciadas el jueves anterior al enlace.<\/p>\n<p class=\"paragraph\">La pareja inici\u00f3 su relaci\u00f3n en septiembre de 2015, hecho que se confirm\u00f3 p\u00fablicamente en febrero de 2016 mediante publicaciones en redes sociales.<\/p>\n<p><img alt=\"La boda sell\u00f3 la relaci\u00f3n\" class=\"global-image\" decoding=\"async\" fetchpriority=\"low\" height=\"3667\" loading=\"lazy\" src=\"https:\/\/www.europesays.com\/es\/wp-content\/uploads\/2025\/09\/7OCK2RKJL5HGDLUMIV4D7YQHTU.jpg\" width=\"5500\"\/>La boda sell\u00f3 la relaci\u00f3n iniciada en 2015 entre Schwarzenegger y Champion, quienes han compartido proyectos tanto personales como profesionales (REUTERS\/Maja Smiejkowska)<\/p>\n<p class=\"paragraph\">Desde entonces, compartieron varios proyectos profesionales, incluyendo una campa\u00f1a para la colecci\u00f3n oto\u00f1o 2019 de Calvin Klein Jeans y la colecci\u00f3n oto\u00f1o-invierno de Tommy Hilfiger.<\/p>\n<p class=\"paragraph\">Anteriormente, <b>Patrick Schwarzenegger<\/b> se refiri\u00f3 a la oportunidad de participar juntos en campa\u00f1as publicitarias, destacando el valor de compartir ese aspecto de su relaci\u00f3n en espacios representativos para ambos.<\/p>\n<p class=\"paragraph\">El compromiso matrimonial entre Patrick y Abby se anunci\u00f3 en diciembre de 2023 a trav\u00e9s de una publicaci\u00f3n conjunta en Instagram, con im\u00e1genes que mostraban la propuesta en la playa sobre un coraz\u00f3n formado por rosas rojas.<\/p>\n<p class=\"paragraph\">Seg\u00fan relat\u00f3 el propio Patrick en entrevistas, la solicitud de matrimonio ocurri\u00f3 al amanecer, en un ambiente relajado al que Abby lleg\u00f3 desprevenida. El evento se celebr\u00f3 con una torta personalizada que incluy\u00f3 la imagen de la pareja.<\/p>\n<p class=\"paragraph\">El proceso de organizaci\u00f3n de la boda qued\u00f3 documentado en medios estadounidenses a partir de declaraciones de Schwarzenegger, quien expres\u00f3 que su principal objetivo fue garantizar la felicidad de su esposa en el evento, apoyando sus decisiones y asegurando un ambiente acorde a sus expectativas.<\/p>\n<p><img alt=\"&quot;Estoy ah\u00ed para apoyarla y\" class=\"global-image\" decoding=\"async\" fetchpriority=\"low\" height=\"1079\" loading=\"lazy\" src=\"https:\/\/www.europesays.com\/es\/wp-content\/uploads\/2025\/09\/VHDXLTQ3FVDEJC7RH4DEJWOKJI.jpg\" width=\"1920\"\/>\u00abEstoy ah\u00ed para apoyarla y hacer que tenga el mejor d\u00eda posible\u00bb, hab\u00eda dicho el actor sobre su pareja (Instagram\/@patrickschwarzenegger)<\/p>\n<p class=\"paragraph\">\u201c<b>El rol es asegurarme de que ella est\u00e9 feliz<\/b>, hacer lo que ella desee. Estoy feliz de dar mi opini\u00f3n, pero principalmente estoy ah\u00ed para apoyarla y hacer que tenga el mejor d\u00eda posible\u201d, se\u00f1al\u00f3 el actor a GQ.<\/p>\n<p class=\"paragraph\">En agosto, Abby comparti\u00f3 en redes sociales momentos de la despedida de soltera celebrada junto a sus amigas en Rosemary Beach, Florida. Las im\u00e1genes mostraron actividades de ocio como paseos en bicicleta y celebraciones en la playa.<\/p>\n<p class=\"paragraph\">Esta boda representa el primer matrimonio tanto para <b>Patrick Schwarzenegger<\/b> como para <b>Abby Champion<\/b>. Antes de iniciar su relaci\u00f3n con la modelo, el actor mantuvo un noviazgo previo con <b>Miley Cyrus<\/b> por algunos meses entre 2014 y 2015.<\/p>\n<p class=\"paragraph\">La familia Schwarzenegger, reconocida en el \u00e1mbito del espect\u00e1culo y la pol\u00edtica, se reuni\u00f3 para acompa\u00f1ar al hijo mayor en esta nueva etapa personal.<\/p>\n<p><img alt=\"La familia Schwarzenegger acompa\u00f1\u00f3 a\" class=\"global-image\" decoding=\"async\" fetchpriority=\"low\" height=\"4022\" loading=\"lazy\" src=\"https:\/\/www.europesays.com\/es\/wp-content\/uploads\/2025\/09\/EQ7FYUNSHZBPVMUSZXJSJFMSKY.jpg\" width=\"5500\"\/>La familia Schwarzenegger acompa\u00f1\u00f3 a Patrick durante la celebraci\u00f3n en Idaho, reuni\u00e9ndose en el Gozzer Ranch para compartir uno de los momentos m\u00e1s importantes de su vida (REUTERS\/Mario Anzuoni)<\/p>\n<p class=\"paragraph\">Por el momento, los representantes oficiales de la pareja no entregaron declaraciones adicionales tras la ceremonia.<\/p>\n","protected":false},"excerpt":{"rendered":"La ceremonia de Patrick Schwarzenegger y Abby Champion reuni\u00f3 a familiares y amigos en el Gozzer Ranch, a&hellip;\n","protected":false},"author":2,"featured_media":101185,"comment_status":"","ping_status":"","sticky":false,"template":"","format":"standard","meta":{"footnotes":""},"categories":[91],"tags":[3118,146,147,25,24,406,8536,23,3020],"class_list":{"0":"post-101184","1":"post","2":"type-post","3":"status-publish","4":"format-standard","5":"has-post-thumbnail","7":"category-entretenimiento","8":"tag-arts-culture-entertainment","9":"tag-entertainment","10":"tag-entretenimiento","11":"tag-es","12":"tag-espana","13":"tag-europe","14":"tag-london","15":"tag-spain","16":"tag-sport"},"share_on_mastodon":{"url":"","error":""},"_links":{"self":[{"href":"https:\/\/www.europesays.com\/es\/wp-json\/wp\/v2\/posts\/101184","targetHints":{"allow":["GET"]}}],"collection":[{"href":"https:\/\/www.europesays.com\/es\/wp-json\/wp\/v2\/posts"}],"about":[{"href":"https:\/\/www.europesays.com\/es\/wp-json\/wp\/v2\/types\/post"}],"author":[{"embeddable":true,"href":"https:\/\/www.europesays.com\/es\/wp-json\/wp\/v2\/users\/2"}],"replies":[{"embeddable":true,"href":"https:\/\/www.europesays.com\/es\/wp-json\/wp\/v2\/comments?post=101184"}],"version-history":[{"count":0,"href":"https:\/\/www.europesays.com\/es\/wp-json\/wp\/v2\/posts\/101184\/revisions"}],"wp:featuredmedia":[{"embeddable":true,"href":"https:\/\/www.europesays.com\/es\/wp-json\/wp\/v2\/media\/101185"}],"wp:attachment":[{"href":"https:\/\/www.europesays.com\/es\/wp-json\/wp\/v2\/media?parent=101184"}],"wp:term":[{"taxonomy":"category","embeddable":true,"href":"https:\/\/www.europesays.com\/es\/wp-json\/wp\/v2\/categories?post=101184"},{"taxonomy":"post_tag","embeddable":true,"href":"https:\/\/www.europesays.com\/es\/wp-json\/wp\/v2\/tags?post=101184"}],"curies":[{"name":"wp","href":"https:\/\/api.w.org\/{rel}","templated":true}]}}