{"id":101197,"date":"2025-09-08T12:37:11","date_gmt":"2025-09-08T12:37:11","guid":{"rendered":"https:\/\/www.europesays.com\/es\/101197\/"},"modified":"2025-09-08T12:37:11","modified_gmt":"2025-09-08T12:37:11","slug":"coronados-en-el-tacuru-el-territorio","status":"publish","type":"post","link":"https:\/\/www.europesays.com\/es\/101197\/","title":{"rendered":"Coronados en el Tacur\u00fa | El Territorio"},"content":{"rendered":"<p>El torneo Federativo de golf cerr\u00f3 su segunda fecha en Posadas y consagr\u00f3 a los monarcas anuales en cada una de las categor\u00edas. En Scratch gan\u00f3 Mati S\u00e1nchez <\/p>\n<p>\n        domingo 07 de septiembre de 2025 | 10:00hs.\n    <\/p>\n<p>Rodolfo Caballero lleg\u00f3 desde Paso de los Libres para el torneo. Foto: Marco Isaac<\/p>\n<p>El golf de la regi\u00f3n vivi\u00f3 entre el viernes y ayer uno de los momentos m\u00e1s esperados del a\u00f1o. El torneo Federativo, que re\u00fane a los mejores golfistas de los clubes del nordeste argentino, tuvo su segunda y \u00faltima cita en el Tacur\u00fa Social Club de Posadas. Fue una edici\u00f3n especial ya que entreg\u00f3 puntaje doble y consagr\u00f3 a los campeones anuales en todas las categor\u00edas.<\/p>\n<p>La jornada sabatina se cerr\u00f3 por la tarde con el tradicional \u2018Hoyo 19\u2019 en el sal\u00f3n central, lugar donde se realiz\u00f3 la entrega de premios, un show en vivo y numerosos sorteos a cargo del sponsor principal, Puerto Valle Hotel de Esteros. Precisamente el empresario hotelero Luis Lisanti subray\u00f3 la importancia de acompa\u00f1ar este tipo de iniciativas deportivas.<\/p>\n<p>\u201cEstamos muy orgullosos de apoyar a Tacur\u00fa. Para nosotros es clave estar presentes en esta zona tan extraordinaria como son los Esteros del Iber\u00e1 y su cercan\u00eda con Posadas\u201d, afirm\u00f3.<\/p>\n<p>En la Scratch logr\u00f3 el trofeo mayor el local Mat\u00edas S\u00e1nchez (38 puntos); en la Primera se consagr\u00f3 el posade\u00f1o Jos\u00e9 Manuel S\u00e1nchez con 37 puntos; en Segunda venci\u00f3 Santiago Vega Fern\u00e1ndez Rivero -del Chaco Golf Club- con 44 en el acumulado; en Tercera se impuso otro representante del Tacur\u00fa como Macelo Paiz (41.5) al igual que en Cuarta con los palos de V\u00edctor \u00c1valos (40 puntos); mientras que en Damas se impuso Eloisa G\u00f3mez -Mercedes Golf Club (con 41).\u00a0<\/p>\n","protected":false},"excerpt":{"rendered":"El torneo Federativo de golf cerr\u00f3 su segunda fecha en Posadas y consagr\u00f3 a los monarcas anuales en&hellip;\n","protected":false},"author":2,"featured_media":101198,"comment_status":"","ping_status":"","sticky":false,"template":"","format":"standard","meta":{"footnotes":""},"categories":[275],"tags":[168,25,24,329,23,167],"class_list":{"0":"post-101197","1":"post","2":"type-post","3":"status-publish","4":"format-standard","5":"has-post-thumbnail","7":"category-golf","8":"tag-deportes","9":"tag-es","10":"tag-espana","11":"tag-golf","12":"tag-spain","13":"tag-sports"},"share_on_mastodon":{"url":"","error":""},"_links":{"self":[{"href":"https:\/\/www.europesays.com\/es\/wp-json\/wp\/v2\/posts\/101197","targetHints":{"allow":["GET"]}}],"collection":[{"href":"https:\/\/www.europesays.com\/es\/wp-json\/wp\/v2\/posts"}],"about":[{"href":"https:\/\/www.europesays.com\/es\/wp-json\/wp\/v2\/types\/post"}],"author":[{"embeddable":true,"href":"https:\/\/www.europesays.com\/es\/wp-json\/wp\/v2\/users\/2"}],"replies":[{"embeddable":true,"href":"https:\/\/www.europesays.com\/es\/wp-json\/wp\/v2\/comments?post=101197"}],"version-history":[{"count":0,"href":"https:\/\/www.europesays.com\/es\/wp-json\/wp\/v2\/posts\/101197\/revisions"}],"wp:featuredmedia":[{"embeddable":true,"href":"https:\/\/www.europesays.com\/es\/wp-json\/wp\/v2\/media\/101198"}],"wp:attachment":[{"href":"https:\/\/www.europesays.com\/es\/wp-json\/wp\/v2\/media?parent=101197"}],"wp:term":[{"taxonomy":"category","embeddable":true,"href":"https:\/\/www.europesays.com\/es\/wp-json\/wp\/v2\/categories?post=101197"},{"taxonomy":"post_tag","embeddable":true,"href":"https:\/\/www.europesays.com\/es\/wp-json\/wp\/v2\/tags?post=101197"}],"curies":[{"name":"wp","href":"https:\/\/api.w.org\/{rel}","templated":true}]}}