{"id":101235,"date":"2025-09-08T13:03:09","date_gmt":"2025-09-08T13:03:09","guid":{"rendered":"https:\/\/www.europesays.com\/es\/101235\/"},"modified":"2025-09-08T13:03:09","modified_gmt":"2025-09-08T13:03:09","slug":"quien-durmio-peor-anoche-tras-el-gp-de-italia-de-f1-yuki-tsunoda","status":"publish","type":"post","link":"https:\/\/www.europesays.com\/es\/101235\/","title":{"rendered":"Qui\u00e9n durmi\u00f3 peor anoche tras el GP de Italia de F1: Yuki Tsunoda"},"content":{"rendered":"<p>Queridos lectores,<\/p>\n<p>Las cosas est\u00e1n empezando a ponerse dif\u00edciles para <a href=\"https:\/\/es.motorsport.com\/driver\/yuki-tsunoda\/828558\/\" target=\"_blank\" rel=\"noopener nofollow\">Yuki Tsunoda<\/a>. A pesar de todo el amor por el simp\u00e1tico piloto japon\u00e9s, el hecho de que solo haya sumado nueve puntos desde que pas\u00f3 del equipo B al A en <a href=\"https:\/\/es.motorsport.com\/team\/red-bull-racing\/22\/\" target=\"_blank\" rel=\"noopener nofollow\">Red Bull Racing<\/a>, mientras que <a href=\"https:\/\/es.motorsport.com\/driver\/max-verstappen\/38692\/\" target=\"_blank\" rel=\"noopener nofollow\">Max Verstappen<\/a> ha sumado 194 en el mismo periodo, incluyendo tres victorias, no es algo que se pueda emborrachar con todo el Campari Milan.<\/p>\n<p>En cierto modo lo siento por el peque\u00f1o Yuki, que se ha convertido en una especie de figura de culto para los aficionados de todo el mundo desde que se uni\u00f3 a AlphaTauri en la <a href=\"https:\/\/es.motorsport.com\/f1\/\" rel=\"nofollow noopener\" target=\"_blank\">F\u00f3rmula 1<\/a> en la temporada 2021. Incluso la actriz de Hollywood <strong>Kristen Bell<\/strong> public\u00f3 recientemente una foto suya en Instagram con una camiseta de Yuki.<\/p>\n<p>\u00a0<\/p>\n<p>Se puede entender de d\u00f3nde viene esto. La mezcla del aspecto exterior mono, a veces un poco torpe debido a las desventajas ling\u00fc\u00edsticas, y el instinto asesino lleno palabrotas dentro del coche, que maldice como un gorri\u00f3n de ca\u00f1a cuando algo no le gusta, es bastante \u00fanico.<\/p>\n<p>Y, por cierto: en sus mejores d\u00edas, Tsunoda tambi\u00e9n es un piloto bastante r\u00e1pido.<\/p>\n<p>Tomemos como ejemplo la temporada 2024: Tsunoda primero mand\u00f3 al retiro al ex rival de Verstappen, <a href=\"https:\/\/es.motorsport.com\/driver\/daniel-ricciardo\/30602\/\" target=\"_blank\" rel=\"noopener nofollow\">Daniel Ricciardo<\/a>, tras lo cual tambi\u00e9n gan\u00f3 el duelo contra <a href=\"https:\/\/es.motorsport.com\/driver\/liam-lawson\/826049\/\" target=\"_blank\" rel=\"noopener nofollow\">Liam Lawson<\/a> por 8-4 en puntos.<\/p>\n<p>Horner impidi\u00f3 inicialmente que Tsunoda se uniera a Red Bull<\/p>\n<p>El hecho de que no fuera ascendido a Red Bull Racing desde el inicio de la temporada 2025, sino que inicialmente se le diera preferencia sobre Lawson, se debe principalmente a que el ex jefe del equipo <strong>Christian Horner<\/strong> no ten\u00eda tan buena opini\u00f3n de Tsunoda como Marko. Extraoficialmente, por supuesto, dijo abiertamente a cualquiera que le preguntara lo que pensaba y lo que no pensaba del piloto japon\u00e9s.<\/p>\n<p>As\u00ed que primero fue el turno de Lawson, pero cuando se quebr\u00f3 bajo la presi\u00f3n de las cimas m\u00e1s altas de la F\u00f3rmula 1 y fue devuelto a los <a href=\"https:\/\/es.motorsport.com\/team\/alpha-tauri\/19\/\" target=\"_blank\" rel=\"noopener nofollow\">Racing Bulls<\/a>, era el momento de dejar que Tsunoda probara c\u00f3mo se las apa\u00f1aba a mayor altitud con menos ox\u00edgeno.<\/p>\n<p>Marko siempre ha tenido grandes esperanzas puestas en este piloto de 25 a\u00f1os. Cuando le visit\u00e9 en su despacho de Graz en el verano de 2020 y, como representante de una plataforma alemana, le pregunt\u00e9 obedientemente por las posibilidades de <a href=\"https:\/\/es.motorsport.com\/driver\/mick-schumacher\/42204\/\" rel=\"nofollow noopener\" target=\"_blank\">Mick Schumacher<\/a>, y el doctor s\u00f3lo se molest\u00f3 por qu\u00e9 todo el mundo le preguntaba por Mick Schumacher y nadie tuvo la previsi\u00f3n de darse cuenta de que Tsunoda ten\u00eda en realidad mucho m\u00e1s talento.<\/p>\n<p>Al final de la temporada, Mick Schumacher fue campe\u00f3n y Tsunoda tercero, pero Tsunoda hab\u00eda sido ascendido directamente de la<a href=\"https:\/\/es.motorsport.com\/fiaf3\/\" rel=\"nofollow noopener\" target=\"_blank\"> F\u00f3rmula 3 <\/a>y las <strong>Toyota Racing Series<\/strong> a la <a href=\"https:\/\/es.motorsport.com\/fia-f2\/\" rel=\"nofollow noopener\" target=\"_blank\">F\u00f3rmula 2<\/a>, por lo que su actuaci\u00f3n en su temporada de debut tuvo un peso especial.<\/p>\n<p>Tsunoda es recordado sobre todo por sus ataques de ira en la radio de boxes y por sus simp\u00e1ticas maniobras, como en 2023, cuando Imola se inund\u00f3, pero Tsunoda no vol\u00f3 a casa en clase business tras la cancelaci\u00f3n, sino que sac\u00f3 sus botas de agua del armario y ech\u00f3 una mano a la gente de <strong>Faenza<\/strong> para intentar salvar la ciudad.<\/p>\n<p>Traslado a Faenza, Franz Tost como figura paterna<\/p>\n<p>Faenza se convirti\u00f3 en el hogar adoptivo de Tsunoda porque <strong>Franz Tost<\/strong> le hab\u00eda llamado all\u00ed. Tsunoda era un joven piloto de talento, pero su ingl\u00e9s era p\u00e9simo y su dieta necesitaba mejorar. En las ruedas de prensa y entrevistas, se le escapaba el agua a borbotones cada vez que le ped\u00edan que hablara de la pasta y la pizza en Italia. En cuanto al entrenamiento f\u00edsico, algunos dec\u00edan que estaba menos comprometido.<\/p>\n<p>\u00a0<\/p>\n<p>As\u00ed que Tost se lo llev\u00f3 a Faenza como a un hijo adoptivo, lo llev\u00f3 a correr por la ma\u00f1ana temprano y la mujer de un directivo de AlphaTauri le ense\u00f1\u00f3 ingl\u00e9s. Tsunoda se hizo amigo de su compa\u00f1ero de equipo de entonces, <a href=\"https:\/\/es.motorsport.com\/driver\/pierre-gasly\/40763\/\" target=\"_blank\" rel=\"noopener nofollow\">Pierre Gasly<\/a>, que tambi\u00e9n se encarg\u00f3 de que el japon\u00e9s de ingl\u00e9s chapurreado se volviera un poco m\u00e1s sociable en plena Italia y no se encerrara en su piso a comer pizza y jugar.<\/p>\n<p>Tsunoda ha recorrido un largo camino desde sus inicios en la F\u00f3rmula 1 y, sin embargo, muchos siguen sin tomarle tan en serio como se merece. Excepto por una persona: su nuevo jefe de equipo, <strong>Laurent Mekies<\/strong>.<\/p>\n<p>Por qu\u00e9 Mekies es bueno para Tsunoda<\/p>\n<p><a href=\"https:\/\/es.motorsport.com\/all\/news\/quien-es-laurent-mekies-jefe-red-bull\/10740747\/\" rel=\"nofollow noopener\" target=\"_blank\">Cuando Mekies lleg\u00f3 a Red Bull Racing,<\/a> el sol debi\u00f3 salir para Tsunoda por dentro. Horner hab\u00eda mostrado poca preocupaci\u00f3n por el bienestar de Tsunoda, prefiriendo prescindir de las \u00faltimas piezas como sustituto de Verstappen en lugar de atornillarlas al segundo coche. Cuando lleg\u00f3 Mekies, ah\u00ed se acab\u00f3 todo. Uno de sus primeros actos oficiales fue dar por fin a Tsunoda el suelo mejorado que ten\u00edan por ah\u00ed en <strong>Milton Keynes<\/strong>.<\/p>\n<p>Son los peque\u00f1os detalles los que marcan la diferencia. Cada vez que Tsunoda regresa a boxes despu\u00e9s de una carrera exitosa, Mekies le regala una sonrisa amistosa desde el puesto de mando. Y cuando surge la inevitable pregunta de si Red Bull Racing podr\u00eda seguir promocionando a <a href=\"https:\/\/es.motorsport.com\/driver\/isack-hadjar\/945267\/\" target=\"_blank\" rel=\"noopener nofollow\">Isack Hadjar<\/a> en 2025, Mekies la bloquea y dice que no hay raz\u00f3n para tratar el tema de los pilotos antes de 2026.<\/p>\n<p>Sin embargo, el hecho de que el trato de Red Bull con el segundo piloto se haya humanizado de repente tambi\u00e9n significa que Tsunoda ya no tiene excusas si sus resultados no mejoran pronto.<\/p>\n<p>\u00a0<\/p>\n<p>Alexander Albon describi\u00f3 una vez el Red Bull como un coche que es tan agudo de controlar como un rat\u00f3n de PC que se ha ajustado a la m\u00e1xima sensibilidad del puntero. El <strong>VCARB<\/strong> probablemente no sea el coche m\u00e1s r\u00e1pido, pero es casi seguro que es el coche m\u00e1s f\u00e1cil. Y Tsunoda a\u00fan no ha conseguido mover el puntero del rat\u00f3n hasta donde quiere hacer doble clic, metaf\u00f3ricamente hablando.<\/p>\n<p>Tiene que solucionarlo r\u00e1pidamente. Porque si no consigue quedarse en Red Bull Racing, el final de su carrera en la F\u00f3rmula 1 podr\u00eda estar a la vuelta de la esquina antes de lo que le gustar\u00eda.<\/p>\n<p>Por qu\u00e9 Honda no tiene sitio para Tsunoda<\/p>\n<p>Tsunoda lleg\u00f3 a Red Bull en F\u00f3rmula 1 como un hijo de <strong>Honda<\/strong>, pero el fabricante japon\u00e9s de motores s\u00f3lo suministrar\u00e1 a <a href=\"https:\/\/es.motorsport.com\/team\/aston-martin-racing\/647\/\" target=\"_blank\" rel=\"noopener nofollow\">Aston Martin Racing<\/a> como equipo ofiial en 2026, y los dos cockpits all\u00ed est\u00e1n ocupados por Fernando y <a href=\"https:\/\/es.motorsport.com\/driver\/lance-stroll\/42079\/\" target=\"_blank\" rel=\"noopener nofollow\">Lance Stroll<\/a>, el hijo del propietario.<\/p>\n<p>El camino de vuelta a Faenza, a Racing Bulls, tambi\u00e9n podr\u00eda estar bloqueado. 2026 ser\u00eda la sexta temporada de Tsunoda. Eso no encaja realmente en el concepto de equipo junior. Sobre todo porque Red Bull probablemente ya ha visto suficiente de \u00e9l, pero a\u00fan no de otros juniors de la plantilla de Marko.<\/p>\n<p>Si Tsunoda tuviera que marcharse, seguramente entrar\u00eda Isack Hadjar. Probablemente demasiado pronto, despu\u00e9s de s\u00f3lo un a\u00f1o, pero el momento parece favorable en vista de la pr\u00f3xima reforma del reglamento. Y Hadjar no es un gran pensador que se preocupe por cada peque\u00f1a cosa, sino m\u00e1s bien un hacedor que se sube al coche y cumple sin pensarlo mucho. Exactamente la mentalidad que necesita tener un compa\u00f1ero de equipo de Verstappen.<\/p>\n<p>En Racing Bulls, por ejemplo, <a href=\"https:\/\/es.motorsport.com\/driver\/josep-maria-marti\/950623\/\" rel=\"nofollow noopener\" target=\"_blank\">Pepe Mart\u00ed<\/a>\u00a0o <a href=\"https:\/\/es.motorsport.com\/driver\/arvid-lindblad\/954021\/\" rel=\"nofollow noopener\" target=\"_blank\">Arvid Lindblad\u00a0<\/a>podr\u00edan ascender y tener su oportunidad, o incluso s\u00f3lo uno de los dos, con Lawson como referencia m\u00e1s experimentada y punto de anclaje en el equipo.<\/p>\n<p>En cualquier caso, todo est\u00e1 cerrado para otras escuder\u00edas: <a href=\"https:\/\/es.motorsport.com\/team\/mclaren-f1\/18\/\" target=\"_blank\" rel=\"noopener nofollow\">McLaren F1<\/a>, <a href=\"https:\/\/es.motorsport.com\/team\/scuderia-ferrari\/21\/\" target=\"_blank\" rel=\"noopener nofollow\">Ferrari<\/a> y <a href=\"https:\/\/es.motorsport.com\/team\/mercedes-amg-f1\/20\/\" target=\"_blank\" rel=\"noopener nofollow\">Mercedes<\/a> est\u00e1n fijados para 2026. Es poco probable que<strong> Toto Wolff<\/strong> cambie de opini\u00f3n en el \u00faltimo momento, despida a<a href=\"https:\/\/es.motorsport.com\/driver\/andrea-kimi-antonelli\/879467\/\" rel=\"nofollow noopener\" target=\"_blank\">Andrea Kimi Antonelli<\/a> y traiga a Tsunoda en su lugar. Albon\/Sainz est\u00e1n listos para <a href=\"https:\/\/es.motorsport.com\/team\/williams\/23\/\" target=\"_blank\" rel=\"noopener nofollow\">Williams<\/a>, y Alonso\/Stroll para Aston Martin, a menos que Stroll Jr. decida finalmente convertirse en entrenador de tenis en el \u00faltimo momento.<\/p>\n<p><a href=\"https:\/\/es.motorsport.com\/team\/sauber-f1-team\/27\/\" rel=\"nofollow noopener\" target=\"_blank\">Audi (Sauber)<\/a> est\u00e1 fuera, <a href=\"https:\/\/es.motorsport.com\/team\/haas-f1-team\/1866\/\" target=\"_blank\" rel=\"noopener nofollow\">Haas<\/a>\u00a0tambi\u00e9n, y s\u00f3lo queda una plaza en <a href=\"https:\/\/es.motorsport.com\/all\/news\/alpine-renovacion-gasly-lider\/10756864\/\" rel=\"nofollow noopener\" target=\"_blank\">Alpine tras la renovaci\u00f3n del contrato con Pierre Gasly<\/a>. Pero, \u00bfbusca<strong> Flavio Briatore<\/strong> a Tsunoda? Es poco probable.<\/p>\n<p>Podr\u00eda estar la cosa dif\u00edcil para el peque\u00f1o Yuki. Una pena, la verdad. Tsunoda es un verdadero activo para la F\u00f3rmula 1, como piloto y como persona.<\/p>\n<p>Atentamente<\/p>\n<p>Christian Nimmervoll<\/p>\n<p>Y lo contrario:<\/p>\n<p>\u00a0<\/p>\n<p>En este art\u00edculo<\/p>\n<p>S\u00e9 el primero en enterarte y suscr\u00edbete para recibir actualizaciones por email de noticias en tiempo real sobre estos temas.<\/p>\n<p>    Suscr\u00edbete a alertas de noticias<\/p>\n","protected":false},"excerpt":{"rendered":"Queridos lectores, Las cosas est\u00e1n empezando a ponerse dif\u00edciles para Yuki Tsunoda. A pesar de todo el amor&hellip;\n","protected":false},"author":2,"featured_media":101236,"comment_status":"","ping_status":"","sticky":false,"template":"","format":"standard","meta":{"footnotes":""},"categories":[270],"tags":[33154,4671,168,25,24,306,271,272,1230,33153,12405,2109,11597,2099,35717,2092,23,167,2105],"class_list":{"0":"post-101235","1":"post","2":"type-post","3":"status-publish","4":"format-standard","5":"has-post-thumbnail","7":"category-formula-1","8":"tag-autodromo-nazionale-monza","9":"tag-christian-horner","10":"tag-deportes","11":"tag-es","12":"tag-espana","13":"tag-f1","14":"tag-formula-1","15":"tag-formula1","16":"tag-fu00f3rmula-1","17":"tag-gp-de-italia","18":"tag-helmut-marko","19":"tag-isack-hadjar","20":"tag-liam-lawson","21":"tag-max-verstappen","22":"tag-quiu00e9n-durmiu00f3-peor-anoche-tras-el-gp-de-italia-de-f1-yuki-tsunoda","23":"tag-red-bull-racing","24":"tag-spain","25":"tag-sports","26":"tag-yuki-tsunoda"},"share_on_mastodon":{"url":"","error":""},"_links":{"self":[{"href":"https:\/\/www.europesays.com\/es\/wp-json\/wp\/v2\/posts\/101235","targetHints":{"allow":["GET"]}}],"collection":[{"href":"https:\/\/www.europesays.com\/es\/wp-json\/wp\/v2\/posts"}],"about":[{"href":"https:\/\/www.europesays.com\/es\/wp-json\/wp\/v2\/types\/post"}],"author":[{"embeddable":true,"href":"https:\/\/www.europesays.com\/es\/wp-json\/wp\/v2\/users\/2"}],"replies":[{"embeddable":true,"href":"https:\/\/www.europesays.com\/es\/wp-json\/wp\/v2\/comments?post=101235"}],"version-history":[{"count":0,"href":"https:\/\/www.europesays.com\/es\/wp-json\/wp\/v2\/posts\/101235\/revisions"}],"wp:featuredmedia":[{"embeddable":true,"href":"https:\/\/www.europesays.com\/es\/wp-json\/wp\/v2\/media\/101236"}],"wp:attachment":[{"href":"https:\/\/www.europesays.com\/es\/wp-json\/wp\/v2\/media?parent=101235"}],"wp:term":[{"taxonomy":"category","embeddable":true,"href":"https:\/\/www.europesays.com\/es\/wp-json\/wp\/v2\/categories?post=101235"},{"taxonomy":"post_tag","embeddable":true,"href":"https:\/\/www.europesays.com\/es\/wp-json\/wp\/v2\/tags?post=101235"}],"curies":[{"name":"wp","href":"https:\/\/api.w.org\/{rel}","templated":true}]}}