{"id":101275,"date":"2025-09-08T13:27:18","date_gmt":"2025-09-08T13:27:18","guid":{"rendered":"https:\/\/www.europesays.com\/es\/101275\/"},"modified":"2025-09-08T13:27:18","modified_gmt":"2025-09-08T13:27:18","slug":"alex-mumbru-no-dirigira-mas-a-alemania-durante-el-eurobasket","status":"publish","type":"post","link":"https:\/\/www.europesays.com\/es\/101275\/","title":{"rendered":"\u00c1lex Mumbr\u00fa no dirigir\u00e1 m\u00e1s a Alemania durante el Eurobasket"},"content":{"rendered":"<p>\u00c1lex Mumbr\u00fa da un paso al lado de manera definitiva durante este Eurobasket 2025 y deja el equipo al cargo de su ayudante Alan Ibrahimagic para lo que resta de competici\u00f3n. El t\u00e9cnico catal\u00e1n se estrenaba en un gran torneo internacional como seleccionador de Alemania, pero poco antes del inicio del mismo, tuvo que ser <a href=\"https:\/\/www.gigantes.com\/selecciones\/alex-mumbru-eurobasket-hospitalizado-infeccion\/\" rel=\"nofollow noopener\" target=\"_blank\">hospitalizado por precauci\u00f3n<\/a> a causa de una infecci\u00f3n.<\/p>\n<p>Una vez dado de alta del hospital y habiendo avanzado en su recuperaci\u00f3n, se reincorpor\u00f3 en Riga para dirigir a Alemania en octavos de final. No obstante, la federaci\u00f3n germana ha comunicado a los jugadores que Mumbr\u00fa seguir\u00e1 en la concentraci\u00f3n, pero que ser\u00e1 Ibrahimagic el que contin\u00fae dirigiendo los partidos como primer entrenador.<\/p>\n<p>Estas han sido las palabras de \u00c1lex Mumbr\u00fa:<\/p>\n<p>\u00abEn los \u00faltimos d\u00edas, me he dado cuenta de que no estoy f\u00edsicamente preparado para dirigir al equipo desde la banda durante los partidos. He decidido ajustar las funciones del cuerpo t\u00e9cnico y darle a Alan la responsabilidad de entrenador principal durante los partidos. Ayudar\u00e9 desde el banquillo en estrecha colaboraci\u00f3n como cuerpo t\u00e9cnico\u201d.<\/p>\n<p>El combinado germano ya est\u00e1 clasificado para los cuartos de final del torneo y se enfrentar\u00e1 a Eslovenia este mi\u00e9rcoles a las 20:00h por un puesto en las semifinales del Eurobasket.<\/p>\n<p>M\u00e1s |\u00a0<a href=\"https:\/\/www.gigantes.com\/selecciones\/eurobasket-2025-resultados-horarios-grupos-clasificacion-cuadro-formato\/\" target=\"_blank\" rel=\"noopener nofollow\">EuroBasket 2025: Resultados, horarios, grupos, clasificaci\u00f3n, cuadro y formato<\/a><\/p>\n<p style=\"text-align: right;\">Foto: FIBA<\/p>\n<p><img decoding=\"async\" src=\"https:\/\/www.europesays.com\/es\/wp-content\/uploads\/2025\/08\/1754901488_721_mtracking.gif\" alt=\"Etiquetas de Mautic\" style=\"display:none;\"\/><\/p>\n<p><a href=\"https:\/\/www.gigantes.com\/tienda\/hemeroteca\/guia-de-la-liga-endesa-2025-26-no-1-560-septiembre-2025\/\" rel=\"nofollow noopener\" target=\"_blank\"><img loading=\"lazy\" decoding=\"async\" class=\"alignnone size-large wp-image-756436\" src=\"https:\/\/www.europesays.com\/es\/wp-content\/uploads\/2025\/09\/1757096050_733_WhatsApp-Image-2025-09-01-at-17.56.05-1024x1024.jpeg.webp.webp\" alt=\"\" width=\"680\" height=\"680\"  \/><\/a><\/p>\n<p>\t\t\t\t\t<img loading=\"lazy\" decoding=\"async\" src=\"https:\/\/www.europesays.com\/es\/wp-content\/uploads\/2025\/09\/1757096050_248_mano.png\" width=\"60\" height=\"60\" alt=\"Deliza hacia abajo\"\/>Sigue deslizando hacia abajo para ver m\u00e1s contenidos<\/p>\n","protected":false},"excerpt":{"rendered":"\u00c1lex Mumbr\u00fa da un paso al lado de manera definitiva durante este Eurobasket 2025 y deja el equipo&hellip;\n","protected":false},"author":2,"featured_media":101276,"comment_status":"","ping_status":"","sticky":false,"template":"","format":"standard","meta":{"footnotes":""},"categories":[269],"tags":[1660,299,298,168,25,24,301,23,167],"class_list":{"0":"post-101275","1":"post","2":"type-post","3":"status-publish","4":"format-standard","5":"has-post-thumbnail","7":"category-baloncesto","8":"tag-alemania","9":"tag-baloncesto","10":"tag-basketball","11":"tag-deportes","12":"tag-es","13":"tag-espana","14":"tag-eurobasket","15":"tag-spain","16":"tag-sports"},"share_on_mastodon":{"url":"","error":""},"_links":{"self":[{"href":"https:\/\/www.europesays.com\/es\/wp-json\/wp\/v2\/posts\/101275","targetHints":{"allow":["GET"]}}],"collection":[{"href":"https:\/\/www.europesays.com\/es\/wp-json\/wp\/v2\/posts"}],"about":[{"href":"https:\/\/www.europesays.com\/es\/wp-json\/wp\/v2\/types\/post"}],"author":[{"embeddable":true,"href":"https:\/\/www.europesays.com\/es\/wp-json\/wp\/v2\/users\/2"}],"replies":[{"embeddable":true,"href":"https:\/\/www.europesays.com\/es\/wp-json\/wp\/v2\/comments?post=101275"}],"version-history":[{"count":0,"href":"https:\/\/www.europesays.com\/es\/wp-json\/wp\/v2\/posts\/101275\/revisions"}],"wp:featuredmedia":[{"embeddable":true,"href":"https:\/\/www.europesays.com\/es\/wp-json\/wp\/v2\/media\/101276"}],"wp:attachment":[{"href":"https:\/\/www.europesays.com\/es\/wp-json\/wp\/v2\/media?parent=101275"}],"wp:term":[{"taxonomy":"category","embeddable":true,"href":"https:\/\/www.europesays.com\/es\/wp-json\/wp\/v2\/categories?post=101275"},{"taxonomy":"post_tag","embeddable":true,"href":"https:\/\/www.europesays.com\/es\/wp-json\/wp\/v2\/tags?post=101275"}],"curies":[{"name":"wp","href":"https:\/\/api.w.org\/{rel}","templated":true}]}}