{"id":101325,"date":"2025-09-08T13:59:03","date_gmt":"2025-09-08T13:59:03","guid":{"rendered":"https:\/\/www.europesays.com\/es\/101325\/"},"modified":"2025-09-08T13:59:03","modified_gmt":"2025-09-08T13:59:03","slug":"un-ensayo-espanol-de-quimio-inmunoterapia-logra-reducir-las-recaidas-en-cancer-de-pulmon","status":"publish","type":"post","link":"https:\/\/www.europesays.com\/es\/101325\/","title":{"rendered":"Un ensayo espa\u00f1ol de quimio-inmunoterapia logra reducir las reca\u00eddas en c\u00e1ncer de pulm\u00f3n"},"content":{"rendered":"<p class=\"ft-text\">La combinaci\u00f3n de <strong>quimioterapia e inmunoterapia tras la cirug\u00eda <\/strong>en pacientes de<strong> <\/strong><a class=\"ft-link ft-link--decoration\" href=\"https:\/\/www.elperiodico.com\/es\/temas\/cancer-8893\" target=\"_blank\" rel=\"nofollow noopener\"><strong>c\u00e1ncer de pulm\u00f3n<\/strong><\/a> en fase inicial reduce significativamente el<strong> riesgo de reca\u00edda, <\/strong>seg\u00fan las conclusiones preliminares de un <strong>ensayo del Grupo Espa\u00f1ol de C\u00e1ncer de Pulm\u00f3n (GECP)<\/strong> presentado en el Congreso Mundial de C\u00e1ncer de Pulm\u00f3n (WCLC 2025).<\/p>\n<p class=\"ft-text\">El estudio quiso aplicar el <strong>esquema que la medicina espa\u00f1ola<\/strong> ya convirti\u00f3 hace a\u00f1os en est\u00e1ndar en todo el mundo para tratar a pacientes con ambas terapias cuando estaban <strong>en fase avanzada <\/strong>y no pod\u00edan ser operados o comportaba riesgos, ha explicado el presidente del GECP, el doctor Mariano Provencio.<\/p>\n<p class=\"ft-text\">El tambi\u00e9n jefe de Oncolog\u00eda M\u00e9dica del Hospital Universitario Puerta de Hierro ha explicado que decidieron estudiar si tambi\u00e9n ten\u00eda buen resultado esa<strong> combinaci\u00f3n en estadios iniciales de tumores en el pulm\u00f3n con riesgo de reca\u00edda tras la cirug\u00eda.<\/strong><\/p>\n<p class=\"ft-text\">A los tres a\u00f1os de seguimiento de los pacientes con este tratamiento combinado<strong>, solo un 20,4% hab\u00eda reca\u00eddo,<\/strong> frente al 38,8% de los que recibieron \u00fanicamente inmunoterapia.<\/p>\n<p class=\"ft-text\">El estudio, en el que han participado<strong> 206 pacientes de 30 hospitales en Espa\u00f1a,<\/strong> se ha presentado en el Presidential Symposium, el <strong>foro cient\u00edfico de mayor prestigio del congreso mundial, <\/strong>dedicado al c\u00e1ncer con m\u00e1s mortalidad.<\/p>\n<p class=\"ft-text\">Se trata del <strong>primer ensayo fase III<\/strong> en el mundo que eval\u00faa la inmunoterapia en el contexto adyuvante (tras cirug\u00eda) en el <strong>c\u00e1ncer de pulm\u00f3n no microc\u00edtico.<\/strong><\/p>\n<p class=\"ft-text\">El GECP tambi\u00e9n ha presentado otros an\u00e1lisis derivados del <strong>ensayo &#8216;NADIM II&#8217;, <\/strong>as\u00ed como los resultados obtenidos a partir de su<strong> Registro de Tumores Tor\u00e1cicos, <\/strong>una de las bases de datos m\u00e1s amplias de Europa en c\u00e1ncer de pulm\u00f3n, con cerca de <strong>40.000 pacientes incluidos.<\/strong><\/p>\n<p class=\"ft-text\">Igualmente, el doctor<strong> Bartomeu Massuti, <\/strong>jefe de Oncolog\u00eda del Hospital doctor Balmis de Alicante, ha presentado un an\u00e1lisis farmacoecon\u00f3mico sobre el <strong>coste-efectividad de la quimio-inmunoterapia <\/strong>perioperatoria en tumores de pulm\u00f3n en estadios iniciales.<\/p>\n<p class=\"ft-text\">Tambi\u00e9n, el doctor <strong>Enric Carcereny <\/strong>(Hospital Germans Trias i Pujol, Badalona) presentar\u00e1 un an\u00e1lisis sobre el<strong> impacto de la inmunoterapia en la supervivencia<\/strong> de pacientes con c\u00e1ncer de pulm\u00f3n no microc\u00edtico.<\/p>\n<p class=\"ft-text\">El Congreso Mundial de C\u00e1ncer de Pulm\u00f3n (WCLC 2025) re\u00fane en Barcelona desde el s\u00e1bado pasado y <strong>hasta el 9 de septiembre a m\u00e1s de 7.000 especialistas <\/strong>en oncolog\u00eda tor\u00e1cica de todo el mundo.<\/p>\n<p class=\"ft-text\">El presidente de la organizadora IASLC, Alex A. Adjei, ha destacado a los medios la<strong> lacra mundial del c\u00e1ncer de pulm\u00f3n<\/strong> y la contribuci\u00f3n cada vez mayor de tratamientos multidisciplinares, tal y como dan cuenta buena parte de los ensayos cl\u00ednicos presentados.<\/p>\n","protected":false},"excerpt":{"rendered":"La combinaci\u00f3n de quimioterapia e inmunoterapia tras la cirug\u00eda en pacientes de c\u00e1ncer de pulm\u00f3n en fase inicial&hellip;\n","protected":false},"author":2,"featured_media":101326,"comment_status":"","ping_status":"","sticky":false,"template":"","format":"standard","meta":{"footnotes":""},"categories":[92],"tags":[210,1066,35730,11866,2053,25,24,1489,165,1062,11812,33186,19642,9952,166,23,4224],"class_list":{"0":"post-101325","1":"post","2":"type-post","3":"status-publish","4":"format-standard","5":"has-post-thumbnail","7":"category-salud","8":"tag-barcelona","9":"tag-cancer","10":"tag-cancer-pulmon","11":"tag-congreso","12":"tag-ensayo","13":"tag-es","14":"tag-espana","15":"tag-espanol","16":"tag-health","17":"tag-inmunoterapia","18":"tag-logra","19":"tag-quimio","20":"tag-recaidas","21":"tag-reducir","22":"tag-salud","23":"tag-spain","24":"tag-tabaco"},"share_on_mastodon":{"url":"","error":""},"_links":{"self":[{"href":"https:\/\/www.europesays.com\/es\/wp-json\/wp\/v2\/posts\/101325","targetHints":{"allow":["GET"]}}],"collection":[{"href":"https:\/\/www.europesays.com\/es\/wp-json\/wp\/v2\/posts"}],"about":[{"href":"https:\/\/www.europesays.com\/es\/wp-json\/wp\/v2\/types\/post"}],"author":[{"embeddable":true,"href":"https:\/\/www.europesays.com\/es\/wp-json\/wp\/v2\/users\/2"}],"replies":[{"embeddable":true,"href":"https:\/\/www.europesays.com\/es\/wp-json\/wp\/v2\/comments?post=101325"}],"version-history":[{"count":0,"href":"https:\/\/www.europesays.com\/es\/wp-json\/wp\/v2\/posts\/101325\/revisions"}],"wp:featuredmedia":[{"embeddable":true,"href":"https:\/\/www.europesays.com\/es\/wp-json\/wp\/v2\/media\/101326"}],"wp:attachment":[{"href":"https:\/\/www.europesays.com\/es\/wp-json\/wp\/v2\/media?parent=101325"}],"wp:term":[{"taxonomy":"category","embeddable":true,"href":"https:\/\/www.europesays.com\/es\/wp-json\/wp\/v2\/categories?post=101325"},{"taxonomy":"post_tag","embeddable":true,"href":"https:\/\/www.europesays.com\/es\/wp-json\/wp\/v2\/tags?post=101325"}],"curies":[{"name":"wp","href":"https:\/\/api.w.org\/{rel}","templated":true}]}}