{"id":101329,"date":"2025-09-08T14:02:13","date_gmt":"2025-09-08T14:02:13","guid":{"rendered":"https:\/\/www.europesays.com\/es\/101329\/"},"modified":"2025-09-08T14:02:13","modified_gmt":"2025-09-08T14:02:13","slug":"dos-acertantes-del-gordo-de-la-primitiva-se-reparten-el-bote-y-ganan-6-millones-de-euros-cada-uno","status":"publish","type":"post","link":"https:\/\/www.europesays.com\/es\/101329\/","title":{"rendered":"Dos acertantes del Gordo de la Primitiva se reparten el bote y ganan 6 millones de euros cada uno"},"content":{"rendered":"<p class=\"c-paragraph\">El sorteo del <b>Gordo de la Primitiva<\/b> de este domingo 7 de septiembre de 2025 ha dejado dos acertantes de primera categor\u00eda (cinco n\u00fameros m\u00e1s clave). Cada uno de ellos cobrar\u00e1 un premio de\u00a0<b>6.006.341,60 euros<\/b>.<\/p>\n<p class=\"c-paragraph\">Los boletos fueron validados en la administraci\u00f3n de loter\u00edas 4 de <b>Molins de Rei (Barcelona)<\/b>, situada en la calle Carril, 27 y en el despacho receptor 50.015 de <b>Las Lagunas (M\u00e1laga)<\/b>, situado en La Uni\u00f3n, 1.<\/p>\n<p class=\"c-paragraph\">Tambi\u00e9n hubo dos acertantes de segunda categor\u00eda (cinco n\u00fameros). Cada uno de ellos cobrar\u00e1 un premio de<b>\u00a073.208,82 euros.<\/b>\u00a0<\/p>\n<p class=\"c-paragraph\">Los boletos fueron validados en la administraci\u00f3n de loter\u00edas 352 de <b>Madrid<\/b>, situada en la calle Clara del Rey, 75 y en el despacho receptor 96.005 de <b>M\u00f3stoles (Madrid)<\/b>, situado en la calle N\u00e1poles, 41.<\/p>\n<p class=\"c-paragraph\">La combinaci\u00f3n ganadora es la formada por los n\u00fameros\u00a0<b>6, 11, 19, 27 y 31. Clave 4.\u00a0<\/b><\/p>\n","protected":false},"excerpt":{"rendered":"El sorteo del Gordo de la Primitiva de este domingo 7 de septiembre de 2025 ha dejado dos&hellip;\n","protected":false},"author":2,"featured_media":101330,"comment_status":"","ping_status":"","sticky":false,"template":"","format":"standard","meta":{"footnotes":""},"categories":[80],"tags":[18475,82,1563,95,94,25,24,6321,728,12724,23],"class_list":{"0":"post-101329","1":"post","2":"type-post","3":"status-publish","4":"format-standard","5":"has-post-thumbnail","7":"category-economia","8":"tag-acertantes","9":"tag-business","10":"tag-dos","11":"tag-economia","12":"tag-economy","13":"tag-es","14":"tag-espana","15":"tag-gordo","16":"tag-primitiva","17":"tag-reparten","18":"tag-spain"},"share_on_mastodon":{"url":"","error":""},"_links":{"self":[{"href":"https:\/\/www.europesays.com\/es\/wp-json\/wp\/v2\/posts\/101329","targetHints":{"allow":["GET"]}}],"collection":[{"href":"https:\/\/www.europesays.com\/es\/wp-json\/wp\/v2\/posts"}],"about":[{"href":"https:\/\/www.europesays.com\/es\/wp-json\/wp\/v2\/types\/post"}],"author":[{"embeddable":true,"href":"https:\/\/www.europesays.com\/es\/wp-json\/wp\/v2\/users\/2"}],"replies":[{"embeddable":true,"href":"https:\/\/www.europesays.com\/es\/wp-json\/wp\/v2\/comments?post=101329"}],"version-history":[{"count":0,"href":"https:\/\/www.europesays.com\/es\/wp-json\/wp\/v2\/posts\/101329\/revisions"}],"wp:featuredmedia":[{"embeddable":true,"href":"https:\/\/www.europesays.com\/es\/wp-json\/wp\/v2\/media\/101330"}],"wp:attachment":[{"href":"https:\/\/www.europesays.com\/es\/wp-json\/wp\/v2\/media?parent=101329"}],"wp:term":[{"taxonomy":"category","embeddable":true,"href":"https:\/\/www.europesays.com\/es\/wp-json\/wp\/v2\/categories?post=101329"},{"taxonomy":"post_tag","embeddable":true,"href":"https:\/\/www.europesays.com\/es\/wp-json\/wp\/v2\/tags?post=101329"}],"curies":[{"name":"wp","href":"https:\/\/api.w.org\/{rel}","templated":true}]}}