{"id":101357,"date":"2025-09-08T14:18:14","date_gmt":"2025-09-08T14:18:14","guid":{"rendered":"https:\/\/www.europesays.com\/es\/101357\/"},"modified":"2025-09-08T14:18:14","modified_gmt":"2025-09-08T14:18:14","slug":"hoy-es-el-dia-05-09-2025-telemadrid","status":"publish","type":"post","link":"https:\/\/www.europesays.com\/es\/101357\/","title":{"rendered":"Hoy es el d\u00eda 05.09.2025 &#8211; Telemadrid"},"content":{"rendered":"<ol>\n<li><a href=\"https:\/\/news.google.com\/rss\/articles\/CBMiqgFBVV95cUxNMW9NQ3hMTExxbklOZVh5N1p5WWNWX3pDMmE4TFROeVFkRS1NOFlvbUJTRXUtVkx5RkZLLVNjZ3hWT3FVTUxLQ2MwVnE0NUxmX2l6QW94dEFUMFNPNHdaUEs1TE90UGVRdjNCRjY0UE80bU5FcENwUEM4d1BoaS1FRDd5Wk16WVoxUnhsaHFoSGQwZkRiMEgxekFPdXl2MVFYbWFxYXlZV3JIZ9IBrwFBVV95cUxQMDNDY0RDa3d5TnpZYThRQUZlUFhVZWtQN0FmeHRIVGtpR3dNX19MVnczZE0wWGtGRUZieEJGcExVZ0QwdXIwSlk0MnoyWjNYZnF2VExUYWlMa2VJM0xMRjgyXzZUd1FKTDhqNGEyZ3dxTmVoNW8tZzl4TjJmZUpjcnRydlNiZm5FX1NiRUFHM2VSNXhJNXMzR2hmQXZtMHBFbUFzNjdYc1Nfb0twalk0?oc=5\" target=\"_blank\" rel=\"nofollow noopener\">Hoy es el d\u00eda 05.09.2025<\/a>&nbsp;&nbsp;Telemadrid<\/li>\n<li><a href=\"https:\/\/news.google.com\/rss\/articles\/CBMivAFBVV95cUxPY0xQMmJMeThLekdDUE5Hc0RrQ2VMZVVQUi1ZN2lFVU5lT1dpS25JUnNQTnR4VHFSdThLakxONmZSSmRtUmowX1J0b3IwUzBIa1lFaDViVlpWdE1UNU8wc0UtUTJRMGxDa0NBVWNael9kSXZhX0JUMTVoV1VndzJGQWlLbjVYQWt5N2JIX1p6X2VqbG1SNFVCOUczZlY5OUFLRzAzVkdnMjJvUVdwZjBxMUxLYmhsWFJwazlqQQ?oc=5\" target=\"_blank\" rel=\"nofollow noopener\">La Virgen de Regla de Chipiona, primera procesi\u00f3n de Espa\u00f1a, que portar\u00e1 una reliquia de Carlo Acutis<\/a>&nbsp;&nbsp;ABC<\/li>\n<li><a href=\"https:\/\/news.google.com\/rss\/articles\/CBMiqAFBVV95cUxONWVKTzdZV3F5OWhXMTcwRUVRa3ZjVFJpemlLcVZxLUc0M1lweGw0T3NjaURncVNDVGh1eEdISHZmMlRtOEFGbk41dVVYOW5Qc3phVGZvNWk3UHMtSmJnN3FHZWN3WnUzNHFWNW9CdDdVamtZa2VCemtlUk1VTjFhWWJGakNhQ25ZakhzWGFZXzl0WW1jdmcyeldQOGlYSnRUTFZNWklTTlbSAa4BQVVfeXFMUGQzcDc3UnN0dVp0cGF1TWtNVUVQM0Q0eWxKNUV5MVNxR3h0SFU4N2x6YUdvazl1OFoxRVRmdW0wZThzbEpJZ3FuNWlMVTRrWVFDU2xWWEduNndGTXBHSzhsRzRFSjh2enlmMTVFS3dXOW16ZHNSZktTZ2pKb3hzNm51RWRJQXFHaHd1dlhYb1hhdlh5Z25pRFV0NGFNc3pXNmdOODU2YVZrZThJczR3?oc=5\" target=\"_blank\" rel=\"nofollow noopener\">El primer santo &#8216;influencer&#8217; y &#8216;millennial&#8217; de la historia: el Papa Le\u00f3n XIV canoniza a Carlo Acutis<\/a>&nbsp;&nbsp;El Confidencial<\/li>\n<li><a href=\"https:\/\/news.google.com\/rss\/articles\/CBMiiwFBVV95cUxOZEF1akYxYXUwdUdPbDRnTVlrTEhvalJqbmRtSW5ON056ZEVMWWFuTm0wenpha2lpbi1qSUJXRS1LTnZnRmZHcU9ORFBEZ1E0LU9xRGdNSVdwbWhod3ppckpzZkdHQmVfeDYzbVZpdkU4UTMwYXJQSFkzUzNlX2daTXo0TUtaeEJvVFJR0gGLAUFVX3lxTE1SQVdzb2JSY0FPY1BkcTFDT2k0M0xSS051dFZFUktkb3lLQUlzclU2aFViLS1MRHkxTDh2YklRZ2tOc1F1Y2l6aUo3S2IwNEQ0ODdkU0ZQZERJemQyTURXR2xzSl9WR3ZPSU9CWUJOUms4dHhqNy1hZENCYVpTZVlMSVRKY0Y4VXgxYTA?oc=5\" target=\"_blank\" rel=\"nofollow noopener\">El Papa Le\u00f3n XVI proclama al primer santo de la generaci\u00f3n milennial, Carlo Acutis<\/a>&nbsp;&nbsp;El Mundo<\/li>\n<li><a href=\"https:\/\/news.google.com\/rss\/articles\/CBMitgFBVV95cUxQWGpteDdwcW45ZXR1X3lSSUFKVVRHNjg4RG5xQUZISmZOQ0l3U0xxRnExRklnNTFoVVY3MVZwQWNoTmhTSUxzT2pQYVNJNEw2R3ZkdldwNjc2S0g4VjBLTENXR2FLSnA5M3NUbkRyM3ZzdFdBd1FNM0xxRVZCVkY0N1dQMjVyX2E0Y1M2VE15TW5EQ2dKc3VIYVdWd2h6TWJkcVpYLXZldXVycGxBYmF3SnZyU3BpQQ?oc=5\" target=\"_blank\" rel=\"nofollow noopener\">El Papa Le\u00f3n XIV proclama santo al &#8216;influencer de Dios&#8217; ante 70.000 personas en Roma<\/a>&nbsp;&nbsp;El Correo<\/li>\n<\/ol>\n","protected":false},"excerpt":{"rendered":"Hoy es el d\u00eda 05.09.2025&nbsp;&nbsp;Telemadrid La Virgen de Regla de Chipiona, primera procesi\u00f3n de Espa\u00f1a, que portar\u00e1 una&hellip;\n","protected":false},"author":2,"featured_media":101358,"comment_status":"","ping_status":"","sticky":false,"template":"","format":"standard","meta":{"footnotes":""},"categories":[171],"tags":[146,147,25,24,5727,5729,5728,23,5726,214,5730],"class_list":{"0":"post-101357","1":"post","2":"type-post","3":"status-publish","4":"format-standard","5":"has-post-thumbnail","7":"category-tv","8":"tag-entertainment","9":"tag-entretenimiento","10":"tag-es","11":"tag-espana","12":"tag-programacion-a-la-carta","13":"tag-programas-telemadrid","14":"tag-programas-television","15":"tag-spain","16":"tag-telemadrid-a-la-carta","17":"tag-tv","18":"tag-vod"},"share_on_mastodon":{"url":"","error":""},"_links":{"self":[{"href":"https:\/\/www.europesays.com\/es\/wp-json\/wp\/v2\/posts\/101357","targetHints":{"allow":["GET"]}}],"collection":[{"href":"https:\/\/www.europesays.com\/es\/wp-json\/wp\/v2\/posts"}],"about":[{"href":"https:\/\/www.europesays.com\/es\/wp-json\/wp\/v2\/types\/post"}],"author":[{"embeddable":true,"href":"https:\/\/www.europesays.com\/es\/wp-json\/wp\/v2\/users\/2"}],"replies":[{"embeddable":true,"href":"https:\/\/www.europesays.com\/es\/wp-json\/wp\/v2\/comments?post=101357"}],"version-history":[{"count":0,"href":"https:\/\/www.europesays.com\/es\/wp-json\/wp\/v2\/posts\/101357\/revisions"}],"wp:featuredmedia":[{"embeddable":true,"href":"https:\/\/www.europesays.com\/es\/wp-json\/wp\/v2\/media\/101358"}],"wp:attachment":[{"href":"https:\/\/www.europesays.com\/es\/wp-json\/wp\/v2\/media?parent=101357"}],"wp:term":[{"taxonomy":"category","embeddable":true,"href":"https:\/\/www.europesays.com\/es\/wp-json\/wp\/v2\/categories?post=101357"},{"taxonomy":"post_tag","embeddable":true,"href":"https:\/\/www.europesays.com\/es\/wp-json\/wp\/v2\/tags?post=101357"}],"curies":[{"name":"wp","href":"https:\/\/api.w.org\/{rel}","templated":true}]}}