{"id":101363,"date":"2025-09-08T14:22:11","date_gmt":"2025-09-08T14:22:11","guid":{"rendered":"https:\/\/www.europesays.com\/es\/101363\/"},"modified":"2025-09-08T14:22:11","modified_gmt":"2025-09-08T14:22:11","slug":"una-nueva-inyeccion-contra-el-vih-promete-erradicar-la-epidemia-ee-uu-anuncia-financiamiento","status":"publish","type":"post","link":"https:\/\/www.europesays.com\/es\/101363\/","title":{"rendered":"Una nueva inyecci\u00f3n contra el VIH promete erradicar la epidemia: EE. UU. anuncia financiamiento"},"content":{"rendered":"<p> Un innovador tratamiento inyectable contra el VIH podr\u00eda cambiar la historia de la salud global. EE. UU. financiar\u00e1 su aplicaci\u00f3n masiva, lo que beneficiar\u00e1 a millones de personas.<\/p>\n<p> Tiempo de lectura:   minuto<\/p>\n<p>Cient\u00edficos han desarrollado una inyecci\u00f3n de acci\u00f3n prolongada que, administrada cada pocos meses, bloquea la capacidad del virus de reproducirse en el organismo. A diferencia de los tratamientos antirretrovirales diarios, esta f\u00f3rmula ofrece mayor eficacia, menor riesgo de abandono y una mejora significativa en la calidad de vida de los pacientes.<\/p>\n<p>El Gobierno de EE. UU. anunci\u00f3 que destinar\u00e1 fondos para financiar su distribuci\u00f3n global, lo que permitir\u00e1 acelerar campa\u00f1as de prevenci\u00f3n y tratamiento, especialmente en regiones m\u00e1s afectadas por la epidemia, como \u00c1frica y Am\u00e9rica Latina.<\/p>\n<p>Especialistas consideran que este avance marca un punto de inflexi\u00f3n en la lucha contra el VIH y abre la posibilidad real de erradicarlo en las pr\u00f3ximas d\u00e9cadas.<\/p>\n<p><strong>Relevancia para Ecuador:<\/strong><br \/>En el pa\u00eds, m\u00e1s de 40.000 personas viven con VIH. La llegada de un tratamiento inyectable representa esperanza para pacientes y m\u00e9dicos, y exige al sistema de salud estar preparado para garantizar acceso equitativo y campa\u00f1as de prevenci\u00f3n sostenidas.<\/p>\n<p> Ahora puedes recibir notificaciones de Dialoguemos. Descarga la nueva versi\u00f3n de nuestra app y act\u00edvalas para no perderte nuestro mejor contenido.<\/p>\n","protected":false},"excerpt":{"rendered":"Un innovador tratamiento inyectable contra el VIH podr\u00eda cambiar la historia de la salud global. EE. UU. financiar\u00e1&hellip;\n","protected":false},"author":2,"featured_media":101364,"comment_status":"","ping_status":"","sticky":false,"template":"","format":"standard","meta":{"footnotes":""},"categories":[92],"tags":[115,25,24,165,35733,35734,10,35735,166,23,6877],"class_list":{"0":"post-101363","1":"post","2":"type-post","3":"status-publish","4":"format-standard","5":"has-post-thumbnail","7":"category-salud","8":"tag-eeuu","9":"tag-es","10":"tag-espana","11":"tag-health","12":"tag-inyeccion-contra-el-vih","13":"tag-loquepasa","14":"tag-noticias","15":"tag-principal_salud","16":"tag-salud","17":"tag-spain","18":"tag-vih"},"share_on_mastodon":{"url":"","error":""},"_links":{"self":[{"href":"https:\/\/www.europesays.com\/es\/wp-json\/wp\/v2\/posts\/101363","targetHints":{"allow":["GET"]}}],"collection":[{"href":"https:\/\/www.europesays.com\/es\/wp-json\/wp\/v2\/posts"}],"about":[{"href":"https:\/\/www.europesays.com\/es\/wp-json\/wp\/v2\/types\/post"}],"author":[{"embeddable":true,"href":"https:\/\/www.europesays.com\/es\/wp-json\/wp\/v2\/users\/2"}],"replies":[{"embeddable":true,"href":"https:\/\/www.europesays.com\/es\/wp-json\/wp\/v2\/comments?post=101363"}],"version-history":[{"count":0,"href":"https:\/\/www.europesays.com\/es\/wp-json\/wp\/v2\/posts\/101363\/revisions"}],"wp:featuredmedia":[{"embeddable":true,"href":"https:\/\/www.europesays.com\/es\/wp-json\/wp\/v2\/media\/101364"}],"wp:attachment":[{"href":"https:\/\/www.europesays.com\/es\/wp-json\/wp\/v2\/media?parent=101363"}],"wp:term":[{"taxonomy":"category","embeddable":true,"href":"https:\/\/www.europesays.com\/es\/wp-json\/wp\/v2\/categories?post=101363"},{"taxonomy":"post_tag","embeddable":true,"href":"https:\/\/www.europesays.com\/es\/wp-json\/wp\/v2\/tags?post=101363"}],"curies":[{"name":"wp","href":"https:\/\/api.w.org\/{rel}","templated":true}]}}