{"id":101373,"date":"2025-09-08T14:28:08","date_gmt":"2025-09-08T14:28:08","guid":{"rendered":"https:\/\/www.europesays.com\/es\/101373\/"},"modified":"2025-09-08T14:28:08","modified_gmt":"2025-09-08T14:28:08","slug":"detenido-un-guardia-civil-de-oliva-por-el-trato-violento-hacia-una-mujer-detenida-en-plena-calle","status":"publish","type":"post","link":"https:\/\/www.europesays.com\/es\/101373\/","title":{"rendered":"Detenido un guardia civil de Oliva por el trato violento hacia una mujer detenida en plena calle"},"content":{"rendered":"<p class=\"article-text\">\n        Un agente de la Guardia Civil del puesto de Oliva (Valencia) ha sido detenido este s\u00e1bado tras la difusi\u00f3n en redes sociales de un v\u00eddeo en el que se ve c\u00f3mo agrede en la v\u00eda p\u00fablica a una mujer que se encontraba detenida y engrilletada con las manos a la espalda.\n    <\/p>\n<p>    <a href=\"https:\/\/www.eldiario.es\/comunitat-valenciana\/sociedad\/guardia-civil-investiga-agresion-multitudinaria-activista-migrante-fabrica-abandonada-aldaia_1_12411574.html\" data-mrf-recirculation=\"saber-mas\" data-dl-event=\"saber-mas\" rel=\"nofollow noopener\" target=\"_blank\"><\/p>\n<p class=\"know-more__title\">La Guardia Civil investiga una agresi\u00f3n grupal a una activista y un migrante en una f\u00e1brica abandonada en Aldaia<\/p>\n<p>            <img decoding=\"async\" class=\"lazy\" loading=\"lazy\" data-src=\"https:\/\/static.eldiario.es\/clip\/4f9f5be0-6c8c-4839-b99a-8b5028eb00e1_16-9-aspect-ratio_default_0.jpg\" src=\"data:image\/svg+xml,%3Csvg xmlns=\" http:=\"\" viewbox=\"0 0 880 495\" alt=\"La Guardia Civil investiga una agresi\u00f3n grupal a una activista y un migrante en una f\u00e1brica abandonada en Aldaia\"\/><\/p>\n<p>                        <\/a><\/p>\n<p class=\"article-text\">\n        Seg\u00fan ha informado la Comandancia Provincial, los hechos por los que se ha producido la detenci\u00f3n se produjeron el pasado mes de julio, aunque se han difundido el pasado fin de semana.\n    <\/p>\n<p class=\"article-text\">\n        La escena fue grabada desde una vivienda ubicada frente a un local de ocio al que varios agentes de la Polic\u00eda Local de Oliva y una pareja de guardias civiles acudieron a practicar la referida detenci\u00f3n.\n    <\/p>\n<blockquote class=\"twitter-tweet\" data-lang=\"es\"><p><a href=\"https:\/\/twitter.com\/X\/status\/1964940715311677633?ref_src=twsrc%5Etfw\" rel=\"nofollow noopener\" target=\"_blank\"><\/p><\/blockquote>\n<p class=\"article-text\">\n        Mientras uno de los guardias registra las pertenencias de la detenida, de espaldas a ella, otro la sujeta por la cabeza contra la pared y posteriormente la derriba barriendo sus piernas de una patada, lo que propicia su ca\u00edda de espaldas.\n    <\/p>\n<p>    <a href=\"https:\/\/www.eldiario.es\/comunitat-valenciana\/valencia\/investigado-coronel-guardia-civil-valencia-presuntos-contratos-obras-irregulares_1_9307644.html\" data-mrf-recirculation=\"saber-mas-abajo\" data-dl-event=\"saber-mas-abajo\" rel=\"nofollow noopener\" target=\"_blank\"><\/p>\n<p class=\"know-more__title\">Investigado un teniente coronel del ej\u00e9rcito asignado a la Guardia Civil de Val\u00e8ncia por presuntos contratos de obras irregulares<\/p>\n<p>            <img decoding=\"async\" class=\"lazy\" loading=\"lazy\" data-src=\"https:\/\/static.eldiario.es\/clip\/70ff8c8a-d235-465b-a2f0-f15b63cf4bf5_16-9-aspect-ratio_default_0.jpg\" src=\"data:image\/svg+xml,%3Csvg xmlns=\" http:=\"\" viewbox=\"0 0 880 495\" alt=\"Investigado un teniente coronel del ej\u00e9rcito asignado a la Guardia Civil de Val\u00e8ncia por presuntos contratos de obras irregulares\"\/><\/p>\n<p>                        <\/a><\/p>\n<p class=\"article-text\">\n        Posteriormente se sit\u00faa sobre ella y la arrastra sin que la detenida d\u00e9 evidencias de resistencia alguna, seg\u00fan se puede apreciar en las im\u00e1genes.\n    <\/p>\n<p>                                <script async src=\"https:\/\/platform.twitter.com\/widgets.js\" charset=\"utf-8\"><\/script><\/p>\n","protected":false},"excerpt":{"rendered":"Un agente de la Guardia Civil del puesto de Oliva (Valencia) ha sido detenido este s\u00e1bado tras la&hellip;\n","protected":false},"author":2,"featured_media":101374,"comment_status":"","ping_status":"","sticky":false,"template":"","format":"standard","meta":{"footnotes":""},"categories":[5],"tags":[517,2206,1705,17,18,3965,242,25,24,13,14,11,1667,19,20,9,10,15,16,1925,23,12,21,22,235],"class_list":{"0":"post-101373","1":"post","2":"type-post","3":"status-publish","4":"format-standard","5":"has-post-thumbnail","7":"category-titulares","8":"tag-actualidad","9":"tag-alicante","10":"tag-analisis","11":"tag-breaking-news","12":"tag-breakingnews","13":"tag-castellon","14":"tag-comunidad-valenciana","15":"tag-es","16":"tag-espana","17":"tag-featured-news","18":"tag-featurednews","19":"tag-headlines","20":"tag-informacion","21":"tag-latest-news","22":"tag-latestnews","23":"tag-news","24":"tag-noticias","25":"tag-noticias-destacadas","26":"tag-noticiasdestacadas","27":"tag-opinion","28":"tag-spain","29":"tag-titulares","30":"tag-ultimas-noticias","31":"tag-ultimasnoticias","32":"tag-valencia"},"share_on_mastodon":{"url":"","error":""},"_links":{"self":[{"href":"https:\/\/www.europesays.com\/es\/wp-json\/wp\/v2\/posts\/101373","targetHints":{"allow":["GET"]}}],"collection":[{"href":"https:\/\/www.europesays.com\/es\/wp-json\/wp\/v2\/posts"}],"about":[{"href":"https:\/\/www.europesays.com\/es\/wp-json\/wp\/v2\/types\/post"}],"author":[{"embeddable":true,"href":"https:\/\/www.europesays.com\/es\/wp-json\/wp\/v2\/users\/2"}],"replies":[{"embeddable":true,"href":"https:\/\/www.europesays.com\/es\/wp-json\/wp\/v2\/comments?post=101373"}],"version-history":[{"count":0,"href":"https:\/\/www.europesays.com\/es\/wp-json\/wp\/v2\/posts\/101373\/revisions"}],"wp:featuredmedia":[{"embeddable":true,"href":"https:\/\/www.europesays.com\/es\/wp-json\/wp\/v2\/media\/101374"}],"wp:attachment":[{"href":"https:\/\/www.europesays.com\/es\/wp-json\/wp\/v2\/media?parent=101373"}],"wp:term":[{"taxonomy":"category","embeddable":true,"href":"https:\/\/www.europesays.com\/es\/wp-json\/wp\/v2\/categories?post=101373"},{"taxonomy":"post_tag","embeddable":true,"href":"https:\/\/www.europesays.com\/es\/wp-json\/wp\/v2\/tags?post=101373"}],"curies":[{"name":"wp","href":"https:\/\/api.w.org\/{rel}","templated":true}]}}