{"id":101377,"date":"2025-09-08T14:30:16","date_gmt":"2025-09-08T14:30:16","guid":{"rendered":"https:\/\/www.europesays.com\/es\/101377\/"},"modified":"2025-09-08T14:30:16","modified_gmt":"2025-09-08T14:30:16","slug":"un-encierro-de-conde-de-mayalde-abre-el-abono","status":"publish","type":"post","link":"https:\/\/www.europesays.com\/es\/101377\/","title":{"rendered":"Un encierro de Conde de Mayalde abre el abono"},"content":{"rendered":"<p>Se abre la Feria Taurina con una corrida del Conde de Mayalde, de buenas hechuras y de pelo casi exclusivamente casta\u00f1o, a excepci\u00f3n del quinto, que es negro. Este hierro fue uno de los triunfadores del a\u00f1o pasado, por lo que se espera mucho de \u00e9l. Una terna de toreros de gran inter\u00e9s, encabezada por el malague\u00f1o Sa\u00fal Jim\u00e9nez Fortes, el albacetense Molina y el ayorino, aunque hecho torero en Albacete, por lo que se le considera de la tierra, Samuel Naval\u00f3n.<\/p>\n<p>Tras el sorteo, el orden de lidia ha quedado de la siguiente manera:<\/p>\n<p>Primero.- N\u00famero 4, de nombre Joyero, de 473 kilos de peso y de pelo casta\u00f1o. Cinque\u00f1o.<\/p>\n<p><img decoding=\"async\" loading=\"lazy\" src=\"https:\/\/www.europesays.com\/es\/wp-content\/uploads\/2025\/09\/2C5F0AFA-B4C4-4CA6-ABFE7D5BEB0CAAA6.JPG\" alt=\"Los toros de Conde de Mayalde para esta tarde.\" border=\"0\"\/>Los toros de Conde de Mayalde para esta tarde. &#8211; Foto: P.B.<\/p>\n<p>Segundo.- N\u00famero 19, de nombre Atrevido, de 484 kilos de peso y de pelo casta\u00f1o bragado.<\/p>\n<p>Tercero.- N\u00famero 34, de nombre Descre\u00eddo, de 468 kilos de peso y de pelo casta\u00f1o. Cinque\u00f1o.<\/p>\n<p>Cuarto.- N\u00famero 24, de nombre Guardamonte, de 443 kilos de peso y pelo casta\u00f1o. Cinque\u00f1o.<\/p>\n<p>Quinto.- N\u00famero 33, de nombre Carcelero, de 473 kilos de peso y pelo negro mulato. Cinque\u00f1o.<\/p>\n<p>Sexto.- N\u00famero 48, de nombre Atrevido, de 530 kilos de peso y pelo casta\u00f1o.<\/p>\n<p>Primer sobrero.- N\u00famero 40, de nombre Guardamontes, de 445 kilos, de pelo casta\u00f1o. Cinque\u00f1o.<\/p>\n<p>Segundo sobrero.- N\u00famero 47, de nombre Hechicero, de 441 kilos y pelo colorado. Cinque\u00f1o.<\/p>\n","protected":false},"excerpt":{"rendered":"Se abre la Feria Taurina con una corrida del Conde de Mayalde, de buenas hechuras y de pelo&hellip;\n","protected":false},"author":2,"featured_media":101378,"comment_status":"","ping_status":"","sticky":false,"template":"","format":"standard","meta":{"footnotes":""},"categories":[277],"tags":[2545,373,168,1309,25,24,712,23,167,625,374],"class_list":{"0":"post-101377","1":"post","2":"type-post","3":"status-publish","4":"format-standard","5":"has-post-thumbnail","7":"category-toreo","8":"tag-albacete","9":"tag-bullfighting","10":"tag-deportes","11":"tag-encierro","12":"tag-es","13":"tag-espana","14":"tag-feria-taurina","15":"tag-spain","16":"tag-sports","17":"tag-tauromaquia","18":"tag-toreo"},"share_on_mastodon":{"url":"","error":""},"_links":{"self":[{"href":"https:\/\/www.europesays.com\/es\/wp-json\/wp\/v2\/posts\/101377","targetHints":{"allow":["GET"]}}],"collection":[{"href":"https:\/\/www.europesays.com\/es\/wp-json\/wp\/v2\/posts"}],"about":[{"href":"https:\/\/www.europesays.com\/es\/wp-json\/wp\/v2\/types\/post"}],"author":[{"embeddable":true,"href":"https:\/\/www.europesays.com\/es\/wp-json\/wp\/v2\/users\/2"}],"replies":[{"embeddable":true,"href":"https:\/\/www.europesays.com\/es\/wp-json\/wp\/v2\/comments?post=101377"}],"version-history":[{"count":0,"href":"https:\/\/www.europesays.com\/es\/wp-json\/wp\/v2\/posts\/101377\/revisions"}],"wp:featuredmedia":[{"embeddable":true,"href":"https:\/\/www.europesays.com\/es\/wp-json\/wp\/v2\/media\/101378"}],"wp:attachment":[{"href":"https:\/\/www.europesays.com\/es\/wp-json\/wp\/v2\/media?parent=101377"}],"wp:term":[{"taxonomy":"category","embeddable":true,"href":"https:\/\/www.europesays.com\/es\/wp-json\/wp\/v2\/categories?post=101377"},{"taxonomy":"post_tag","embeddable":true,"href":"https:\/\/www.europesays.com\/es\/wp-json\/wp\/v2\/tags?post=101377"}],"curies":[{"name":"wp","href":"https:\/\/api.w.org\/{rel}","templated":true}]}}