{"id":101510,"date":"2025-09-08T16:06:12","date_gmt":"2025-09-08T16:06:12","guid":{"rendered":"https:\/\/www.europesays.com\/es\/101510\/"},"modified":"2025-09-08T16:06:12","modified_gmt":"2025-09-08T16:06:12","slug":"recorrido-perfil-horario-y-donde-ver-online-y-en-television-5","status":"publish","type":"post","link":"https:\/\/www.europesays.com\/es\/101510\/","title":{"rendered":"recorrido, perfil, horario y d\u00f3nde ver online y en televisi\u00f3n"},"content":{"rendered":"<p>07\/09\/2025<br \/>\n<br \/><strong><br \/>\nActualizado a las 11:23h.<br \/>\n<\/strong><\/p>\n<p class=\"voc-p\" style=\"\"><a href=\"https:\/\/www.abc.es\/noticias\/la-vuelta-a-espana\/\" data-voc-vtm-id=\"in-text-traffic\" title=\"La Vuelta a Espa\u00f1a\" data-mrf-link=\"www.abc.es\" rel=\"nofollow noopener\" target=\"_blank\">La Vuelta a Espa\u00f1a<\/a> completa en 2025 su <strong>edici\u00f3n n\u00famero 80<\/strong>. No es un a\u00f1o cualquiera para la tercera gran vuelta del calendario ciclista, puesto que la organizaci\u00f3n rinde homenaje a su historia con el inicio en <strong>Italia<\/strong>, de modo que <a href=\"https:\/\/www.abc.es\/deportes\/ciclismo\/ciudades-pasa-recorrido-vuelta-espana-2025-20241219125207-nt.html\" data-voc-vtm-id=\"in-text-traffic\" title=\"completa su recorrido\" data-mrf-link=\"www.abc.es\" rel=\"nofollow noopener\" target=\"_blank\">completa su recorrido<\/a> por las principales naciones ciclistas tras Francia, Pa\u00edses Bajos y B\u00e9lgica.<\/p>\n<p class=\"voc-p\" style=\"\">Con el pistoletazo de salida en la regi\u00f3n del Piamonte, tierra natal de Angelo Conterno, el primero de los seis ganadores transalpinos de La Vuelta, el pelot\u00f3n pas\u00f3, tambi\u00e9n, por <strong>Francia, Andorra y Espa\u00f1a<\/strong> en una edici\u00f3n que cuenta con la novedad de que el <strong>punto m\u00e1s al sur ser\u00e1 la capital, Madrid<\/strong>, y solamente para la etapa final.<\/p>\n<p class=\"voc-p\" style=\"\">Asimismo, cabe destacar que Valladolid <strong>acoger\u00e1 el pr\u00f3ximo 11 de septiembre la \u00fanica contrarreloj individual de La Vuelta Ciclista a Espa\u00f1a 2025<\/strong>, una etapa clave a solo tres d\u00edas del final de la competici\u00f3n, con un recorrido completamente urbano de 27,2 kil\u00f3metros. <strong>Vingegaard es el gran favorito<\/strong> a vestirse en Madrid el 14 de septiembre de rojo, un maillot para el que ya <a href=\"https:\/\/www.abc.es\/deportes\/ciclismo\/etapa-14-vuelta-ganador-resumen-clasificacion-general-20250906095028-nt.html\" data-voc-vtm-id=\"in-text-traffic\" title=\"solo Jo\u00e3o Almeida cuenta con opciones reales de arrebat\u00e1rselo\" data-mrf-link=\"www.abc.es\" rel=\"nofollow noopener\" target=\"_blank\">solo Jo\u00e3o Almeida cuenta con opciones reales de arrebat\u00e1rselo<\/a>.<a href=\"https:\/\/www.abc.es\/deportes\/ciclismo\/jay-vine-taladra-motivacion-movistar-20250902172634-nt.html\" data-voc-vtm-id=\"in-text-traffic\" title=\"\" data-mrf-link=\"www.abc.es\" rel=\"nofollow noopener\" target=\"_blank\"><\/p>\n<blockquote class=\"twitter-tweet\" data-dnt=\"true\" align=\"center\">\n<p lang=\"es\" dir=\"ltr\">\ud83c\uddec\ud83c\udde7\ud83d\ude4b\u200d\u2640\ufe0f\ud83d\ude4b\u200d\u2642\ufe0f Here&#8217;s all the information you need to follow tomorrow&#8217;s stage!<\/p>\n<p>\ud83c\uddea\ud83c\uddf8\ud83d\ude4b\u200d\u2640\ufe0f\ud83d\ude4b\u200d\u2642\ufe0f \u00a1Encuentra aqu\u00ed la informaci\u00f3n pr\u00e1ctica para seguir la etapa de ma\u00f1ana!<a href=\"https:\/\/twitter.com\/hashtag\/LaVuelta25?src=hash&amp;ref_src=twsrc%5Etfw\" rel=\"nofollow noopener\" target=\"_blank\">#LaVuelta25<\/a> <a href=\"https:\/\/t.co\/VEHBekp2VH\" rel=\"nofollow\">pic.twitter.com\/VEHBekp2VH<\/a><\/p>\n<p>\u2014 La Vuelta (@lavuelta) <a href=\"https:\/\/twitter.com\/lavuelta\/status\/1964399450618572913?ref_src=twsrc%5Etfw\" rel=\"nofollow noopener\" target=\"_blank\">September 6, 2025<\/a><\/p><\/blockquote>\n<p>\nRecorrido y perfil de la etapa 15 de La Vuelta hoy\n<\/p>\n<p class=\"voc-p\" style=\"\">La Vuelta da un <strong>respiro<\/strong> a los ciclistas tras dos jornadas muy exigentes de monta\u00f1a. Este domingo, antes del segundo y \u00faltimo d\u00eda de descanso, una etapa de <strong>media monta\u00f1a<\/strong> (167,8 kil\u00f3metros) que comienza en Vegadeo y <strong>finaliza en Monforte de Lemos en llano<\/strong>, lo cual puede favorecer la victoria una sprint. \u00bfAlzar\u00e1 los brazos por fin <strong>Mads Pedersen<\/strong> en esta edici\u00f3n de La Vuelta?<\/p>\n<p class=\"voc-p\" style=\"\">Los dos puertos de monta\u00f1a se concentran en la primera parte del d\u00eda. M\u00e1s duro ser\u00e1 el de <strong>A Garganta, de primera categor\u00eda y en la salida de la etapa<\/strong>. A buen seguro se formar\u00e1 una fuga que los equipos con hombres r\u00e1pidos en el pelot\u00f3n tratar\u00e1n de neutralizar.<\/p>\n<p><img decoding=\"async\" loading=\"lazy\" src=\"https:\/\/www.europesays.com\/es\/wp-content\/uploads\/2025\/09\/1757347572_868_721d7.png\" class=\"voc-img\" width=\"760\" height=\"427\" alt=\"Perfil de la etapa 15 de La Vuelta a Espa\u00f1a 2025\" data-voc-vtm-id=\"in-text-traffic\"\/><\/p>\n<p>Perfil de la etapa 15 de La Vuelta a Espa\u00f1a 2025<\/p>\n<p>LA VUELTA<\/p>\n<p>\nHorario y d\u00f3nde ver en televisi\u00f3n la etapa 15 de La Vuelta\n<\/p>\n<p class=\"voc-p\" style=\"\">La etapa 15 de La Vuelta a Espa\u00f1a 2025 <strong>comenzar\u00e1 alrededor de las 13:05 horas<\/strong> y su llegada est\u00e1 estimada por la organizaci\u00f3n sobre las <strong>17:17 horas<\/strong>. <strong>RTVE<\/strong> emite en abierto todas las etapas a trav\u00e9s de sus distintos canales (La 1, La 2 y Teledeporte), adem\u00e1s de hacerlo en <strong>RTVE Play<\/strong>, su plataforma de streaming y de contenidos a la carta. La de este domingo se televisa en primer lugar en <strong>Teledeporte hasta las 16:15 horas, momento en el que la se\u00f1al cambia a La 2<\/strong>.<\/p>\n<p class=\"voc-p\" style=\"\">La alternativa a la cadena p\u00fablica es <strong>Eurosport<\/strong>, que televisa a trav\u00e9s de su primer canal (Eurosport 1) todas las etapas de La Vuelta, as\u00ed como, l\u00f3gicamente, en su plataforma streaming <strong>HBO Max<\/strong>. Y recuerda que puedes seguir toda la informaci\u00f3n de La Vuelta tambi\u00e9n en <a href=\"https:\/\/www.abc.es\/\" data-voc-vtm-id=\"in-text-traffic\" title=\"abc.es\" data-mrf-link=\"www.abc.es\" rel=\"nofollow noopener\" target=\"_blank\">abc.es<\/a>.<\/p>\n<p>Reportar un error<\/p>\n<p><script async src=\"https:\/\/platform.twitter.com\/widgets.js\" charset=\"utf-8\"><\/script><\/p>\n","protected":false},"excerpt":{"rendered":"07\/09\/2025 Actualizado a las 11:23h. La Vuelta a Espa\u00f1a completa en 2025 su edici\u00f3n n\u00famero 80. No es&hellip;\n","protected":false},"author":2,"featured_media":101511,"comment_status":"","ping_status":"","sticky":false,"template":"","format":"standard","meta":{"footnotes":""},"categories":[273],"tags":[313,312,168,25,24,35550,319,133,318,1786,23,167,807,809,1357],"class_list":{"0":"post-101510","1":"post","2":"type-post","3":"status-publish","4":"format-standard","5":"has-post-thumbnail","7":"category-ciclismo","8":"tag-ciclismo","9":"tag-cycling","10":"tag-deportes","11":"tag-es","12":"tag-espana","13":"tag-etapa-15","14":"tag-horario","15":"tag-online","16":"tag-perfil","17":"tag-recorrido","18":"tag-spain","19":"tag-sports","20":"tag-television","21":"tag-ver","22":"tag-vuelta"},"share_on_mastodon":{"url":"","error":""},"_links":{"self":[{"href":"https:\/\/www.europesays.com\/es\/wp-json\/wp\/v2\/posts\/101510","targetHints":{"allow":["GET"]}}],"collection":[{"href":"https:\/\/www.europesays.com\/es\/wp-json\/wp\/v2\/posts"}],"about":[{"href":"https:\/\/www.europesays.com\/es\/wp-json\/wp\/v2\/types\/post"}],"author":[{"embeddable":true,"href":"https:\/\/www.europesays.com\/es\/wp-json\/wp\/v2\/users\/2"}],"replies":[{"embeddable":true,"href":"https:\/\/www.europesays.com\/es\/wp-json\/wp\/v2\/comments?post=101510"}],"version-history":[{"count":0,"href":"https:\/\/www.europesays.com\/es\/wp-json\/wp\/v2\/posts\/101510\/revisions"}],"wp:featuredmedia":[{"embeddable":true,"href":"https:\/\/www.europesays.com\/es\/wp-json\/wp\/v2\/media\/101511"}],"wp:attachment":[{"href":"https:\/\/www.europesays.com\/es\/wp-json\/wp\/v2\/media?parent=101510"}],"wp:term":[{"taxonomy":"category","embeddable":true,"href":"https:\/\/www.europesays.com\/es\/wp-json\/wp\/v2\/categories?post=101510"},{"taxonomy":"post_tag","embeddable":true,"href":"https:\/\/www.europesays.com\/es\/wp-json\/wp\/v2\/tags?post=101510"}],"curies":[{"name":"wp","href":"https:\/\/api.w.org\/{rel}","templated":true}]}}