{"id":101530,"date":"2025-09-08T16:17:11","date_gmt":"2025-09-08T16:17:11","guid":{"rendered":"https:\/\/www.europesays.com\/es\/101530\/"},"modified":"2025-09-08T16:17:11","modified_gmt":"2025-09-08T16:17:11","slug":"la-oms-incluyo-al-ozempic-en-su-lista-de-medicamentos-esenciales-la-100","status":"publish","type":"post","link":"https:\/\/www.europesays.com\/es\/101530\/","title":{"rendered":"La OMS incluy\u00f3 al Ozempic en su lista de medicamentos\u00a0esenciales \u2013 La 100"},"content":{"rendered":"<p class=\"c-paragraph\">La <b>Organizaci\u00f3n Mundial de la Salud (<\/b><a href=\"https:\/\/la100.cienradios.com\/salud-y-bienestar\/alerta-mundial-por-la-propagacion-de-la-enfemerdad-de-los-ojos-sangrantes-que-ya-se-cobro-mas-de-8-vidas\/\" target=\"_blank\" rel=\"noreferrer nofollow noopener\" title=\"https:\/\/la100.cienradios.com\/salud-y-bienestar\/alerta-mundial-por-la-propagacion-de-la-enfemerdad-de-los-ojos-sangrantes-que-ya-se-cobro-mas-de-8-vidas\/\"><b>OMS<\/b><\/a><b>)<\/b> actualiz\u00f3 su lista de <b>medicamentos esenciales<\/b>, incorporando la <b>semaglutida<\/b> \u2014conocida comercialmente como <a href=\"https:\/\/la100.cienradios.com\/mundo\/china-producira-genericos-de-ozempic-y-wegovy-en-2026-tras-vencerse-las-patentes\/\" target=\"_blank\" rel=\"noreferrer nofollow noopener\" title=\"https:\/\/la100.cienradios.com\/mundo\/china-producira-genericos-de-ozempic-y-wegovy-en-2026-tras-vencerse-las-patentes\/\"><b>Ozempic<\/b><\/a>\u2014 y otras opciones terap\u00e9uticas para la <b>diabetes y la obesidad<\/b>.<\/p>\n<p>La pol\u00e9mica decisi\u00f3n de la OMS con el Ozempic<\/p>\n<p class=\"c-paragraph\">La decisi\u00f3n busca sumar nuevas herramientas frente a la creciente prevalencia de estas enfermedades, que representan un <b>reto sanitario urgente<\/b> en numerosos pa\u00edses y afectan la calidad de vida de millones de personas.<\/p>\n<p class=\"c-paragraph\">De acuerdo con datos recientes, la <b>diabetes<\/b> afecta a una gran cantidad de personas en todo el mundo, muchas de ellas sin la atenci\u00f3n adecuada.<\/p>\n<p class=\"c-paragraph\">En paralelo, la <b>obesidad supera los mil millones de casos globales<\/b> y contin\u00faa creciendo con rapidez, sobre todo en regiones con recursos limitados.<\/p>\n<p class=\"c-paragraph\">Con la ampliaci\u00f3n de la lista, la OMS apunta a priorizar la <b>equidad en el acceso<\/b>, promoviendo medicamentos que prevengan complicaciones card\u00edacas y renales, adem\u00e1s de favorecer la p\u00e9rdida de peso.<\/p>\n<p class=\"c-paragraph\">La introducci\u00f3n de f\u00e1rmacos como la <b>semaglutida<\/b>, la <b>tirzepatida<\/b> y la <b>insulina de acci\u00f3n r\u00e1pida<\/b> responde a la necesidad de contener los altos \u00edndices de <b>diabetes tipo 2<\/b> y reducir la mortalidad asociada.<\/p>\n<p class=\"c-paragraph\">Sin embargo, el <b>alto costo<\/b> de estos tratamientos sigue siendo una barrera.<\/p>\n<p class=\"c-paragraph\">Al respecto, <b>Deusdedit Mubangizi<\/b>, director de Pol\u00edticas y Normas para Medicamentos de la OMS, advirti\u00f3: \u201cUna gran parte del gasto directo en enfermedades no transmisibles se destina a medicamentos, incluidos aquellos clasificados como esenciales y que, en principio, deber\u00edan ser accesibles para todos\u201d.<\/p>\n<p class=\"c-paragraph\">Adem\u00e1s de los tratamientos para diabetes y obesidad, la OMS incluy\u00f3 <b>nuevas terapias contra distintos tipos de c\u00e1ncer<\/b>, la <b>fibrosis qu\u00edstica<\/b> y la <b>dermatitis at\u00f3pica<\/b>, reflejando su compromiso con la salud integral.<\/p>\n<p>Qu\u00e9 dijo la OMS luego de incluir al Ozempic en su lista de medicamentos esenciales<\/p>\n<p class=\"c-paragraph\">Sobre esta actualizaci\u00f3n, la subdirectora general de Sistemas de Salud de la OMS, <b>Yukiko Nakatani<\/b>, se\u00f1al\u00f3: \u201cLas nuevas ediciones de las listas de medicamentos esenciales marcan un paso significativo hacia el acceso a f\u00e1rmacos con beneficios cl\u00ednicos comprobados y alto impacto en la salud p\u00fablica mundial\u201d.<\/p>\n<p class=\"c-paragraph\">Con la intenci\u00f3n de beneficiar a adultos y ni\u00f1os, la OMS tambi\u00e9n aprob\u00f3 <b>combinaciones para la hipertensi\u00f3n y el VIH<\/b>, adem\u00e1s de <b>nuevas vacunas contra la malaria y el \u00e9bola<\/b>.<\/p>\n<p class=\"c-paragraph\">Estas decisiones buscan ofrecer <b>soluciones integrales en todos los niveles de atenci\u00f3n<\/b> y garantizar que m\u00e1s personas accedan a medicamentos innovadores sin comprometer su econom\u00eda.<\/p>\n<p class=\"c-paragraph\">El organismo destac\u00f3 que estos avances deben complementarse con <b>pol\u00edticas p\u00fablicas que promuevan la producci\u00f3n de gen\u00e9ricos<\/b>, reduzcan costos y ampl\u00eden la cobertura.<\/p>\n<p class=\"c-paragraph\">Al mejorar la disponibilidad de medicamentos en la <b>atenci\u00f3n primaria<\/b>, la OMS espera lograr resultados m\u00e1s favorables en la prevenci\u00f3n y el tratamiento de enfermedades cr\u00f3nicas que afectan a millones de personas en todo el planeta.<\/p>\n","protected":false},"excerpt":{"rendered":"La Organizaci\u00f3n Mundial de la Salud (OMS) actualiz\u00f3 su lista de medicamentos esenciales, incorporando la semaglutida \u2014conocida comercialmente&hellip;\n","protected":false},"author":2,"featured_media":101531,"comment_status":"","ping_status":"","sticky":false,"template":"","format":"standard","meta":{"footnotes":""},"categories":[92],"tags":[25,24,165,3572,8799,166,23],"class_list":{"0":"post-101530","1":"post","2":"type-post","3":"status-publish","4":"format-standard","5":"has-post-thumbnail","7":"category-salud","8":"tag-es","9":"tag-espana","10":"tag-health","11":"tag-oms","12":"tag-ozempic","13":"tag-salud","14":"tag-spain"},"share_on_mastodon":{"url":"","error":""},"_links":{"self":[{"href":"https:\/\/www.europesays.com\/es\/wp-json\/wp\/v2\/posts\/101530","targetHints":{"allow":["GET"]}}],"collection":[{"href":"https:\/\/www.europesays.com\/es\/wp-json\/wp\/v2\/posts"}],"about":[{"href":"https:\/\/www.europesays.com\/es\/wp-json\/wp\/v2\/types\/post"}],"author":[{"embeddable":true,"href":"https:\/\/www.europesays.com\/es\/wp-json\/wp\/v2\/users\/2"}],"replies":[{"embeddable":true,"href":"https:\/\/www.europesays.com\/es\/wp-json\/wp\/v2\/comments?post=101530"}],"version-history":[{"count":0,"href":"https:\/\/www.europesays.com\/es\/wp-json\/wp\/v2\/posts\/101530\/revisions"}],"wp:featuredmedia":[{"embeddable":true,"href":"https:\/\/www.europesays.com\/es\/wp-json\/wp\/v2\/media\/101531"}],"wp:attachment":[{"href":"https:\/\/www.europesays.com\/es\/wp-json\/wp\/v2\/media?parent=101530"}],"wp:term":[{"taxonomy":"category","embeddable":true,"href":"https:\/\/www.europesays.com\/es\/wp-json\/wp\/v2\/categories?post=101530"},{"taxonomy":"post_tag","embeddable":true,"href":"https:\/\/www.europesays.com\/es\/wp-json\/wp\/v2\/tags?post=101530"}],"curies":[{"name":"wp","href":"https:\/\/api.w.org\/{rel}","templated":true}]}}