{"id":101542,"date":"2025-09-08T16:28:05","date_gmt":"2025-09-08T16:28:05","guid":{"rendered":"https:\/\/www.europesays.com\/es\/101542\/"},"modified":"2025-09-08T16:28:05","modified_gmt":"2025-09-08T16:28:05","slug":"us-open-2025-la-minuciosa-explicacion-de-ferrero-a-los-cambios-de-alcaraz-para-ganar-a-sinner-meter-mas-presion-y-mucho-dinamismo","status":"publish","type":"post","link":"https:\/\/www.europesays.com\/es\/101542\/","title":{"rendered":"US Open 2025 | La minuciosa explicaci\u00f3n de Ferrero a los cambios de Alcaraz para ganar a Sinner: \u00abMeter m\u00e1s presi\u00f3n, y mucho dinamismo\u00bb"},"content":{"rendered":"<p>Pese a ganar de manera ag\u00f3nica a <b data-testid=\"body-text-bold\">Jannik Sinner<\/b> en la final de <b data-testid=\"body-text-bold\">Roland-Garros<\/b>, lo que fue un serio aviso se transform\u00f3 en una realidad en <b data-testid=\"body-text-bold\">Wimbledon<\/b>. El italiano llev\u00f3 la <b data-testid=\"body-text-bold\">iniciativa <\/b>y no dej\u00f3 mostrar su mejor nivel de juego a <b data-testid=\"body-text-bold\">Carlos Alcaraz.<\/b> De ello ha hablado su entrenador,<b data-testid=\"body-text-bold\"> Juan Carlos Ferrero<\/b>, que explica la manera en la que prepararon la <b data-testid=\"body-text-bold\">final del US Open <\/b>para que fuera totalmente diferente:<\/p>\n<blockquote class=\"wrapping-break-word mb-5 caps-s3-rs font-bold uppercase\"><p><b data-testid=\"body-text-bold\">Tuvimos una peque\u00f1a conversaci\u00f3n despu\u00e9s de Wimbledon para mejorar de cara a jugar en el futuro con Sinner. Afrontar mejor esas dificultades y esa presi\u00f3n que impone<\/b><\/p><\/blockquote>\n<p>\u00ab<b data-testid=\"body-text-bold\">Tuvimos una peque\u00f1a conversaci\u00f3n despu\u00e9s de Wimbledon para ver lo que hab\u00eda pasado y mejorar de cara a jugar en el futuro con Sinner. Afrontar mejor esas dificultades y esa presi\u00f3n que impone y mejorar las peque\u00f1as cosas que deb\u00eda llevar a cabo. <\/b>Creo que es muy importante aprender de las cosas que pasan en el pasado. En la final de Wimbledon no acab\u00f3 de jugar su tenis y contra Sinner hemos preparado el partido de una manera muy espec\u00edfica, de una manera muy concreta y creo que lo ha hecho a la perfecci\u00f3n\u00bb, explic\u00f3 en una entrevista en Movistar+ con \u00c1lex Corretja. <\/p>\n<p>El principal cambio ha sido la <b data-testid=\"body-text-bold\">presi\u00f3n y agresividad de Alcaraz<\/b> para que el italiano no se sintiera c\u00f3modo dentro de la Arthur Ashe: \u00ab<b data-testid=\"body-text-bold\">Intentar siempre meter m\u00e1s presi\u00f3n primero que no Jannik<\/b>. En Wimbledon fue al rev\u00e9s y estuvo m\u00e1s pendiente de tapar un poco todo lo agresivo que podr\u00eda ser Sinner y <b data-testid=\"body-text-bold\">aqu\u00ed hemos intentado que fuera al contrario y con mucho dinamismo, cortadas, cambios de altura, todo para Jannik no se sintiera c\u00f3modo del todo<\/b>\u00ab, coment\u00f3 Ferrero.<\/p>\n<p><img decoding=\"async\" class=\"text-transparent h-full w-full object-cover\" src=\"https:\/\/www.europesays.com\/es\/wp-content\/uploads\/2025\/09\/image-260eecf6-147f-4e18-baa1-186395d97df5-85-2560-1440.jpeg\" alt=\"picture\" data-testid=\"image-high-res\"\/><\/p>\n<p class=\"caption-s6-fx\">Otro momento para la leyenda del deporte espa\u00f1ol: Alcaraz alza su segundo trofeo en el US Open<\/p>\n<p class=\"caption-s6-fx\">Autor del v\u00eddeo: Eurosport<\/p>\n<blockquote class=\"wrapping-break-word mb-5 caps-s3-rs font-bold uppercase\"><p><b data-testid=\"body-text-bold\">Sobre todo la derecha en carrera, ha sido fundamental. cuando Carlos est\u00e1 con esa confianza de derecha es intratable<\/b><\/p><\/blockquote>\n<p>Aunque no quiso desvelar demasiadas especificaciones de la <b data-testid=\"body-text-bold\">t\u00e1ctica<\/b>, s\u00ed destac\u00f3 <b data-testid=\"body-text-bold\">la derecha de Carlos Alcaraz<\/b>, que junto a una fiabilidad en el <b data-testid=\"body-text-bold\">saque <\/b>como la del <b data-testid=\"body-text-bold\">US Open<\/b> le hacen muy temible: \u00abEs f\u00e1cil decirlo y muy dif\u00edcil hacer lo que ha hecho Carlos con ese dinamismo. <b data-testid=\"body-text-bold\">Sobre todo la derecha en carrera, ha sido fundamental. <\/b>Cuando Sinner pega muy fuerte llegar all\u00ed y ser todav\u00eda m\u00e1s agresivo para pasar otra vez al ataque, <b data-testid=\"body-text-bold\">cuando Carlos est\u00e1 con esa confianza de derecha es intratable<\/b>\u00ab, finaliz\u00f3.<\/p>\n<p><img decoding=\"async\" class=\"text-transparent h-full w-full object-cover\" src=\"https:\/\/www.europesays.com\/es\/wp-content\/uploads\/2025\/09\/image-b1b2caac-ef09-4a85-b358-e77dfaa65b43-85-2560-1440.jpeg\" alt=\"picture\" data-testid=\"image-high-res\"\/><\/p>\n<p class=\"caption-s6-fx\">La descontrolada celebraci\u00f3n de Alcaraz rociado en champagne por su equipo en el vestuario<\/p>\n<p class=\"caption-s6-fx\">Autor del v\u00eddeo: Instagram<\/p>\n","protected":false},"excerpt":{"rendered":"Pese a ganar de manera ag\u00f3nica a Jannik Sinner en la final de Roland-Garros, lo que fue un&hellip;\n","protected":false},"author":2,"featured_media":101543,"comment_status":"","ping_status":"","sticky":false,"template":"","format":"standard","meta":{"footnotes":""},"categories":[274],"tags":[545,168,25,24,544,23,167,327,326,11861],"class_list":{"0":"post-101542","1":"post","2":"type-post","3":"status-publish","4":"format-standard","5":"has-post-thumbnail","7":"category-tenis","8":"tag-carlos-alcaraz","9":"tag-deportes","10":"tag-es","11":"tag-espana","12":"tag-jannik-sinner","13":"tag-spain","14":"tag-sports","15":"tag-tenis","16":"tag-tennis","17":"tag-us-open-masculino"},"share_on_mastodon":{"url":"","error":""},"_links":{"self":[{"href":"https:\/\/www.europesays.com\/es\/wp-json\/wp\/v2\/posts\/101542","targetHints":{"allow":["GET"]}}],"collection":[{"href":"https:\/\/www.europesays.com\/es\/wp-json\/wp\/v2\/posts"}],"about":[{"href":"https:\/\/www.europesays.com\/es\/wp-json\/wp\/v2\/types\/post"}],"author":[{"embeddable":true,"href":"https:\/\/www.europesays.com\/es\/wp-json\/wp\/v2\/users\/2"}],"replies":[{"embeddable":true,"href":"https:\/\/www.europesays.com\/es\/wp-json\/wp\/v2\/comments?post=101542"}],"version-history":[{"count":0,"href":"https:\/\/www.europesays.com\/es\/wp-json\/wp\/v2\/posts\/101542\/revisions"}],"wp:featuredmedia":[{"embeddable":true,"href":"https:\/\/www.europesays.com\/es\/wp-json\/wp\/v2\/media\/101543"}],"wp:attachment":[{"href":"https:\/\/www.europesays.com\/es\/wp-json\/wp\/v2\/media?parent=101542"}],"wp:term":[{"taxonomy":"category","embeddable":true,"href":"https:\/\/www.europesays.com\/es\/wp-json\/wp\/v2\/categories?post=101542"},{"taxonomy":"post_tag","embeddable":true,"href":"https:\/\/www.europesays.com\/es\/wp-json\/wp\/v2\/tags?post=101542"}],"curies":[{"name":"wp","href":"https:\/\/api.w.org\/{rel}","templated":true}]}}