{"id":101544,"date":"2025-09-08T16:29:14","date_gmt":"2025-09-08T16:29:14","guid":{"rendered":"https:\/\/www.europesays.com\/es\/101544\/"},"modified":"2025-09-08T16:29:14","modified_gmt":"2025-09-08T16:29:14","slug":"la-vuelta-a-espana-descansa-en-pontevedra-antes-de-afrontar-el-tramo-definitivo-ciclismo","status":"publish","type":"post","link":"https:\/\/www.europesays.com\/es\/101544\/","title":{"rendered":"La Vuelta a Espa\u00f1a descansa en Pontevedra antes de afrontar el tramo definitivo &#8211; Ciclismo"},"content":{"rendered":"<ol>\n<li><a href=\"https:\/\/news.google.com\/rss\/articles\/CBMiakFVX3lxTFBicFk3b3B0V1FfWUVQNWUzUG9KYmJSMVFzSHVrbnZ6NFBhdG1vdGpTVWZkOHlUUnh3bDdld2hVX0JyR0EtT0xoQk9ycTlTVndxRjlzUllXRXQ3N1lSM09wcm1WYnUtWUNiemc?oc=5\" target=\"_blank\" rel=\"nofollow noopener\">La Vuelta a Espa\u00f1a descansa en Pontevedra antes de afrontar el tramo definitivo<\/a>&nbsp;&nbsp;Ciclismo<\/li>\n<li><a href=\"https:\/\/news.google.com\/rss\/articles\/CBMijAJBVV95cUxOb3lneGM1QVFMLXRiYXJzQ3ZHRmtJbUdjQV9Jdy1kN01fdV9YMGp6c3RfRVZ0MXB0dWk4SlVIM2FlSWtPd0Z3bVhGcVdCbEE0cWpvZWJWekhQVzU5X0tVRGVfZXhBMnB0bkZHd2M3TkZZQVctLVZBa0dBSW9SM3RodUg5WDRWSXJUQk94TVRyRDlxcWd1Y1ZUODg2Z3YxZUx4VHRlaUNuWVc2TU1lalFmeElqR3FQR19RYVppdUxIRHBoMjkxanNxWlB4d1Exd0otakhEaGM2MDdIajB4WWliNFhpb1dPandXZGdCM1JPS0FlOFgzWnFCVkFPSXlMaEswXzNZaFdrQ2x6Z09i?oc=5\" target=\"_blank\" rel=\"nofollow noopener\">Lo que viene en la tercera semana de La Vuelta: Morredero, crono en Valladolid y La Bola del Mundo<\/a>&nbsp;&nbsp;Eurosport<\/li>\n<li><a href=\"https:\/\/news.google.com\/rss\/articles\/CBMivAFBVV95cUxOclVmMEN2eE9wNE1PTU96WkVqRkFTMGJxZnplZFkySFdjY1Fvbm9LcjNYMDh6X1ZWb0hIdzhqXzFNXzJtb0JnLThqRFVDc20xdERKT0hBdlB2S1Uwelh3eTJGR3ZJYXJIMERzemEtb0w1emtQNklFOFdNMkprSHkxUkdRUHg3a3NLdFROWERDemI0NmFud1l5MXp3MW5NQWd0V2l0Umd0aWJacXdoVXhqZXBnVEp0SFNkUmNuVQ?oc=5\" target=\"_blank\" rel=\"nofollow noopener\">Mos, El Morredero, la crono de Valladolid y la Bola del Mundo decidir\u00e1n La Vuelta<\/a>&nbsp;&nbsp;Diario AS<\/li>\n<li><a href=\"https:\/\/news.google.com\/rss\/articles\/CBMirAFBVV95cUxPUkU4eW9LdVBqdzhRS0J5ODVTbGN5SUE5RTNKd3BUR0JnUmJuVktXZHoxbGVack1SRjVkTG5SS3ducFJNS3kyR1E4YXBhOHNpME15bDNRc0FGWUpzOTV4Q1lYaHU0eEkyVUpVY3NKTEFHWGNFeWRiUXVZa2RMTk52VEZ1Qjk5VkFTUW1VV2hNbnhncUtSc1F3aU42UzFjemt2VTFPX2hERHB4Nm1H0gGsAUFVX3lxTE1MNGRKUnltVGVqSm4yZHRsN19DZS04NnpsMlJOaXpjNWpPc3lHSzlwcERhSEhsRlZTZjNhZ01Kal8zVWItYTA0ZWtCSzNmTXM2U0FDc2lENDJzMk93dkY3UHMtY0xFVEtwSVNyWVdNUjdEVmZWSGw2WTFOZUZNRy1UYWNPcWFTcjNiUG1ibVhhc0RQd284RnM2a05wbjRpdDliM0liSnVwaDQ1dEo?oc=5\" target=\"_blank\" rel=\"nofollow noopener\">Por qu\u00e9 no hay etapa hoy, 8 de septiembre, en La Vuelta a Espa\u00f1a 2025 y cu\u00e1ndo vuelve<\/a>&nbsp;&nbsp;MARCA<\/li>\n<li><a href=\"https:\/\/news.google.com\/rss\/articles\/CBMiogFBVV95cUxQR19obHVBYnlEMU56MmIwSFc5TjVyRTg4bFRnMzJ6bklrMTYybHF2ZUFyYXlfUDVwRmZoSzVyM2lmYVl4ZzZiVEROZjNsU3hYdi1lTDJNVktHTEwzTHFWTFJFM2RueEd1czhyYlBoRFRFeGpOR1pVWkV4YmlwZTJDS0xTYllMVG5xRTJtdmpiODE3UjhxUEZ0SDJqZXNzeTFkZ1E?oc=5\" target=\"_blank\" rel=\"nofollow noopener\">Latinoamericanos de cara a la \u00faltima semana de la Vuelta a Espa\u00f1a<\/a>&nbsp;&nbsp;Ciclismo Internacional<\/li>\n<\/ol>\n","protected":false},"excerpt":{"rendered":"La Vuelta a Espa\u00f1a descansa en Pontevedra antes de afrontar el tramo definitivo&nbsp;&nbsp;Ciclismo Lo que viene en la&hellip;\n","protected":false},"author":2,"featured_media":101545,"comment_status":"","ping_status":"","sticky":false,"template":"","format":"standard","meta":{"footnotes":""},"categories":[273],"tags":[10605,2887,35784,19822,4860,313,10341,10099,312,1433,168,3484,3819,978,10179,10378,34486,25,7443,24,2172,7179,293,887,1051,1179,3013,1146,22611,3397,1566,773,23,167,14238,1885,3667,1607,1357],"class_list":{"0":"post-101544","1":"post","2":"type-post","3":"status-publish","4":"format-standard","5":"has-post-thumbnail","7":"category-ciclismo","8":"tag-a","9":"tag-acaba","10":"tag-asueto","11":"tag-bola","12":"tag-carrera","13":"tag-ciclismo","14":"tag-citas","15":"tag-crono","16":"tag-cycling","17":"tag-definitivo","18":"tag-deportes","19":"tag-descanso","20":"tag-destacadas","21":"tag-dia","22":"tag-disfrutara","23":"tag-e","24":"tag-envite","25":"tag-es","26":"tag-ese","27":"tag-espana","28":"tag-especiales","29":"tag-este","30":"tag-jornada","31":"tag-jueves","32":"tag-lunes","33":"tag-mas","34":"tag-mundo","35":"tag-pontevedra","36":"tag-previa","37":"tag-sabado","38":"tag-segundo","39":"tag-semana","40":"tag-spain","41":"tag-sports","42":"tag-tramo","43":"tag-ultima","44":"tag-ultimo","45":"tag-valladolid","46":"tag-vuelta"},"share_on_mastodon":{"url":"","error":""},"_links":{"self":[{"href":"https:\/\/www.europesays.com\/es\/wp-json\/wp\/v2\/posts\/101544","targetHints":{"allow":["GET"]}}],"collection":[{"href":"https:\/\/www.europesays.com\/es\/wp-json\/wp\/v2\/posts"}],"about":[{"href":"https:\/\/www.europesays.com\/es\/wp-json\/wp\/v2\/types\/post"}],"author":[{"embeddable":true,"href":"https:\/\/www.europesays.com\/es\/wp-json\/wp\/v2\/users\/2"}],"replies":[{"embeddable":true,"href":"https:\/\/www.europesays.com\/es\/wp-json\/wp\/v2\/comments?post=101544"}],"version-history":[{"count":0,"href":"https:\/\/www.europesays.com\/es\/wp-json\/wp\/v2\/posts\/101544\/revisions"}],"wp:featuredmedia":[{"embeddable":true,"href":"https:\/\/www.europesays.com\/es\/wp-json\/wp\/v2\/media\/101545"}],"wp:attachment":[{"href":"https:\/\/www.europesays.com\/es\/wp-json\/wp\/v2\/media?parent=101544"}],"wp:term":[{"taxonomy":"category","embeddable":true,"href":"https:\/\/www.europesays.com\/es\/wp-json\/wp\/v2\/categories?post=101544"},{"taxonomy":"post_tag","embeddable":true,"href":"https:\/\/www.europesays.com\/es\/wp-json\/wp\/v2\/tags?post=101544"}],"curies":[{"name":"wp","href":"https:\/\/api.w.org\/{rel}","templated":true}]}}