{"id":101572,"date":"2025-09-08T16:48:19","date_gmt":"2025-09-08T16:48:19","guid":{"rendered":"https:\/\/www.europesays.com\/es\/101572\/"},"modified":"2025-09-08T16:48:19","modified_gmt":"2025-09-08T16:48:19","slug":"inicio-con-los-triunfadores-noticias-la-tribuna-de-albacete","status":"publish","type":"post","link":"https:\/\/www.europesays.com\/es\/101572\/","title":{"rendered":"Inicio con los triunfadores | Noticias La Tribuna de Albacete"},"content":{"rendered":"<p>La primera de abono, en el d\u00eda grande la Feria de Albacete, el de su patrona, la Virgen de Los Llanos, re\u00fane en el cartel al torero, Molina, y la ganader\u00eda, Conde de Mayalde, triunfadores del abono de 2024, en un festejo en el que abrir\u00e1 cartel Fortes y que lo completa el tambi\u00e9n albacetense Samuel Naval\u00f3n.<\/p>\n<p>Tras muchos a\u00f1os de ausencia en el ciclo taurino septembrino de la capital, el malague\u00f1o Sa\u00fal Jim\u00e9nez Fortes vuelve a anunciarse en los carteles de la Feria. En plena madurez art\u00edstica, ya con 14 a\u00f1os de doctorado, desde que tomase la alternativa en agosto de 2011 en Bilbao, Fortes se mantiene fiel a su estilo, como ha demostrado en la decena de festejos que contabiliza en esta temporada, entre los que destacan los triunfos en su M\u00e1laga natal y Pamplona, sin olvidar la buena sensaci\u00f3n dejada en su paso por la Feria de San Isidro.<\/p>\n<p>Molina har\u00e1 el primero de los dos pase\u00edllos que tiene comprometidos en la presente Feria. Doctorado en el coso de la capital en el ciclo ferial de 2022, es un fijo en el abono desde entonces y en todas las ediciones ha paseado alg\u00fan trofeo: el d\u00eda de su doctorado cort\u00f3 una oreja, en 2023 otro ap\u00e9ndice y el a\u00f1o pasado cosech\u00f3 tres trofeos. Esta temporada supera la decena de festejos y ya sabe lo que es hacer el pase\u00edllo en la plaza de toros de Albacete, ya que en mayo actu\u00f3 en la corrida de Asprona, cortando una oreja. Adem\u00e1s, ha completado dos actuaciones en el coso de Las Ventas de Madrid, donde dej\u00f3 buenas sensaciones pese a no obtener trofeos, y en su presentaci\u00f3n en la plaza de toros de M\u00e1laga abri\u00f3 la puerta grande, mismo premio que obtuvo en Tarazona de la Mancha, demostrando que avanza con paso firme.<\/p>\n<p>Samuel Naval\u00f3n completa el cartel y del abono del a\u00f1o pasado s\u00f3lo puede guardar buenos recuerdos, porque actu\u00f3 como novillero, con tres orejas en el esport\u00f3n, y tom\u00f3 la alternativa el 14 de septiembre, con el premio de dos orejas y puerta grande. A finales de septiembre confirm\u00f3 doctorado en Madrid, paseando una oreja y quedando muy bien posicionado para el arranque de la presente temporada, en la que est\u00e1 haciendo realidad las buenas expectativas que hab\u00eda con \u00e9l. Buena presentaci\u00f3n en Sevilla, paso firme por Las Ventas y con m\u00e1s de una decena de festejos en los que demostr\u00f3 la clase que atesora, por lo que Albacete es una buena plaza para confirmar que es un torero que va a m\u00e1s.<\/p>\n<p>La terna se medir\u00e1 a astados de Conde de Mayalde, con procedencia El Ventorrillo-Juan Pedro Domecq y Juan Contreras por separado y otra rama cruzada de ambas. El a\u00f1o pasado fue premiada con el trofeo El Molino de la bravura y permiti\u00f3 el triunfo de Molina, que cort\u00f3 tres orejas, y de Gin\u00e9s Mar\u00edn, que pase\u00f3 dos. En la presente temporada contabiliza pocos festejos.<\/p>\n","protected":false},"excerpt":{"rendered":"La primera de abono, en el d\u00eda grande la Feria de Albacete, el de su patrona, la Virgen&hellip;\n","protected":false},"author":2,"featured_media":101573,"comment_status":"","ping_status":"","sticky":false,"template":"","format":"standard","meta":{"footnotes":""},"categories":[277],"tags":[2545,14713,2601,373,168,25,24,16453,7270,1949,3728,205,3855,1358,1389,1171,23,167,10242,625,374,444,35788],"class_list":{"0":"post-101572","1":"post","2":"type-post","3":"status-publish","4":"format-standard","5":"has-post-thumbnail","7":"category-toreo","8":"tag-albacete","9":"tag-asprona","10":"tag-bilbao","11":"tag-bullfighting","12":"tag-deportes","13":"tag-es","14":"tag-espana","15":"tag-feria-de-albacete","16":"tag-fiesta-de-san-isidro-labrador","17":"tag-ganaderia","18":"tag-las-ventas","19":"tag-madrid","20":"tag-malaga","21":"tag-pamplona","22":"tag-plaza-de-toros","23":"tag-sevilla","24":"tag-spain","25":"tag-sports","26":"tag-tarazona-de-la-mancha","27":"tag-tauromaquia","28":"tag-toreo","29":"tag-toros","30":"tag-virgen-de-los-llanos"},"share_on_mastodon":{"url":"","error":""},"_links":{"self":[{"href":"https:\/\/www.europesays.com\/es\/wp-json\/wp\/v2\/posts\/101572","targetHints":{"allow":["GET"]}}],"collection":[{"href":"https:\/\/www.europesays.com\/es\/wp-json\/wp\/v2\/posts"}],"about":[{"href":"https:\/\/www.europesays.com\/es\/wp-json\/wp\/v2\/types\/post"}],"author":[{"embeddable":true,"href":"https:\/\/www.europesays.com\/es\/wp-json\/wp\/v2\/users\/2"}],"replies":[{"embeddable":true,"href":"https:\/\/www.europesays.com\/es\/wp-json\/wp\/v2\/comments?post=101572"}],"version-history":[{"count":0,"href":"https:\/\/www.europesays.com\/es\/wp-json\/wp\/v2\/posts\/101572\/revisions"}],"wp:featuredmedia":[{"embeddable":true,"href":"https:\/\/www.europesays.com\/es\/wp-json\/wp\/v2\/media\/101573"}],"wp:attachment":[{"href":"https:\/\/www.europesays.com\/es\/wp-json\/wp\/v2\/media?parent=101572"}],"wp:term":[{"taxonomy":"category","embeddable":true,"href":"https:\/\/www.europesays.com\/es\/wp-json\/wp\/v2\/categories?post=101572"},{"taxonomy":"post_tag","embeddable":true,"href":"https:\/\/www.europesays.com\/es\/wp-json\/wp\/v2\/tags?post=101572"}],"curies":[{"name":"wp","href":"https:\/\/api.w.org\/{rel}","templated":true}]}}