{"id":101584,"date":"2025-09-08T16:56:14","date_gmt":"2025-09-08T16:56:14","guid":{"rendered":"https:\/\/www.europesays.com\/es\/101584\/"},"modified":"2025-09-08T16:56:14","modified_gmt":"2025-09-08T16:56:14","slug":"matthew-mcconaughey-oculto-la-identidad-de-su-hijo-durante-una-audicion-para-la-pelicula-the-lost-bus","status":"publish","type":"post","link":"https:\/\/www.europesays.com\/es\/101584\/","title":{"rendered":"Matthew McConaughey ocult\u00f3 la identidad de su hijo durante una audici\u00f3n para la pel\u00edcula \u2018The Lost Bus\u2019"},"content":{"rendered":"<p><img alt=\"Matthew McConaughey y su hijo\" class=\"global-image\" decoding=\"async\" fetchpriority=\"high\" height=\"1080\" loading=\"eager\" src=\"https:\/\/www.europesays.com\/es\/wp-content\/uploads\/2025\/09\/K6LF2ULJSNHQXPXAUGUZHXND6U.jpg\" width=\"1920\"\/>Matthew McConaughey y su hijo Levi posan juntos en la alfombra roja durante el estreno mundial de \u00abThe Lost Bus\u00bb en Toronto (REUTERS\/Mark Blinch)<\/p>\n<p class=\"paragraph\">En el estreno mundial de <b>The Lost Bus<\/b> celebrado en el Festival Internacional de Cine de Toronto, <b>Matthew McConaughey<\/b> comparti\u00f3 que decidi\u00f3 <b>ocultar la identidad de su hijo<\/b> durante una audici\u00f3n para la pel\u00edcula, con el objetivo de que fuera evaluado por su talento y no por su apellido.<\/p>\n<p class=\"paragraph\">Esta revelaci\u00f3n se dio durante una sesi\u00f3n de preguntas y respuestas posterior a la presentaci\u00f3n del filme, cuando el actor estuvo acompa\u00f1ado por su esposa <b>Camila y su hijo Levi<\/b>, quien realiz\u00f3 su debut en el cine.<\/p>\n<p class=\"paragraph\">Seg\u00fan relat\u00f3 McConaughey durante el encuentro, su hijo demostr\u00f3 iniciativa al preguntar si pod\u00eda audicionar para el papel del hijo del personaje principal, despu\u00e9s de que el actor presentara el guion a su familia.<\/p>\n<p class=\"paragraph\">\u201c<b>No ten\u00eda idea de que este joven, mi hijo, estaba interesado [en la actuaci\u00f3n]. <\/b>Cuando present\u00e9 el guion a la familia, como siempre hago antes de entrar a un proyecto, la parte sobre que Kevin [McKay] tiene un hijo le llam\u00f3 la atenci\u00f3n\u201d, afirm\u00f3 en declaraciones recogidas por People.<\/p>\n<p class=\"paragraph\">Y agreg\u00f3: \u201cUn d\u00eda me pregunt\u00f3, \u2018\u00bfCu\u00e1ntos a\u00f1os tiene?\u2019. Le respond\u00ed, \u2018Es de tu edad\u2019. Entonces me dijo, \u2018\u00bfCrees que podr\u00eda hacer una audici\u00f3n para ese papel?\u2019\u201d.<\/p>\n<p><img alt=\"La madre de Matthew McConaughey,\" class=\"global-image\" decoding=\"async\" fetchpriority=\"low\" height=\"3667\" loading=\"lazy\" src=\"https:\/\/www.europesays.com\/es\/wp-content\/uploads\/2025\/09\/74SLHDGSSJCFZAIM3COFPPZB3Y.JPG\" width=\"5500\"\/>La madre de Matthew McConaughey, Kay, tambi\u00e9n form\u00f3 parte del reparto y se present\u00f3 junto a su familia en la funci\u00f3n de gala (REUTERS\/Mark Blinch)<\/p>\n<p class=\"paragraph\">El ganador del Oscar asegur\u00f3 que no le concedi\u00f3 la oportunidad de inmediato. \u201cNo fue suficiente para que yo dijera \u2018quiz\u00e1\u2019. Volvi\u00f3 cuatro veces m\u00e1s a preguntar y ah\u00ed s\u00ed vi que estaba haciendo un esfuerzo real\u201d, explic\u00f3 durante la presentaci\u00f3n en Toronto.<\/p>\n<p class=\"paragraph\">Ante la insistencia de Levi, <b>Matthew McConaughey<\/b> decidi\u00f3 grabar una escena para enviar al director de casting, <b>Francine Maisler<\/b>.<\/p>\n<p class=\"paragraph\">\u201cSab\u00eda que no hab\u00edan elegido a\u00fan al actor para el papel. Grabamos una escena y la envi\u00e9 a Francine. Incluso le dej\u00e9 una nota: \u2018Creo que podr\u00eda ser suficiente para que le llamen de vuelta\u2019. Ella respondi\u00f3: \u2018Creo que es lo bastante bueno como para mostr\u00e1rselo a Paul [Greengrass]\u2019\u201d, record\u00f3.<\/p>\n<p class=\"paragraph\">El actor tom\u00f3 la precauci\u00f3n de pedir a la directora de casting: \u201cCuando lo hagas, <b>\u00bfpuedes quitar el apellido para que no tenga el nombre McConaughey?<\/b>\u201d.<\/p>\n<p class=\"paragraph\">Detall\u00f3 que la profesional accedi\u00f3 a la solicitud. \u201cS\u00ed, me dijo que lo har\u00eda\u201d, afirm\u00f3 el actor. Tras la evaluaci\u00f3n, el director del filme comunic\u00f3 su decisi\u00f3n.<\/p>\n<p><img alt=\"\u201c\u00bfCrees que podr\u00eda hacer una\" class=\"global-image\" decoding=\"async\" fetchpriority=\"low\" height=\"1536\" loading=\"lazy\" src=\"https:\/\/www.europesays.com\/es\/wp-content\/uploads\/2025\/09\/MHJ65NE6BNBW5NI5RZXNF7A72A.jpg\" width=\"1920\"\/>\u201c\u00bfCrees que podr\u00eda hacer una audici\u00f3n para ese papel?\u201d, pregunt\u00f3 el hijo mayor del actor antes de que su padre grabara la escena enviada a la directora de casting (Suzanne Cordeiro\/Shutterstock)<\/p>\n<p class=\"paragraph\">\u201cLa siguiente llamada que recib\u00ed fue de Paul, quien dijo: \u2018<b>Ese es el chico, ese es el hijo<\/b>\u2019. Al saber qui\u00e9n era, su reacci\u00f3n fue: \u2018A\u00fan mejor\u2019\u201d, cont\u00f3 McConaughey.<\/p>\n<p class=\"paragraph\">El cineasta <b>Paul Greengrass<\/b> seleccion\u00f3 al joven sin conocer inicialmente su relaci\u00f3n de parentesco. \u201cToda mi familia est\u00e1 en esta pel\u00edcula gracias a este hombre\u201d, a\u00f1adi\u00f3 el actor, refiri\u00e9ndose a Greengrass.<\/p>\n<p class=\"paragraph\">Durante la misma intervenci\u00f3n, McConaughey contextualiz\u00f3 su propio proceso de involucrarse en el proyecto.<\/p>\n<p class=\"paragraph\">Seg\u00fan sus palabras recogidas por Variety, tuvo dudas iniciales sobre el guion, aunque el inter\u00e9s por colaborar con <b>Greengrass, <\/b>reconocido por su trabajo en Captain Phillips y Vuelo 93, fue determinante.<\/p>\n<p class=\"paragraph\">El papel de <b>Kevin McKay<\/b>, un conductor de autob\u00fas escolar que rescata a 22 ni\u00f1os, le permiti\u00f3 explorar el dolor y la dificultad de comunicarse con su hijo ficticio, elementos que, a su juicio, definieron la profundidad del personaje.<\/p>\n<p><img alt=\"Adem\u00e1s de Levi McConaughey, Matthew\" class=\"global-image\" decoding=\"async\" fetchpriority=\"low\" height=\"1080\" loading=\"lazy\" src=\"https:\/\/www.europesays.com\/es\/wp-content\/uploads\/2025\/09\/ZW2AFAM3KJC77ITUEHGBRAP3PA.jpg\" width=\"1920\"\/>Adem\u00e1s de Levi McConaughey, Matthew y Camila son padres de Vida y Livingston (Grosby)<\/p>\n<p class=\"paragraph\">\u201cPaul me dijo una frase que lo resumi\u00f3 todo para m\u00ed: \u2018Fui demasiado tarde como hijo y ahora llegu\u00e9 demasiado tarde como padre\u2019, y ah\u00ed lo entend\u00ed\u201d, confes\u00f3 el actor en entrevista publicada por Variety.<\/p>\n<p class=\"paragraph\">A la funci\u00f3n de gala asistieron tambi\u00e9n la madre de McConaughey, Kay, de 93 a\u00f1os, y diversas figuras del elenco, entre ellas America Ferrera, Yul Vazquez, Ashlie Atkinson y Spencer Watson. La producci\u00f3n de la pel\u00edcula estuvo a cargo de Jamie Lee Curtis.<\/p>\n<p class=\"paragraph\">El estreno de <b>The Lost Bus<\/b> implica tambi\u00e9n el regreso de <b>Matthew<\/b> <b>McConaughey<\/b> a la gran pantalla tras seis a\u00f1os alejado de los sets, periodo en el que se dedic\u00f3 a escribir un libro de memorias.<\/p>\n<p class=\"paragraph\">Consultado por Variety sobre el impacto de este par\u00e9ntesis en su carrera, sostuvo: \u201c<b>La vida real me inspira. El arte imita la vida m\u00e1s que al rev\u00e9s<\/b>. As\u00ed que el drama aut\u00e9ntico, la responsabilidad verdadera, la risa genuina, el dolor y los triunfos reales alimentan mi trabajo\u201d.<\/p>\n<p><img alt=\"El filme &quot;The Lost Bus&quot;\" class=\"global-image\" decoding=\"async\" fetchpriority=\"low\" height=\"1104\" loading=\"lazy\" src=\"https:\/\/www.europesays.com\/es\/wp-content\/uploads\/2025\/09\/6QWV2YW45REMNIONLBPN7MMMJE.jpg\" width=\"1960\"\/>El filme \u00abThe Lost Bus\u00bb est\u00e1 basado en el incendio de Paradise, California, donde un conductor y una maestra lucharon por salvar a 22 ni\u00f1os del fuego (Apple Tv+)<\/p>\n<p class=\"paragraph\"><b>The Lost Bus<\/b> se inspira en hechos reales ocurridos durante el devastador <b>Camp Fire de 2018<\/b> en la ciudad de <b>Paradise<\/b>, considerado uno de los incendios m\u00e1s mortales y destructivos en la historia de California.<\/p>\n<p class=\"paragraph\">La pel\u00edcula narra c\u00f3mo un conductor de autob\u00fas escolar interpretado por McConaughey, junto a una profesora (<b>America Ferrera<\/b>), enfrentan el avance del fuego mientras intentan salvar a 22 menores atrapados por el incendio.<\/p>\n<p class=\"paragraph\">El director <b>Paul<\/b> <b>Greengrass<\/b> se\u00f1al\u00f3 a Vanity Fair que procur\u00f3 evitar un tono pesimista en el filme: \u201cHe hecho pel\u00edculas sobre asuntos dif\u00edciles, pero siempre busco que transmitan esperanza, porque si no, \u00bfcu\u00e1l es el objetivo?\u201d.<\/p>\n","protected":false},"excerpt":{"rendered":"Matthew McConaughey y su hijo Levi posan juntos en la alfombra roja durante el estreno mundial de \u00abThe&hellip;\n","protected":false},"author":2,"featured_media":101585,"comment_status":"","ping_status":"","sticky":false,"template":"","format":"standard","meta":{"footnotes":""},"categories":[174],"tags":[231,255,5797,146,147,25,24,256,23],"class_list":{"0":"post-101584","1":"post","2":"type-post","3":"status-publish","4":"format-standard","5":"has-post-thumbnail","7":"category-famosos","8":"tag-arts","9":"tag-celebrities","10":"tag-culture","11":"tag-entertainment","12":"tag-entretenimiento","13":"tag-es","14":"tag-espana","15":"tag-famosos","16":"tag-spain"},"share_on_mastodon":{"url":"","error":""},"_links":{"self":[{"href":"https:\/\/www.europesays.com\/es\/wp-json\/wp\/v2\/posts\/101584","targetHints":{"allow":["GET"]}}],"collection":[{"href":"https:\/\/www.europesays.com\/es\/wp-json\/wp\/v2\/posts"}],"about":[{"href":"https:\/\/www.europesays.com\/es\/wp-json\/wp\/v2\/types\/post"}],"author":[{"embeddable":true,"href":"https:\/\/www.europesays.com\/es\/wp-json\/wp\/v2\/users\/2"}],"replies":[{"embeddable":true,"href":"https:\/\/www.europesays.com\/es\/wp-json\/wp\/v2\/comments?post=101584"}],"version-history":[{"count":0,"href":"https:\/\/www.europesays.com\/es\/wp-json\/wp\/v2\/posts\/101584\/revisions"}],"wp:featuredmedia":[{"embeddable":true,"href":"https:\/\/www.europesays.com\/es\/wp-json\/wp\/v2\/media\/101585"}],"wp:attachment":[{"href":"https:\/\/www.europesays.com\/es\/wp-json\/wp\/v2\/media?parent=101584"}],"wp:term":[{"taxonomy":"category","embeddable":true,"href":"https:\/\/www.europesays.com\/es\/wp-json\/wp\/v2\/categories?post=101584"},{"taxonomy":"post_tag","embeddable":true,"href":"https:\/\/www.europesays.com\/es\/wp-json\/wp\/v2\/tags?post=101584"}],"curies":[{"name":"wp","href":"https:\/\/api.w.org\/{rel}","templated":true}]}}