{"id":101586,"date":"2025-09-08T16:57:07","date_gmt":"2025-09-08T16:57:07","guid":{"rendered":"https:\/\/www.europesays.com\/es\/101586\/"},"modified":"2025-09-08T16:57:07","modified_gmt":"2025-09-08T16:57:07","slug":"el-mnac-se-opone-a-la-devolucion-de-las-pinturas-de-sijena-e-internacionaliza-el-conflicto","status":"publish","type":"post","link":"https:\/\/www.europesays.com\/es\/101586\/","title":{"rendered":"El MNAC se opone a la devoluci\u00f3n de las pinturas de Sijena e &#8216;internacionaliza&#8217; el conflicto"},"content":{"rendered":"<p>El Museu Nacional d\u2019Art de Catalunya (MNAC) ha presentado este lunes su escrito de oposici\u00f3n a la ejecuci\u00f3n de la sentencia que obliga a devolver a Arag\u00f3n las pinturas murales de Sijena. El centro <strong>insiste en que carece de capacidad t\u00e9cnica para acometer el traslado sin poner en riesgo las obras<\/strong> y ha acompa\u00f1ado su posici\u00f3n con nuevos informes de especialistas nacionales e internacionales.<\/p>\n<p>El museo subraya que el traslado de los murales plantea un \u00abriesgo de da\u00f1os irreparables\u00bb confirmado por diversos expertos, entre ellos el ICCROM, organismo intergubernamental de referencia en conservaci\u00f3n del patrimonio cultural. En un informe elaborado tras una misi\u00f3n oficial en Barcelona, esta instituci\u00f3n recomienda realizar \u00abuna evaluaci\u00f3n exhaustiva de los riesgos en base a los valores existentes antes de emprender cualquier acci\u00f3n relacionada con la reubicaci\u00f3n\u00bb.<\/p>\n<p>A esos argumentos se suma <strong>un nuevo informe de la doctora italiana Simona Sajeva<\/strong>, fechado el 1 de septiembre de 2025, que actualiza el estudio que ya present\u00f3 en 2016. Seg\u00fan sus conclusiones, el plan de retirada planteado hasta ahora \u00abignora los graves riesgos de da\u00f1ar de forma irremediable las pinturas\u00bb y resulta \u00abinviable\u00bb tanto en plazos como en la propuesta t\u00e9cnica.<\/p>\n<p>Un \u00abcronograma alternativo\u00bb de ejecuci\u00f3n<\/p>\n<p>El MNAC recalca que ha presentado el escrito dentro de los plazos procesales fijados tras el auto dictado el pasado 22 de julio. Tambi\u00e9n informa de que ya est\u00e1 en fase de cumplimiento en lo relativo a las pinturas profanas, cuyo estado de conservaci\u00f3n es distinto al de los murales rom\u00e1nicos objeto de litigio.<\/p>\n<p>En paralelo, el museo ha remitido borradores de la documentaci\u00f3n necesaria para la licitaci\u00f3n que debe gestionar el Gobierno de Arag\u00f3n, aunque advierte de que desconoce \u00abel destino y el m\u00e9todo de instalaci\u00f3n final de las pinturas, as\u00ed como las condiciones clim\u00e1ticas y de conservaci\u00f3n del lugar en el que estar\u00e1n instaladas\u00bb.<\/p>\n<p>Como parte de su estrategia, el MNAC plantea <strong>un \u00abcronograma alternativo, detallado y por fases\u00bb<\/strong> que incluye tanto las aprobaciones administrativas como los procedimientos de conservaci\u00f3n de obligado cumplimiento a nivel internacional. No obstante, insiste en su imposibilidad t\u00e9cnica de ejecutar la sentencia sin comprometer la integridad de las obras, dada \u00absu extrema fragilidad\u00bb y los da\u00f1os irreversibles que \u00abveros\u00edmilmente\u00bb podr\u00eda provocar el traslado.<\/p>\n<p>La devoluci\u00f3n de las pinturas de Sijena, reclamadas por Arag\u00f3n desde hace m\u00e1s de dos d\u00e9cadas, ha atravesado distintas fases judiciales y pol\u00edticas. El Tribunal Supremo confirm\u00f3 en mayo la obligaci\u00f3n de retorno de las piezas, una decisi\u00f3n que el MNAC y la Generalitat han considerado de cumplimiento inviable en los t\u00e9rminos fijados. En paralelo, el independentismo catal\u00e1n, con la ANC a la cabeza, ha adoptado el rechazo a la devoluci\u00f3n como una nueva causa nacional.<\/p>\n<p>PUBLICIDAD<\/p>\n","protected":false},"excerpt":{"rendered":"El Museu Nacional d\u2019Art de Catalunya (MNAC) ha presentado este lunes su escrito de oposici\u00f3n a la ejecuci\u00f3n&hellip;\n","protected":false},"author":2,"featured_media":101587,"comment_status":"","ping_status":"","sticky":false,"template":"","format":"standard","meta":{"footnotes":""},"categories":[173],"tags":[4499,229,233,231,230,1980,232,234,146,147,25,24,23],"class_list":{"0":"post-101586","1":"post","2":"type-post","3":"status-publish","4":"format-standard","5":"has-post-thumbnail","7":"category-arte-y-diseno","8":"tag-aragon","9":"tag-arte","10":"tag-arte-y-diseno","11":"tag-arts","12":"tag-arts-and-design","13":"tag-cataluna","14":"tag-design","15":"tag-diseno","16":"tag-entertainment","17":"tag-entretenimiento","18":"tag-es","19":"tag-espana","20":"tag-spain"},"share_on_mastodon":{"url":"","error":""},"_links":{"self":[{"href":"https:\/\/www.europesays.com\/es\/wp-json\/wp\/v2\/posts\/101586","targetHints":{"allow":["GET"]}}],"collection":[{"href":"https:\/\/www.europesays.com\/es\/wp-json\/wp\/v2\/posts"}],"about":[{"href":"https:\/\/www.europesays.com\/es\/wp-json\/wp\/v2\/types\/post"}],"author":[{"embeddable":true,"href":"https:\/\/www.europesays.com\/es\/wp-json\/wp\/v2\/users\/2"}],"replies":[{"embeddable":true,"href":"https:\/\/www.europesays.com\/es\/wp-json\/wp\/v2\/comments?post=101586"}],"version-history":[{"count":0,"href":"https:\/\/www.europesays.com\/es\/wp-json\/wp\/v2\/posts\/101586\/revisions"}],"wp:featuredmedia":[{"embeddable":true,"href":"https:\/\/www.europesays.com\/es\/wp-json\/wp\/v2\/media\/101587"}],"wp:attachment":[{"href":"https:\/\/www.europesays.com\/es\/wp-json\/wp\/v2\/media?parent=101586"}],"wp:term":[{"taxonomy":"category","embeddable":true,"href":"https:\/\/www.europesays.com\/es\/wp-json\/wp\/v2\/categories?post=101586"},{"taxonomy":"post_tag","embeddable":true,"href":"https:\/\/www.europesays.com\/es\/wp-json\/wp\/v2\/tags?post=101586"}],"curies":[{"name":"wp","href":"https:\/\/api.w.org\/{rel}","templated":true}]}}